{"id":3351,"date":"2023-06-22T21:22:06","date_gmt":"2023-06-22T21:22:06","guid":{"rendered":"https:\/\/cartagenaaldia.com\/?p=3351"},"modified":"2023-06-22T21:22:07","modified_gmt":"2023-06-22T21:22:07","slug":"las-cuatro-perspectivas-de-la-diversidad-humana","status":"publish","type":"post","link":"https:\/\/cartagenaaldia.com\/index.php\/2023\/06\/22\/las-cuatro-perspectivas-de-la-diversidad-humana\/","title":{"rendered":"Las cuatro perspectivas de la diversidad humana"},"content":{"rendered":"\n<h5 class=\"wp-block-heading\">La diversidad es una caracter\u00edstica innata al ser vivo y ante la necesidad de reconocimiento que tiene el ser humano Felipe C\u00e1rdenas de la C\u00e1mara de la Diversidad nos explica brevemente las cuatro perspectivas de g\u00e9nero para respetar las diferencias.<\/h5>\n\n\n\n<p>En la celebracion del Orgullo, tambi\u00e9n conocido el &#8220;\u2018Pride&#8221;, fecha en la cual las comunidades LGTBIQ+ del mundo se unen para destacar la libertad de identidad. Colombia no es ajena a esta celebraci\u00f3n y distintas organizaciones, tanto p\u00fablicas como privadas, reconocen la singularidad y diferencias de cada individuo.<\/p>\n\n\n\n<p>Felipe C\u00e1rdenas, presidente de la C\u00e1mara de la Diversidad de Colombia, quien tiene m\u00e1s de diez a\u00f1os de experiencia en la direcci\u00f3n de proyectos y asociaciones para esta comunidad.<\/p>\n\n\n\n<p>\u201cDesde la C\u00e1mara de la Diversidad hacemos una invitaci\u00f3n a entender y conocer a profundidad lo que significan las cuatro perspectivas de la sexualidad humana, muy pocas veces hemos tenido la oportunidad de aprender sobre estas tem\u00e1ticas en la casa, en el colegio, en la universidad y mucho m\u00e1s dif\u00edcil en los entornos empresariales o laborales (\u2026) cuando entendemos las cuatro perspectivas entendemos las diferencias entre el sexo biol\u00f3gico, la expresi\u00f3n de g\u00e9nero, la identidad de g\u00e9nero y la orientaci\u00f3n sexual\u201d, destac\u00f3 Juan Felipe C\u00e1rdenas.<\/p>\n\n\n\n<p>El presidente de la C\u00e1mara de la Diversidad tambi\u00e9n destac\u00f3 la importancia que tiene para las organizaciones, p\u00fablicas o privadas, reconocer la diversidad y ligarla con procesos de productividad laboral ya que \u201cuna persona respetada y bien trata en un entorno laboral eleva su rendimiento porque siente que pertenece a un lugar donde quiere estar, donde valoran su diferencia. Adicional a eso ligamos un concepto de retenci\u00f3n de talento, la gente cuando es bienvenida se quiere quedar donde est\u00e1, no se quiere ir a otro lugar, est\u00e1 c\u00f3moda porque entiende que la respetan y la valoran por sus capacidades\u201d.<\/p>\n","protected":false},"excerpt":{"rendered":"<p>La diversidad es una caracter\u00edstica innata al ser vivo y ante la necesidad de reconocimiento que tiene el ser humano Felipe C\u00e1rdenas de la C\u00e1mara de la Diversidad nos explica brevemente las cuatro perspectivas de g\u00e9nero para respetar las diferencias.<\/p>\n","protected":false},"author":2,"featured_media":3352,"comment_status":"closed","ping_status":"closed","sticky":false,"template":"","format":"standard","meta":{"om_disable_all_campaigns":false,"_monsterinsights_skip_tracking":false,"_monsterinsights_sitenote_active":false,"_monsterinsights_sitenote_note":"","_monsterinsights_sitenote_category":0,"footnotes":""},"categories":[110,115,107,112,102,105],"tags":[227,226],"class_list":["post-3351","post","type-post","status-publish","format-standard","has-post-thumbnail","hentry","category-bolivar","category-colombia","category-cultura","category-educacion","category-generales","category-politica","tag-camara-diversidad-colombiana","tag-lgtbq"],"_links":{"self":[{"href":"https:\/\/cartagenaaldia.com\/index.php\/wp-json\/wp\/v2\/posts\/3351","targetHints":{"allow":["GET"]}}],"collection":[{"href":"https:\/\/cartagenaaldia.com\/index.php\/wp-json\/wp\/v2\/posts"}],"about":[{"href":"https:\/\/cartagenaaldia.com\/index.php\/wp-json\/wp\/v2\/types\/post"}],"author":[{"embeddable":true,"href":"https:\/\/cartagenaaldia.com\/index.php\/wp-json\/wp\/v2\/users\/2"}],"replies":[{"embeddable":true,"href":"https:\/\/cartagenaaldia.com\/index.php\/wp-json\/wp\/v2\/comments?post=3351"}],"version-history":[{"count":1,"href":"https:\/\/cartagenaaldia.com\/index.php\/wp-json\/wp\/v2\/posts\/3351\/revisions"}],"predecessor-version":[{"id":3353,"href":"https:\/\/cartagenaaldia.com\/index.php\/wp-json\/wp\/v2\/posts\/3351\/revisions\/3353"}],"wp:featuredmedia":[{"embeddable":true,"href":"https:\/\/cartagenaaldia.com\/index.php\/wp-json\/wp\/v2\/media\/3352"}],"wp:attachment":[{"href":"https:\/\/cartagenaaldia.com\/index.php\/wp-json\/wp\/v2\/media?parent=3351"}],"wp:term":[{"taxonomy":"category","embeddable":true,"href":"https:\/\/cartagenaaldia.com\/index.php\/wp-json\/wp\/v2\/categories?post=3351"},{"taxonomy":"post_tag","embeddable":true,"href":"https:\/\/cartagenaaldia.com\/index.php\/wp-json\/wp\/v2\/tags?post=3351"}],"curies":[{"name":"wp","href":"https:\/\/api.w.org\/{rel}","templated":true}]}}