{"id":3311,"date":"2023-06-16T05:46:08","date_gmt":"2023-06-16T05:46:08","guid":{"rendered":"https:\/\/cartagenaaldia.com\/?p=3311"},"modified":"2023-06-16T05:46:08","modified_gmt":"2023-06-16T05:46:08","slug":"afinia-por-la-transformacion-del-servicio-de-energia-e-bolivar","status":"publish","type":"post","link":"https:\/\/cartagenaaldia.com\/index.php\/2023\/06\/16\/afinia-por-la-transformacion-del-servicio-de-energia-e-bolivar\/","title":{"rendered":"Afinia por la transformacion del servicio  de energ\u00eda e Bol\u00edvar"},"content":{"rendered":"\n<h5 class=\"wp-block-heading\">Afinia brinda a susvclientes un servicio con mayor continuidad, estabilidad y confiabilidad.  <\/h5>\n\n\n\n<p>Sala Redacci\u00f3n.  &#8211;  Javier Lastra Fuscaldo, gerente general de Afinia, filial del Grupo EPM, particip\u00f3 en el XXV Congreso Andesco, en la ciudad de Cartagena, escenario donde record\u00f3 las transiciones que desde hace dos d\u00e9cadas ha tenido el servicio de energ\u00eda en la regi\u00f3n Caribe y los aportes que la compa\u00f1\u00eda est\u00e1 haciendo a trav\u00e9s de un robusto plan de inversiones que hoy permiten brindar a los clientes un servicio con mayor continuidad, estabilidad y confiabilidad.   <\/p>\n\n\n\n<p>Todas estas inversiones han dado lugar a que el servicio mejore y a que las horas de interrupci\u00f3n del servicio que en el 2019 estaban en 112 horas al a\u00f1o en promedio por cliente, en el 2022 cerraran en 74 horas. Estos avances han sido muy importantes, a los que se suma el tema de reducci\u00f3n y control de p\u00e9rdidas, que de 27% se redujo hoy a 26%. <\/p>\n\n\n\n<p>Lastra Fuscaldo destac\u00f3 varios retos que se deben afrontar en la regi\u00f3n para prestar un mejor servicio de energ\u00eda, como es el consumo, dado a que en la costa es much\u00edsimo mayor al resto del pa\u00eds, lo cual tiene un fuerte impacto sobre el salario m\u00ednimo. <\/p>\n\n\n\n<p>La opci\u00f3n tarifaria y la pobreza son aspectos importantes para resolver. \u201cEl mayor porcentaje de nuestro mercado se encuentra en los estratos 1 y 2, en la costa hay altos niveles de desempleo y una gran incidencia de la pobreza. <\/p>\n\n\n\n<p>A trav\u00e9s de encuestas que hemos realizado encontramos que estas familias eligen alimentarse y no pagar el servicio de energ\u00eda\u201d, manifest\u00f3, Lastra Fuscaldo  Otro reto es el fen\u00f3meno de El Ni\u00f1o, dado a que este impacta los precios del kilovatio, que se incrementa y aumenta la tarifa. <\/p>\n\n\n\n<p>La transici\u00f3n energ\u00e9tica es otro desaf\u00edo, utilizar energ\u00edas limpias, que van de la mano de la necesidad de tener una infraestructura el\u00e9ctrica moderna y, para lo cual, se deben realizar inversiones. <\/p>\n\n\n\n<p>El Gerente General apunt\u00f3 que \u201cesta nueva apuesta debe contar con el apoyo de todos: Gobierno, Congreso, autoridad reguladora, comunidades, usuarios y, por supuesto, de todos los actores del sistema el\u00e9ctrico nacional\u201d.<\/p>\n","protected":false},"excerpt":{"rendered":"<p>Afinia brinda a susvclientes un servicio con mayor continuidad, estabilidad y confiabilidad.  <\/p>\n","protected":false},"author":2,"featured_media":3312,"comment_status":"closed","ping_status":"closed","sticky":false,"template":"","format":"standard","meta":{"om_disable_all_campaigns":false,"_monsterinsights_skip_tracking":false,"_monsterinsights_sitenote_active":false,"_monsterinsights_sitenote_note":"","_monsterinsights_sitenote_category":0,"footnotes":""},"categories":[110,103,102],"tags":[218,217],"class_list":["post-3311","post","type-post","status-publish","format-standard","has-post-thumbnail","hentry","category-bolivar","category-economia","category-generales","tag-adesco","tag-afinia"],"_links":{"self":[{"href":"https:\/\/cartagenaaldia.com\/index.php\/wp-json\/wp\/v2\/posts\/3311","targetHints":{"allow":["GET"]}}],"collection":[{"href":"https:\/\/cartagenaaldia.com\/index.php\/wp-json\/wp\/v2\/posts"}],"about":[{"href":"https:\/\/cartagenaaldia.com\/index.php\/wp-json\/wp\/v2\/types\/post"}],"author":[{"embeddable":true,"href":"https:\/\/cartagenaaldia.com\/index.php\/wp-json\/wp\/v2\/users\/2"}],"replies":[{"embeddable":true,"href":"https:\/\/cartagenaaldia.com\/index.php\/wp-json\/wp\/v2\/comments?post=3311"}],"version-history":[{"count":1,"href":"https:\/\/cartagenaaldia.com\/index.php\/wp-json\/wp\/v2\/posts\/3311\/revisions"}],"predecessor-version":[{"id":3313,"href":"https:\/\/cartagenaaldia.com\/index.php\/wp-json\/wp\/v2\/posts\/3311\/revisions\/3313"}],"wp:featuredmedia":[{"embeddable":true,"href":"https:\/\/cartagenaaldia.com\/index.php\/wp-json\/wp\/v2\/media\/3312"}],"wp:attachment":[{"href":"https:\/\/cartagenaaldia.com\/index.php\/wp-json\/wp\/v2\/media?parent=3311"}],"wp:term":[{"taxonomy":"category","embeddable":true,"href":"https:\/\/cartagenaaldia.com\/index.php\/wp-json\/wp\/v2\/categories?post=3311"},{"taxonomy":"post_tag","embeddable":true,"href":"https:\/\/cartagenaaldia.com\/index.php\/wp-json\/wp\/v2\/tags?post=3311"}],"curies":[{"name":"wp","href":"https:\/\/api.w.org\/{rel}","templated":true}]}}