{"id":3295,"date":"2023-06-15T16:20:34","date_gmt":"2023-06-15T16:20:34","guid":{"rendered":"https:\/\/cartagenaaldia.com\/?p=3295"},"modified":"2023-06-15T16:22:17","modified_gmt":"2023-06-15T16:22:17","slug":"duro-golpe-a-estructura-criminal-la-heroica","status":"publish","type":"post","link":"https:\/\/cartagenaaldia.com\/index.php\/2023\/06\/15\/duro-golpe-a-estructura-criminal-la-heroica\/","title":{"rendered":"Duro golpe a estructura criminal \u201cLa Heroica\u201d"},"content":{"rendered":"\t\t<div data-elementor-type=\"wp-post\" data-elementor-id=\"3295\" class=\"elementor elementor-3295\" data-elementor-post-type=\"post\">\n\t\t\t\t\t\t<section class=\"elementor-section elementor-top-section elementor-element elementor-element-21a79e6a elementor-section-boxed elementor-section-height-default elementor-section-height-default\" data-id=\"21a79e6a\" data-element_type=\"section\" data-e-type=\"section\">\n\t\t\t\t\t\t<div class=\"elementor-container elementor-column-gap-default\">\n\t\t\t\t\t<div class=\"elementor-column elementor-col-100 elementor-top-column elementor-element elementor-element-73befe15\" data-id=\"73befe15\" data-element_type=\"column\" data-e-type=\"column\">\n\t\t\t<div class=\"elementor-widget-wrap elementor-element-populated\">\n\t\t\t\t\t\t<div class=\"elementor-element elementor-element-74f49634 elementor-widget elementor-widget-text-editor\" data-id=\"74f49634\" data-element_type=\"widget\" data-e-type=\"widget\" data-widget_type=\"text-editor.default\">\n\t\t\t\t<div class=\"elementor-widget-container\">\n\t\t\t\t\t\t\t\t\t\n<h5 class=\"wp-block-heading\"><strong>El operativo fue desarrollado en el barrio San Pedro, donde fueron capturados cinco integrantes de esta la banda delincuencial, que expend\u00eda m\u00e1s de 2.800 dosis de estupefacientes mensualmente.<\/strong><\/h5>\n\t\t\t\t\t\t\t\t<\/div>\n\t\t\t\t<\/div>\n\t\t\t\t\t<\/div>\n\t\t<\/div>\n\t\t\t\t\t<\/div>\n\t\t<\/section>\n\t\t\t\t<section class=\"elementor-section elementor-top-section elementor-element elementor-element-436d10d elementor-section-boxed elementor-section-height-default elementor-section-height-default\" data-id=\"436d10d\" data-element_type=\"section\" data-e-type=\"section\">\n\t\t\t\t\t\t<div class=\"elementor-container elementor-column-gap-default\">\n\t\t\t\t\t<div class=\"elementor-column elementor-col-50 elementor-top-column elementor-element elementor-element-49662e8\" data-id=\"49662e8\" data-element_type=\"column\" data-e-type=\"column\">\n\t\t\t<div class=\"elementor-widget-wrap elementor-element-populated\">\n\t\t\t\t\t\t<div class=\"elementor-element elementor-element-47dd84c elementor-widget elementor-widget-text-editor\" data-id=\"47dd84c\" data-element_type=\"widget\" data-e-type=\"widget\" data-widget_type=\"text-editor.default\">\n\t\t\t\t<div class=\"elementor-widget-container\">\n\t\t\t\t\t\t\t\t\t<p><strong>Sala Redacci\u00f3n &#8211;<\/strong> Un nuevo golpe contra la estructura multicrimen \u201cLa Heroica\u201d, vinculada en el tr\u00e1fico de estupefacientes, al mando de alias \u201cPaty Paty\u201d, fue propinado por la Seccional de Investigaci\u00f3n Criminal e Interpol en Cartagena capturando a cinco de sus integrantes, quienes ten\u00edan un punto fijo de expendio de estupefacientes.<\/p>\n<p>Luego del despliegue en diligencia de registro y allanamiento, en una residencia ubicada en el barrio San Pedro, fueron capturadas cinco personas, por los delitos de tr\u00e1fico de sustancias estupefacientes y porte ilegal de armas de fuego.<\/p>\n<p>\u00a0<\/p>\t\t\t\t\t\t\t\t<\/div>\n\t\t\t\t<\/div>\n\t\t\t\t\t<\/div>\n\t\t<\/div>\n\t\t\t\t<div class=\"elementor-column elementor-col-50 elementor-top-column elementor-element elementor-element-d1320b8\" data-id=\"d1320b8\" data-element_type=\"column\" data-e-type=\"column\">\n\t\t\t<div class=\"elementor-widget-wrap elementor-element-populated\">\n\t\t\t\t\t\t<div class=\"elementor-element elementor-element-59ec36b elementor-widget elementor-widget-image\" data-id=\"59ec36b\" data-element_type=\"widget\" data-e-type=\"widget\" data-widget_type=\"image.default\">\n\t\t\t\t<div class=\"elementor-widget-container\">\n\t\t\t\t\t\t\t\t\t\t\t\t\t\t\t<img fetchpriority=\"high\" decoding=\"async\" width=\"1024\" height=\"768\" src=\"https:\/\/cartagenaaldia.com\/wp-content\/uploads\/2023\/06\/Duro-golpe-a-estructura-criminal-La-Heroica-1024x768.jpeg\" class=\"attachment-large size-large wp-image-3298\" alt=\"\" \/>\t\t\t\t\t\t\t\t\t\t\t\t\t\t\t<\/div>\n\t\t\t\t<\/div>\n\t\t\t\t\t<\/div>\n\t\t<\/div>\n\t\t\t\t\t<\/div>\n\t\t<\/section>\n\t\t\t\t<section class=\"elementor-section elementor-top-section elementor-element elementor-element-7e53f30 elementor-section-boxed elementor-section-height-default elementor-section-height-default\" data-id=\"7e53f30\" data-element_type=\"section\" data-e-type=\"section\">\n\t\t\t\t\t\t<div class=\"elementor-container elementor-column-gap-default\">\n\t\t\t\t\t<div class=\"elementor-column elementor-col-100 elementor-top-column elementor-element elementor-element-1db2ffc\" data-id=\"1db2ffc\" data-element_type=\"column\" data-e-type=\"column\">\n\t\t\t<div class=\"elementor-widget-wrap elementor-element-populated\">\n\t\t\t\t\t\t<div class=\"elementor-element elementor-element-03328b6 elementor-widget elementor-widget-text-editor\" data-id=\"03328b6\" data-element_type=\"widget\" data-e-type=\"widget\" data-widget_type=\"text-editor.default\">\n\t\t\t\t<div class=\"elementor-widget-container\">\n\t\t\t\t\t\t\t\t\t<p>En el lugar se encontraron, una pistola marca Glock, seis cartuchos calibre 45mm, 34 cartuchos calibre 3.80, 100 pastillas de \u00e9xtasis, 750 dosis de marihuana, 20\u00a0 dosis de coca\u00edna, 10 dosis de Tucibi (2CB), una gramera, una motocicleta, un veh\u00edculo y m\u00e1s de 200 empaques de bolsas pl\u00e1sticas para dosificar la droga.<\/p>\n<p>Entre los capturados figuran cuatro del interior del pa\u00eds y un venezolano, con antecedentes por tr\u00e1fico de estupefacientes, quienes ser\u00edan presuntos responsables del expendio de las sustancias alucin\u00f3genas, en inmediaciones de entornos escolares, logrando erradicar este punto fijo de expendio.<\/p>\n<p>Cabe destacar, que esta banda delincuencial, al servicio de la organizaci\u00f3n multicriminal La Heroica y al mando de alias \u201cPaty Paty\u201d, quien se encuentra recluido en la c\u00e1rcel La Picota, expend\u00edan mensualmente 2800 dosis de estupefacientes, facturando aproximadamente 210 millones de pesos al mes, producto de esta renta criminal.<\/p>\n<p>Los capturados fueron puestos a disposici\u00f3n de la Fiscal\u00eda General de la Naci\u00f3n, por los delitos de tr\u00e1fico de estupefacientes y porte ilegal de armas de fuego, a espera que un juez con funci\u00f3n de control de garant\u00edas defina su situaci\u00f3n judicial.<\/p>\t\t\t\t\t\t\t\t<\/div>\n\t\t\t\t<\/div>\n\t\t\t\t\t<\/div>\n\t\t<\/div>\n\t\t\t\t\t<\/div>\n\t\t<\/section>\n\t\t\t\t<\/div>\n\t\t","protected":false},"excerpt":{"rendered":"<p>El operativo fue desarrollado en el barrio San Pedro, donde fueron capturados cinco integrantes de esta la banda delincuencial, que expend\u00eda m\u00e1s de 2.800 dosis de estupefacientes mensualmente.<\/p>\n","protected":false},"author":2,"featured_media":3296,"comment_status":"closed","ping_status":"closed","sticky":false,"template":"","format":"standard","meta":{"om_disable_all_campaigns":false,"_monsterinsights_skip_tracking":false,"_monsterinsights_sitenote_active":false,"_monsterinsights_sitenote_note":"","_monsterinsights_sitenote_category":0,"footnotes":""},"categories":[110,115,103,102,111],"tags":[216,192],"class_list":["post-3295","post","type-post","status-publish","format-standard","has-post-thumbnail","hentry","category-bolivar","category-colombia","category-economia","category-generales","category-justicia","tag-policia-nacional","tag-polmecar"],"_links":{"self":[{"href":"https:\/\/cartagenaaldia.com\/index.php\/wp-json\/wp\/v2\/posts\/3295","targetHints":{"allow":["GET"]}}],"collection":[{"href":"https:\/\/cartagenaaldia.com\/index.php\/wp-json\/wp\/v2\/posts"}],"about":[{"href":"https:\/\/cartagenaaldia.com\/index.php\/wp-json\/wp\/v2\/types\/post"}],"author":[{"embeddable":true,"href":"https:\/\/cartagenaaldia.com\/index.php\/wp-json\/wp\/v2\/users\/2"}],"replies":[{"embeddable":true,"href":"https:\/\/cartagenaaldia.com\/index.php\/wp-json\/wp\/v2\/comments?post=3295"}],"version-history":[{"count":4,"href":"https:\/\/cartagenaaldia.com\/index.php\/wp-json\/wp\/v2\/posts\/3295\/revisions"}],"predecessor-version":[{"id":3301,"href":"https:\/\/cartagenaaldia.com\/index.php\/wp-json\/wp\/v2\/posts\/3295\/revisions\/3301"}],"wp:featuredmedia":[{"embeddable":true,"href":"https:\/\/cartagenaaldia.com\/index.php\/wp-json\/wp\/v2\/media\/3296"}],"wp:attachment":[{"href":"https:\/\/cartagenaaldia.com\/index.php\/wp-json\/wp\/v2\/media?parent=3295"}],"wp:term":[{"taxonomy":"category","embeddable":true,"href":"https:\/\/cartagenaaldia.com\/index.php\/wp-json\/wp\/v2\/categories?post=3295"},{"taxonomy":"post_tag","embeddable":true,"href":"https:\/\/cartagenaaldia.com\/index.php\/wp-json\/wp\/v2\/tags?post=3295"}],"curies":[{"name":"wp","href":"https:\/\/api.w.org\/{rel}","templated":true}]}}