{"id":3212,"date":"2023-06-10T16:40:43","date_gmt":"2023-06-10T16:40:43","guid":{"rendered":"https:\/\/cartagenaaldia.com\/?p=3212"},"modified":"2023-06-10T16:40:49","modified_gmt":"2023-06-10T16:40:49","slug":"nuevo-liberalismo-con-todo-por-alcaldia-de-arjona","status":"publish","type":"post","link":"https:\/\/cartagenaaldia.com\/index.php\/2023\/06\/10\/nuevo-liberalismo-con-todo-por-alcaldia-de-arjona\/","title":{"rendered":"Nuevo Liberalismo con todo por Alcald\u00eda de Arjona"},"content":{"rendered":"\n<h5 class=\"wp-block-heading\">Leonel Guardo, precandidato a la Alcald\u00eda de Arjona por el Nuevo Liberalismo<\/h5>\n\n\n\n<p>El precandidato a la Alcald\u00eda de Arjona, Leonel Guardo, recibi\u00f3 las banderas del respaldo del Nuevo Liberalismo en un acto significativo. <\/p>\n\n\n\n<p>Fejed Al\u00ed Badr\u00e1n, director departamental del partido, entreg\u00f3 personalmente las banderas al joven aspirante, destacando su independencia y compromiso con la recuperaci\u00f3n de Arjona para su comunidad.<\/p>\n\n\n\n<p>Leonel Guardo, recibir\u00e1 el aval el pr\u00f3ximo 29 de junio debido a su condici\u00f3n de joven independiente y a su misi\u00f3n de devolver la confianza a los arjoneros.<\/p>\n\n\n\n<p>Guardo, es un destacado ingeniero qu\u00edmico, con maestr\u00eda en Ingenier\u00eda Ambiental, y m\u00e1s de 20 a\u00f1os de experiencia en los sectores p\u00fablico y privado, asumi\u00f3 el desaf\u00edo de postularse como candidato en las pr\u00f3ximas elecciones locales, con el objetivo de restaurar la confianza en las instituciones.<\/p>\n\n\n\n<p>&#8220;Arjona necesita un l\u00edder capaz. Este municipio requiere desarrollo, y eso solo se logra trabajando de la mano con la comunidad.&#8221;, agreg\u00f3 Guardo.<\/p>\n","protected":false},"excerpt":{"rendered":"<p>Leonel Guardo, precandidato a la Alcald\u00eda de Arjona por el Nuevo Liberalismo<\/p>\n","protected":false},"author":2,"featured_media":3213,"comment_status":"closed","ping_status":"closed","sticky":false,"template":"","format":"standard","meta":{"om_disable_all_campaigns":false,"_monsterinsights_skip_tracking":false,"_monsterinsights_sitenote_active":false,"_monsterinsights_sitenote_note":"","_monsterinsights_sitenote_category":0,"footnotes":""},"categories":[110,102,105],"tags":[203,204,202],"class_list":["post-3212","post","type-post","status-publish","format-standard","has-post-thumbnail","hentry","category-bolivar","category-generales","category-politica","tag-fejed-ali-badran","tag-leonel-guardo","tag-nuevo-liberalismo"],"_links":{"self":[{"href":"https:\/\/cartagenaaldia.com\/index.php\/wp-json\/wp\/v2\/posts\/3212","targetHints":{"allow":["GET"]}}],"collection":[{"href":"https:\/\/cartagenaaldia.com\/index.php\/wp-json\/wp\/v2\/posts"}],"about":[{"href":"https:\/\/cartagenaaldia.com\/index.php\/wp-json\/wp\/v2\/types\/post"}],"author":[{"embeddable":true,"href":"https:\/\/cartagenaaldia.com\/index.php\/wp-json\/wp\/v2\/users\/2"}],"replies":[{"embeddable":true,"href":"https:\/\/cartagenaaldia.com\/index.php\/wp-json\/wp\/v2\/comments?post=3212"}],"version-history":[{"count":1,"href":"https:\/\/cartagenaaldia.com\/index.php\/wp-json\/wp\/v2\/posts\/3212\/revisions"}],"predecessor-version":[{"id":3214,"href":"https:\/\/cartagenaaldia.com\/index.php\/wp-json\/wp\/v2\/posts\/3212\/revisions\/3214"}],"wp:featuredmedia":[{"embeddable":true,"href":"https:\/\/cartagenaaldia.com\/index.php\/wp-json\/wp\/v2\/media\/3213"}],"wp:attachment":[{"href":"https:\/\/cartagenaaldia.com\/index.php\/wp-json\/wp\/v2\/media?parent=3212"}],"wp:term":[{"taxonomy":"category","embeddable":true,"href":"https:\/\/cartagenaaldia.com\/index.php\/wp-json\/wp\/v2\/categories?post=3212"},{"taxonomy":"post_tag","embeddable":true,"href":"https:\/\/cartagenaaldia.com\/index.php\/wp-json\/wp\/v2\/tags?post=3212"}],"curies":[{"name":"wp","href":"https:\/\/api.w.org\/{rel}","templated":true}]}}