{"id":3145,"date":"2023-06-09T15:12:16","date_gmt":"2023-06-09T15:12:16","guid":{"rendered":"https:\/\/cartagenaaldia.com\/?p=3145"},"modified":"2023-06-09T15:12:51","modified_gmt":"2023-06-09T15:12:51","slug":"homenaje-a-bartolo-gaviria","status":"publish","type":"post","link":"https:\/\/cartagenaaldia.com\/index.php\/2023\/06\/09\/homenaje-a-bartolo-gaviria\/","title":{"rendered":"Homenaje a \u201cBartolo\u201d Gaviria"},"content":{"rendered":"\t\t<div data-elementor-type=\"wp-post\" data-elementor-id=\"3145\" class=\"elementor elementor-3145\" data-elementor-post-type=\"post\">\n\t\t\t\t\t\t<section class=\"elementor-section elementor-top-section elementor-element elementor-element-37cef4c7 elementor-section-boxed elementor-section-height-default elementor-section-height-default\" data-id=\"37cef4c7\" data-element_type=\"section\" data-e-type=\"section\">\n\t\t\t\t\t\t<div class=\"elementor-container elementor-column-gap-default\">\n\t\t\t\t\t<div class=\"elementor-column elementor-col-100 elementor-top-column elementor-element elementor-element-c0c20fc\" data-id=\"c0c20fc\" data-element_type=\"column\" data-e-type=\"column\">\n\t\t\t<div class=\"elementor-widget-wrap elementor-element-populated\">\n\t\t\t\t\t\t<div class=\"elementor-element elementor-element-4ea8b5ae elementor-widget elementor-widget-text-editor\" data-id=\"4ea8b5ae\" data-element_type=\"widget\" data-e-type=\"widget\" data-widget_type=\"text-editor.default\">\n\t\t\t\t<div class=\"elementor-widget-container\">\n\t\t\t\t\t\t\t\t\t\n<h5 class=\"wp-block-heading\"><strong>La Familia \u201cPortuaria\u201d convocada para realizar un homenaje a \u201cBartolo\u201d Gaviria icono de la lucha sindical, un guerrero del b\u00e9isbol, un inmortal.<\/strong><\/h5>\n\t\t\t\t\t\t\t\t<\/div>\n\t\t\t\t<\/div>\n\t\t\t\t\t<\/div>\n\t\t<\/div>\n\t\t\t\t\t<\/div>\n\t\t<\/section>\n\t\t\t\t<section class=\"elementor-section elementor-top-section elementor-element elementor-element-c521f39 elementor-section-boxed elementor-section-height-default elementor-section-height-default\" data-id=\"c521f39\" data-element_type=\"section\" data-e-type=\"section\">\n\t\t\t\t\t\t<div class=\"elementor-container elementor-column-gap-default\">\n\t\t\t\t\t<div class=\"elementor-column elementor-col-100 elementor-top-column elementor-element elementor-element-327a9b5\" data-id=\"327a9b5\" data-element_type=\"column\" data-e-type=\"column\">\n\t\t\t<div class=\"elementor-widget-wrap elementor-element-populated\">\n\t\t\t\t\t\t<div class=\"elementor-element elementor-element-ff843d9 elementor-widget elementor-widget-text-editor\" data-id=\"ff843d9\" data-element_type=\"widget\" data-e-type=\"widget\" data-widget_type=\"text-editor.default\">\n\t\t\t\t<div class=\"elementor-widget-container\">\n\t\t\t\t\t\t\t\t\t<p><strong>Sala Redacci\u00f3n. &#8211;<\/strong> Como en los viejos tiempos, de la \u00e9poca dorada de la empresa, la familia \u201cPortuaria\u201d de Cartagena, se reunir\u00e1 para hacerle un homenaje de despedida a un icono de la lucha sindical, un guerrero del b\u00e9isbol, un inmortal: Luis Carlos Gaviria Lucas.<\/p>\n<p>Esos aplausos y arengas en los juegos de la pelota caliente apoyando a su equipo del alma, bati\u00e9ndose en forma pac\u00edfica con los fan\u00e1ticos de las otras divisas, se escuchar\u00e1n nuevamente en el templo del b\u00e9isbol colombiano.<\/p>\n<p>El estadio \u201cOnce de Noviembre\u201d fue la segunda casa del gigante con alma de ni\u00f1o, en ese escenario represent\u00f3 con orgullo al \u201cMuelle\u201d, a Bol\u00edvar y a Colombia, siempre dando lo mejor de s\u00ed para salir adelante.<\/p>\n<p>Como lo se\u00f1al\u00f3 visiblemente emocionado el l\u00edder Anselmo G\u00f3mez: \u201cLuis Carlos Gaviria Lucas fue un buen padre, un buen hijo y un compa\u00f1ero de toda la vida, que lucho por las reivindicaciones, el mejor homenaje que le podemos brindar es querernos como hermanos, no olvidando sus ense\u00f1anzas y legado\u201d.<\/p>\n<p>La convocatoria es liderada por Dagoberto Cavadia, actual Presidente de la Liga de B\u00e9isbol de Bol\u00edvar, su compa\u00f1ero en el recordado equipo \u201cColpuertos\u201d, en las selecciones de Bol\u00edvar, Colombia y en el movimiento sindical.<\/p>\n<p>El sencillo pero significativo reconocimiento hace parte de los actos inaugurales de la temporada 2023 en todas las categor\u00edas de la Liga de B\u00e9isbol de Bol\u00edvar, la entidad m\u00e1s a\u00f1eja del deporte colombiano.<\/p>\n<p>Volver\u00e1n a sonar los aplausos con un contraste, con una rara alegr\u00eda triste, melanc\u00f3licos por su partida, pero cargados de emoci\u00f3n por su legado, su paso por el mundo terrenal dejando una impronta, la cita es a las 4:00 PM en el escenario emblem\u00e1tico de Cartagena.<\/p>\n<p>Los h\u00e9roes como Luis Carlos Gaviria Lucas nunca mueren, permanecen por siempre en el coraz\u00f3n y en la memoria colectiva de la gran familia del b\u00e9isbol colombiano, la diana sonar\u00e1, el mensaje llegar\u00e1 al estadio del cielo.<\/p>\n<p>Con Abel Leal, Humberto Bayuelo, Carlos Vel\u00e1squez, Pompeyo Llamas, Daniel Blanco, Oscar Luis G\u00f3mez, Jos\u00e9 Miguel Corpas, Tomas Moreno, Erasmo Marim\u00f3n, Armando Llerena, Wilfrido Buend\u00eda, Nelson Blanco, Jos\u00e9 Ram\u00f3n Due\u00f1as y Remberto Cuadro, entre otros h\u00e9roes, seguir\u00e1n batallando para que Bol\u00edvar siga siendo el primero en el b\u00e9isbol colombiano.\u00a0<\/p>\t\t\t\t\t\t\t\t<\/div>\n\t\t\t\t<\/div>\n\t\t\t\t\t<\/div>\n\t\t<\/div>\n\t\t\t\t\t<\/div>\n\t\t<\/section>\n\t\t\t\t<\/div>\n\t\t","protected":false},"excerpt":{"rendered":"<p>La Familia \u201cPortuaria\u201d convocada para realizar un homenaje a \u201cBartolo\u201d Gaviria icono de la lucha sindical, un guerrero del b\u00e9isbol, un inmortal.<\/p>\n","protected":false},"author":2,"featured_media":3146,"comment_status":"closed","ping_status":"closed","sticky":false,"template":"","format":"standard","meta":{"om_disable_all_campaigns":false,"_monsterinsights_skip_tracking":false,"_monsterinsights_sitenote_active":false,"_monsterinsights_sitenote_note":"","_monsterinsights_sitenote_category":0,"footnotes":""},"categories":[110,106,102],"tags":[],"class_list":["post-3145","post","type-post","status-publish","format-standard","has-post-thumbnail","hentry","category-bolivar","category-deporte","category-generales"],"_links":{"self":[{"href":"https:\/\/cartagenaaldia.com\/index.php\/wp-json\/wp\/v2\/posts\/3145","targetHints":{"allow":["GET"]}}],"collection":[{"href":"https:\/\/cartagenaaldia.com\/index.php\/wp-json\/wp\/v2\/posts"}],"about":[{"href":"https:\/\/cartagenaaldia.com\/index.php\/wp-json\/wp\/v2\/types\/post"}],"author":[{"embeddable":true,"href":"https:\/\/cartagenaaldia.com\/index.php\/wp-json\/wp\/v2\/users\/2"}],"replies":[{"embeddable":true,"href":"https:\/\/cartagenaaldia.com\/index.php\/wp-json\/wp\/v2\/comments?post=3145"}],"version-history":[{"count":4,"href":"https:\/\/cartagenaaldia.com\/index.php\/wp-json\/wp\/v2\/posts\/3145\/revisions"}],"predecessor-version":[{"id":3150,"href":"https:\/\/cartagenaaldia.com\/index.php\/wp-json\/wp\/v2\/posts\/3145\/revisions\/3150"}],"wp:featuredmedia":[{"embeddable":true,"href":"https:\/\/cartagenaaldia.com\/index.php\/wp-json\/wp\/v2\/media\/3146"}],"wp:attachment":[{"href":"https:\/\/cartagenaaldia.com\/index.php\/wp-json\/wp\/v2\/media?parent=3145"}],"wp:term":[{"taxonomy":"category","embeddable":true,"href":"https:\/\/cartagenaaldia.com\/index.php\/wp-json\/wp\/v2\/categories?post=3145"},{"taxonomy":"post_tag","embeddable":true,"href":"https:\/\/cartagenaaldia.com\/index.php\/wp-json\/wp\/v2\/tags?post=3145"}],"curies":[{"name":"wp","href":"https:\/\/api.w.org\/{rel}","templated":true}]}}