{"id":3139,"date":"2023-06-09T14:58:12","date_gmt":"2023-06-09T14:58:12","guid":{"rendered":"https:\/\/cartagenaaldia.com\/?p=3139"},"modified":"2023-06-09T14:58:51","modified_gmt":"2023-06-09T14:58:51","slug":"camara-movil-en-los-barrios-de-cartagena","status":"publish","type":"post","link":"https:\/\/cartagenaaldia.com\/index.php\/2023\/06\/09\/camara-movil-en-los-barrios-de-cartagena\/","title":{"rendered":"C\u00e1mara M\u00f3vil en los barrios de Cartagena"},"content":{"rendered":"\t\t<div data-elementor-type=\"wp-post\" data-elementor-id=\"3139\" class=\"elementor elementor-3139\" data-elementor-post-type=\"post\">\n\t\t\t\t\t\t<section class=\"elementor-section elementor-top-section elementor-element elementor-element-635db041 elementor-section-boxed elementor-section-height-default elementor-section-height-default\" data-id=\"635db041\" data-element_type=\"section\" data-e-type=\"section\">\n\t\t\t\t\t\t<div class=\"elementor-container elementor-column-gap-default\">\n\t\t\t\t\t<div class=\"elementor-column elementor-col-100 elementor-top-column elementor-element elementor-element-20b082c5\" data-id=\"20b082c5\" data-element_type=\"column\" data-e-type=\"column\">\n\t\t\t<div class=\"elementor-widget-wrap elementor-element-populated\">\n\t\t\t\t\t\t<div class=\"elementor-element elementor-element-2a9454bb elementor-widget elementor-widget-text-editor\" data-id=\"2a9454bb\" data-element_type=\"widget\" data-e-type=\"widget\" data-widget_type=\"text-editor.default\">\n\t\t\t\t<div class=\"elementor-widget-container\">\n\t\t\t\t\t\t\t\t\t\n<h5 class=\"wp-block-heading\"><strong>La C\u00e1mara de Comercio de Cartagena promociona servicios empresariales en los barrios.<\/strong><\/h5>\n\t\t\t\t\t\t\t\t<\/div>\n\t\t\t\t<\/div>\n\t\t\t\t\t<\/div>\n\t\t<\/div>\n\t\t\t\t\t<\/div>\n\t\t<\/section>\n\t\t\t\t<section class=\"elementor-section elementor-top-section elementor-element elementor-element-9ec24b0 elementor-section-boxed elementor-section-height-default elementor-section-height-default\" data-id=\"9ec24b0\" data-element_type=\"section\" data-e-type=\"section\">\n\t\t\t\t\t\t<div class=\"elementor-container elementor-column-gap-default\">\n\t\t\t\t\t<div class=\"elementor-column elementor-col-100 elementor-top-column elementor-element elementor-element-5043595\" data-id=\"5043595\" data-element_type=\"column\" data-e-type=\"column\">\n\t\t\t<div class=\"elementor-widget-wrap elementor-element-populated\">\n\t\t\t\t\t\t<div class=\"elementor-element elementor-element-9dc84ce elementor-widget elementor-widget-text-editor\" data-id=\"9dc84ce\" data-element_type=\"widget\" data-e-type=\"widget\" data-widget_type=\"text-editor.default\">\n\t\t\t\t<div class=\"elementor-widget-container\">\n\t\t\t\t\t\t\t\t\t<p><strong>Sala Redacci\u00f3n.<\/strong> &#8211; Para apoyar en sus actividades empresariales, la C\u00e1mara M\u00f3vil de la C\u00e1mara de Comercio de Cartagena (CCC) llevar\u00e1 a las zonas comerciales los servicios que demandan los empresarios y emprendedores, que hacen parte a la jurisdicci\u00f3n de Bol\u00edvar.<\/p>\n<p>Por eso, el jueves 8 de junio, acompa\u00f1amos a los comerciantes del barrio El L\u00edbano, al suroriente de Cartagena, para conectarnos y que puedan acceder a los beneficios que ofrece la CCC.<\/p>\n<p>La unidad m\u00f3vil busca impactar al tejido empresarial de la jurisdicci\u00f3n con servicios a la medida de las necesidades de cada municipio y barrio, promoviendo la asociatividad y fortaleciendo la econom\u00eda popular de nuestra regi\u00f3n.<\/p>\n<p>\u201cEn esta oportunidad, a El L\u00edbano, llegamos con servicios de emprendimiento social, adem\u00e1s de programas de fortalecimiento empresarial. Se debe agregar que, en la tercera versi\u00f3n de Ruta Mujer Emprendedora, estamos invitando a los participantes a que est\u00e9n atentos a la convocatoria. El programa tiene como objetivo generar empoderamiento econ\u00f3mico en las mujeres y en el mes de agosto, iniciaremos el proceso de convocatoria. Los barrios priorizados ser\u00e1n Nelson Mandela, Olaya Herrera, entre otros barrios\u201d, preciso Cerys Montes, directora de crecimiento empresarial de la CCC.<\/p>\n<p>Seg\u00fan el departamento de Investigaciones de la CCC, el 28% de las empresas registradas en El L\u00edbano se dedican a actividades de comercio al por menor, especialmente en tiendas, droguer\u00edas y ferreter\u00edas. A su vez, por tama\u00f1os, el 95% de las empresas en el barrio son microempresas.<\/p>\n<p>A continuaci\u00f3n, el recorrido de C\u00e1mara m\u00f3vil en el mes de junio:<\/p>\n<table width=\"589\">\n<tbody>\n<tr>\n<td width=\"91\">\n<p><strong>DIA<\/strong><\/p>\n<\/td>\n<td width=\"60\">\n<p><strong>FECHA<\/strong><\/p>\n<\/td>\n<td width=\"78\">\n<p><strong>MES<\/strong><\/p>\n<\/td>\n<td width=\"195\">\n<p><strong><u>BARRIO<\/u><\/strong><\/p>\n<\/td>\n<td width=\"165\">\n<p><strong><u>\u00a0<\/u><\/strong><\/p>\n<p><strong><u>LUGAR Y HORA <\/u><\/strong><\/p>\n<\/td>\n<\/tr>\n<tr>\n<td width=\"91\">\n<p>Jueves<\/p>\n<\/td>\n<td width=\"60\">\n<p>8<\/p>\n<\/td>\n<td width=\"78\">\n<p>JUNIO<\/p>\n<\/td>\n<td width=\"195\">\n<p>EL LIBANO<\/p>\n<\/td>\n<td width=\"165\">\n<p>ANTIGUA TIENDA EL PERRO, 8A.M. a 5P.M.<\/p>\n<\/td>\n<\/tr>\n<tr>\n<td width=\"91\">\n<p>Viernes<\/p>\n<\/td>\n<td width=\"60\">\n<p>9<\/p>\n<\/td>\n<td width=\"78\">\n<p>JUNIO<\/p>\n<\/td>\n<td width=\"195\">\n<p>EL BOSQUE<\/p>\n<\/td>\n<td width=\"165\">\n<p>8A.M. a 5P.M.<\/p>\n<\/td>\n<\/tr>\n<tr>\n<td width=\"91\">\n<p>S\u00e1bado<\/p>\n<\/td>\n<td width=\"60\">\n<p>10<\/p>\n<\/td>\n<td width=\"78\">\n<p>\u00a0\u00a0\u00a0 JUNIO<\/p>\n<\/td>\n<td width=\"195\">\n<p>EL BOSQUE<\/p>\n<\/td>\n<td width=\"165\">\n<p>8A.M. a 12P.M.<\/p>\n<\/td>\n<\/tr>\n<tr>\n<td width=\"91\">\n<p>Domingo<\/p>\n<\/td>\n<td width=\"60\">\n<p>11<\/p>\n<\/td>\n<td width=\"78\">\n<p>JUNIO<\/p>\n<\/td>\n<td width=\"195\">\n<p>\u00a0<\/p>\n<\/td>\n<td width=\"165\">\n<p>\u00a0<\/p>\n<\/td>\n<\/tr>\n<tr>\n<td width=\"91\">\n<p>Lunes<\/p>\n<\/td>\n<td width=\"60\">\n<p>12<\/p>\n<\/td>\n<td width=\"78\">\n<p>JUNIO<\/p>\n<\/td>\n<td colspan=\"2\" width=\"360\">\u00a0<\/td>\n<\/tr>\n<tr>\n<td width=\"91\">\n<p>Martes<\/p>\n<\/td>\n<td width=\"60\">\n<p>13<\/p>\n<\/td>\n<td width=\"78\">\n<p>JUNIO<\/p>\n<\/td>\n<td width=\"195\">\n<p>CENTRO<\/p>\n<\/td>\n<td width=\"165\">\n<p>PUERTO DURO 8A.M. a 5P.M.<\/p>\n<\/td>\n<\/tr>\n<tr>\n<td width=\"91\">\n<p>Mi\u00e9rcoles<\/p>\n<\/td>\n<td width=\"60\">\n<p>14<\/p>\n<\/td>\n<td width=\"78\">\n<p>JUNIO<\/p>\n<\/td>\n<td width=\"195\">\n<p>CENTRO<\/p>\n<\/td>\n<td width=\"165\">\n<p>\u00a0PUERTO DURO 8A.M. a 5P.M.<\/p>\n<\/td>\n<\/tr>\n<tr>\n<td width=\"91\">\n<p>Jueves<\/p>\n<\/td>\n<td width=\"60\">\n<p>15<\/p>\n<\/td>\n<td width=\"78\">\n<p>JUNIO<\/p>\n<\/td>\n<td width=\"195\">\n<p>CENTRO<\/p>\n<\/td>\n<td width=\"165\">\n<p>\u00a0PUERTO DURO 8A.M. a 5P.M.<\/p>\n<\/td>\n<\/tr>\n<tr>\n<td width=\"91\">\n<p>Viernes<\/p>\n<\/td>\n<td width=\"60\">\n<p>16<\/p>\n<\/td>\n<td width=\"78\">\n<p>JUNIO<\/p>\n<\/td>\n<td width=\"195\">\n<p>CENTRO<\/p>\n<\/td>\n<td width=\"165\">\n<p>\u00a0PUERTO DURO 8A.M. a 5P.M.<\/p>\n<\/td>\n<\/tr>\n<tr>\n<td width=\"91\">\n<p>S\u00e1bado<\/p>\n<\/td>\n<td width=\"60\">\n<p>17<\/p>\n<\/td>\n<td width=\"78\">\n<p>JUNIO<\/p>\n<\/td>\n<td width=\"195\">\n<p>CENTRO<\/p>\n<\/td>\n<td width=\"165\">\n<p>PUERTO DURO 8A.M. a 12 P.M.<\/p>\n<\/td>\n<\/tr>\n<\/tbody>\n<\/table>\n<p>Es de resaltar que la C\u00e1mara M\u00f3vil recorrer\u00e1 los barrios de Cartagena de Indias, en el marco de la estrategia de Crecimiento Inclusivo Sostenible y la campa\u00f1a del 2023: \u201cM\u00e1s Empresas, + Vida, <strong>de<\/strong> la CCC. <\/p>\t\t\t\t\t\t\t\t<\/div>\n\t\t\t\t<\/div>\n\t\t\t\t\t<\/div>\n\t\t<\/div>\n\t\t\t\t\t<\/div>\n\t\t<\/section>\n\t\t\t\t<\/div>\n\t\t","protected":false},"excerpt":{"rendered":"<p>La C\u00e1mara de Comercio de Cartagena promociona servicios empresariales en los barrios.<\/p>\n","protected":false},"author":2,"featured_media":3140,"comment_status":"closed","ping_status":"closed","sticky":false,"template":"","format":"standard","meta":{"om_disable_all_campaigns":false,"_monsterinsights_skip_tracking":false,"_monsterinsights_sitenote_active":false,"_monsterinsights_sitenote_note":"","_monsterinsights_sitenote_category":0,"footnotes":""},"categories":[110,103,102],"tags":[120,163],"class_list":["post-3139","post","type-post","status-publish","format-standard","has-post-thumbnail","hentry","category-bolivar","category-economia","category-generales","tag-camara-comercio-cartagena","tag-camcamara"],"_links":{"self":[{"href":"https:\/\/cartagenaaldia.com\/index.php\/wp-json\/wp\/v2\/posts\/3139","targetHints":{"allow":["GET"]}}],"collection":[{"href":"https:\/\/cartagenaaldia.com\/index.php\/wp-json\/wp\/v2\/posts"}],"about":[{"href":"https:\/\/cartagenaaldia.com\/index.php\/wp-json\/wp\/v2\/types\/post"}],"author":[{"embeddable":true,"href":"https:\/\/cartagenaaldia.com\/index.php\/wp-json\/wp\/v2\/users\/2"}],"replies":[{"embeddable":true,"href":"https:\/\/cartagenaaldia.com\/index.php\/wp-json\/wp\/v2\/comments?post=3139"}],"version-history":[{"count":4,"href":"https:\/\/cartagenaaldia.com\/index.php\/wp-json\/wp\/v2\/posts\/3139\/revisions"}],"predecessor-version":[{"id":3144,"href":"https:\/\/cartagenaaldia.com\/index.php\/wp-json\/wp\/v2\/posts\/3139\/revisions\/3144"}],"wp:featuredmedia":[{"embeddable":true,"href":"https:\/\/cartagenaaldia.com\/index.php\/wp-json\/wp\/v2\/media\/3140"}],"wp:attachment":[{"href":"https:\/\/cartagenaaldia.com\/index.php\/wp-json\/wp\/v2\/media?parent=3139"}],"wp:term":[{"taxonomy":"category","embeddable":true,"href":"https:\/\/cartagenaaldia.com\/index.php\/wp-json\/wp\/v2\/categories?post=3139"},{"taxonomy":"post_tag","embeddable":true,"href":"https:\/\/cartagenaaldia.com\/index.php\/wp-json\/wp\/v2\/tags?post=3139"}],"curies":[{"name":"wp","href":"https:\/\/api.w.org\/{rel}","templated":true}]}}