{"id":3002,"date":"2023-06-01T00:46:18","date_gmt":"2023-06-01T00:46:18","guid":{"rendered":"https:\/\/cartagenaaldia.com\/?p=3002"},"modified":"2023-06-01T03:35:50","modified_gmt":"2023-06-01T03:35:50","slug":"procuraduria-no-controvierte-sino-que-ejerce-la-funcion-disciplinaria","status":"publish","type":"post","link":"https:\/\/cartagenaaldia.com\/index.php\/2023\/06\/01\/procuraduria-no-controvierte-sino-que-ejerce-la-funcion-disciplinaria\/","title":{"rendered":"Procuradur\u00eda no controvierte sino que ejerce la funci\u00f3n disciplinaria"},"content":{"rendered":"\t\t<div data-elementor-type=\"wp-post\" data-elementor-id=\"3002\" class=\"elementor elementor-3002\" data-elementor-post-type=\"post\">\n\t\t\t\t\t\t<section class=\"elementor-section elementor-top-section elementor-element elementor-element-6f87b13f elementor-section-boxed elementor-section-height-default elementor-section-height-default\" data-id=\"6f87b13f\" data-element_type=\"section\" data-e-type=\"section\">\n\t\t\t\t\t\t<div class=\"elementor-container elementor-column-gap-default\">\n\t\t\t\t\t<div class=\"elementor-column elementor-col-100 elementor-top-column elementor-element elementor-element-6f1494a1\" data-id=\"6f1494a1\" data-element_type=\"column\" data-e-type=\"column\">\n\t\t\t<div class=\"elementor-widget-wrap elementor-element-populated\">\n\t\t\t\t\t\t<div class=\"elementor-element elementor-element-469c5e25 elementor-widget elementor-widget-text-editor\" data-id=\"469c5e25\" data-element_type=\"widget\" data-e-type=\"widget\" data-widget_type=\"text-editor.default\">\n\t\t\t\t<div class=\"elementor-widget-container\">\n\t\t\t\t\t\t\t\t\t\n<h5 class=\"wp-block-heading\"><strong>Procuradur\u00eda no caer\u00e1 en controversias institucionales; hoy, m\u00e1s fuerte en la funci\u00f3n disciplinaria y contra la corrupci\u00f3n.<\/strong><\/h5>\n\t\t\t\t\t\t\t\t<\/div>\n\t\t\t\t<\/div>\n\t\t\t\t\t<\/div>\n\t\t<\/div>\n\t\t\t\t\t<\/div>\n\t\t<\/section>\n\t\t\t\t<section class=\"elementor-section elementor-top-section elementor-element elementor-element-91a7d71 elementor-section-boxed elementor-section-height-default elementor-section-height-default\" data-id=\"91a7d71\" data-element_type=\"section\" data-e-type=\"section\">\n\t\t\t\t\t\t<div class=\"elementor-container elementor-column-gap-default\">\n\t\t\t\t\t<div class=\"elementor-column elementor-col-100 elementor-top-column elementor-element elementor-element-c221f0e\" data-id=\"c221f0e\" data-element_type=\"column\" data-e-type=\"column\">\n\t\t\t<div class=\"elementor-widget-wrap elementor-element-populated\">\n\t\t\t\t\t\t<div class=\"elementor-element elementor-element-031423c elementor-widget elementor-widget-text-editor\" data-id=\"031423c\" data-element_type=\"widget\" data-e-type=\"widget\" data-widget_type=\"text-editor.default\">\n\t\t\t\t<div class=\"elementor-widget-container\">\n\t\t\t\t\t\t\t\t\t<p>Durante rendici\u00f3n de cuentas la Procuradora Margarita Cabello fue en f\u00e1tica en decir que la discusi\u00f3n y la controversia entre instituciones les hacen da\u00f1o y por el contrario lo que se debe hacer es estar todos juntos, luchando por los problemas que la ciudadan\u00eda le exige a la institucionalidad.<\/p>\n<p>Adem\u00e1s, enfatiz\u00f3 que el ministerio p\u00fablico de control y disciplina est\u00e1 m\u00e1s fuerte que nunca.<\/p>\t\t\t\t\t\t\t\t<\/div>\n\t\t\t\t<\/div>\n\t\t\t\t\t<\/div>\n\t\t<\/div>\n\t\t\t\t\t<\/div>\n\t\t<\/section>\n\t\t\t\t<section class=\"elementor-section elementor-top-section elementor-element elementor-element-83dd834 elementor-section-boxed elementor-section-height-default elementor-section-height-default\" data-id=\"83dd834\" data-element_type=\"section\" data-e-type=\"section\">\n\t\t\t\t\t\t<div class=\"elementor-container elementor-column-gap-default\">\n\t\t\t\t\t<div class=\"elementor-column elementor-col-100 elementor-top-column elementor-element elementor-element-5203a3a\" data-id=\"5203a3a\" data-element_type=\"column\" data-e-type=\"column\">\n\t\t\t<div class=\"elementor-widget-wrap elementor-element-populated\">\n\t\t\t\t\t\t<div class=\"elementor-element elementor-element-20fd011 elementor-widget elementor-widget-facebook-embed\" data-id=\"20fd011\" data-element_type=\"widget\" data-e-type=\"widget\" data-widget_type=\"facebook-embed.default\">\n\t\t\t\t<div class=\"elementor-widget-container\">\n\t\t\t\t\t<div style=\"min-height: 1px\" class=\"elementor-facebook-widget fb-post\" data-href=\"https:\/\/fb.watch\/kTF3iimBln\/\" data-show-text=\"false\"><\/div>\t\t\t\t<\/div>\n\t\t\t\t<\/div>\n\t\t\t\t\t<\/div>\n\t\t<\/div>\n\t\t\t\t\t<\/div>\n\t\t<\/section>\n\t\t\t\t<\/div>\n\t\t","protected":false},"excerpt":{"rendered":"<p>Procuradur\u00eda no caer\u00e1 en controversias institucionales; hoy, m\u00e1s fuerte en la funci\u00f3n disciplinaria y contra la corrupci\u00f3n.<\/p>\n","protected":false},"author":2,"featured_media":3003,"comment_status":"closed","ping_status":"closed","sticky":false,"template":"","format":"standard","meta":{"om_disable_all_campaigns":false,"_monsterinsights_skip_tracking":false,"_monsterinsights_sitenote_active":false,"_monsterinsights_sitenote_note":"","_monsterinsights_sitenote_category":0,"footnotes":""},"categories":[115,102,111,105],"tags":[175,160,173],"class_list":["post-3002","post","type-post","status-publish","format-standard","has-post-thumbnail","hentry","category-colombia","category-generales","category-justicia","category-politica","tag-margarita-cabello","tag-podcast","tag-procuraduria-general-nacion"],"_links":{"self":[{"href":"https:\/\/cartagenaaldia.com\/index.php\/wp-json\/wp\/v2\/posts\/3002","targetHints":{"allow":["GET"]}}],"collection":[{"href":"https:\/\/cartagenaaldia.com\/index.php\/wp-json\/wp\/v2\/posts"}],"about":[{"href":"https:\/\/cartagenaaldia.com\/index.php\/wp-json\/wp\/v2\/types\/post"}],"author":[{"embeddable":true,"href":"https:\/\/cartagenaaldia.com\/index.php\/wp-json\/wp\/v2\/users\/2"}],"replies":[{"embeddable":true,"href":"https:\/\/cartagenaaldia.com\/index.php\/wp-json\/wp\/v2\/comments?post=3002"}],"version-history":[{"count":4,"href":"https:\/\/cartagenaaldia.com\/index.php\/wp-json\/wp\/v2\/posts\/3002\/revisions"}],"predecessor-version":[{"id":3007,"href":"https:\/\/cartagenaaldia.com\/index.php\/wp-json\/wp\/v2\/posts\/3002\/revisions\/3007"}],"wp:featuredmedia":[{"embeddable":true,"href":"https:\/\/cartagenaaldia.com\/index.php\/wp-json\/wp\/v2\/media\/3003"}],"wp:attachment":[{"href":"https:\/\/cartagenaaldia.com\/index.php\/wp-json\/wp\/v2\/media?parent=3002"}],"wp:term":[{"taxonomy":"category","embeddable":true,"href":"https:\/\/cartagenaaldia.com\/index.php\/wp-json\/wp\/v2\/categories?post=3002"},{"taxonomy":"post_tag","embeddable":true,"href":"https:\/\/cartagenaaldia.com\/index.php\/wp-json\/wp\/v2\/tags?post=3002"}],"curies":[{"name":"wp","href":"https:\/\/api.w.org\/{rel}","templated":true}]}}