{"id":2871,"date":"2023-05-18T20:46:18","date_gmt":"2023-05-18T20:46:18","guid":{"rendered":"https:\/\/cartagenaaldia.com\/?p=2871"},"modified":"2023-06-01T03:38:07","modified_gmt":"2023-06-01T03:38:07","slug":"cartagena-tendra-aulas-digitales","status":"publish","type":"post","link":"https:\/\/cartagenaaldia.com\/index.php\/2023\/05\/18\/cartagena-tendra-aulas-digitales\/","title":{"rendered":"Cartagena tendr\u00e1 aulas digitales"},"content":{"rendered":"\t\t<div data-elementor-type=\"wp-post\" data-elementor-id=\"2871\" class=\"elementor elementor-2871\" data-elementor-post-type=\"post\">\n\t\t\t\t\t\t<section class=\"elementor-section elementor-top-section elementor-element elementor-element-2df57205 elementor-section-boxed elementor-section-height-default elementor-section-height-default\" data-id=\"2df57205\" data-element_type=\"section\" data-e-type=\"section\">\n\t\t\t\t\t\t<div class=\"elementor-container elementor-column-gap-default\">\n\t\t\t\t\t<div class=\"elementor-column elementor-col-100 elementor-top-column elementor-element elementor-element-42629562\" data-id=\"42629562\" data-element_type=\"column\" data-e-type=\"column\">\n\t\t\t<div class=\"elementor-widget-wrap elementor-element-populated\">\n\t\t\t\t\t\t<div class=\"elementor-element elementor-element-71a88a07 elementor-widget elementor-widget-text-editor\" data-id=\"71a88a07\" data-element_type=\"widget\" data-e-type=\"widget\" data-widget_type=\"text-editor.default\">\n\t\t\t\t<div class=\"elementor-widget-container\">\n\t\t\t\t\t\t\t\t\t\n<h5 class=\"wp-block-heading\"><strong>Secretar\u00eda de Educaci\u00f3n de Cartagena ratifica apuesta por la innovaci\u00f3n en las aulas con proyecto ProFuturo que busca transformar la educaci\u00f3n a trav\u00e9s de la tecnolog\u00eda como medio de apropiaci\u00f3n de competencias digitales<\/strong><\/h5>\n\t\t\t\t\t\t\t\t<\/div>\n\t\t\t\t<\/div>\n\t\t\t\t\t<\/div>\n\t\t<\/div>\n\t\t\t\t\t<\/div>\n\t\t<\/section>\n\t\t\t\t<section class=\"elementor-section elementor-top-section elementor-element elementor-element-affe9db elementor-section-boxed elementor-section-height-default elementor-section-height-default\" data-id=\"affe9db\" data-element_type=\"section\" data-e-type=\"section\">\n\t\t\t\t\t\t<div class=\"elementor-container elementor-column-gap-default\">\n\t\t\t\t\t<div class=\"elementor-column elementor-col-100 elementor-top-column elementor-element elementor-element-c3f565b\" data-id=\"c3f565b\" data-element_type=\"column\" data-e-type=\"column\">\n\t\t\t<div class=\"elementor-widget-wrap elementor-element-populated\">\n\t\t\t\t\t\t<div class=\"elementor-element elementor-element-54a8400 elementor-widget elementor-widget-text-editor\" data-id=\"54a8400\" data-element_type=\"widget\" data-e-type=\"widget\" data-widget_type=\"text-editor.default\">\n\t\t\t\t<div class=\"elementor-widget-container\">\n\t\t\t\t\t\t\t\t\t<p>En reuni\u00f3n sostenida con aliados estrat\u00e9gicos, a trav\u00e9s de los cuales se viene implementando el proyecto ProFuturo, que busca transformar la educaci\u00f3n a trav\u00e9s de la tecnolog\u00eda como medio de apropiaci\u00f3n de competencias digitales, la secretaria de Educaci\u00f3n Distrital, Olga Acosta Amel, ratific\u00f3 que es fundamental que se sigan consolidando estrategias que fomenten la innovaci\u00f3n en las aulas de clases de las instituciones educativas oficiales del Distrito. Esto, enfocado en los docentes, estudiantes y sus familias, como parte del entorno escolar.<\/p>\n<p>Magdalena Brier, directora general de ProFuturo, resalt\u00f3 que \u201c(\u2026) hemos visitado a profesores que se forman con nuestro modelo de formaci\u00f3n\u00a0 y la experiencia que hemos vivido con esos docentes y esos ni\u00f1os ha sido espectacular\u201d.<\/p>\t\t\t\t\t\t\t\t<\/div>\n\t\t\t\t<\/div>\n\t\t\t\t\t<\/div>\n\t\t<\/div>\n\t\t\t\t\t<\/div>\n\t\t<\/section>\n\t\t\t\t<\/div>\n\t\t","protected":false},"excerpt":{"rendered":"<p>Secretar\u00eda de Educaci\u00f3n de Cartagena ratifica apuesta por la innovaci\u00f3n en las aulas con proyecto ProFuturo que busca transformar la educaci\u00f3n a trav\u00e9s de la tecnolog\u00eda como medio de apropiaci\u00f3n de competencias digitales<\/p>\n","protected":false},"author":2,"featured_media":2872,"comment_status":"closed","ping_status":"closed","sticky":false,"template":"","format":"standard","meta":{"om_disable_all_campaigns":false,"_monsterinsights_skip_tracking":false,"_monsterinsights_sitenote_active":false,"_monsterinsights_sitenote_note":"","_monsterinsights_sitenote_category":0,"footnotes":""},"categories":[110,103,112,102],"tags":[157,155,156],"class_list":["post-2871","post","type-post","status-publish","format-standard","has-post-thumbnail","hentry","category-bolivar","category-economia","category-educacion","category-generales","tag-profuturo","tag-secretaria-educacion-cartagena","tag-telefonica"],"_links":{"self":[{"href":"https:\/\/cartagenaaldia.com\/index.php\/wp-json\/wp\/v2\/posts\/2871","targetHints":{"allow":["GET"]}}],"collection":[{"href":"https:\/\/cartagenaaldia.com\/index.php\/wp-json\/wp\/v2\/posts"}],"about":[{"href":"https:\/\/cartagenaaldia.com\/index.php\/wp-json\/wp\/v2\/types\/post"}],"author":[{"embeddable":true,"href":"https:\/\/cartagenaaldia.com\/index.php\/wp-json\/wp\/v2\/users\/2"}],"replies":[{"embeddable":true,"href":"https:\/\/cartagenaaldia.com\/index.php\/wp-json\/wp\/v2\/comments?post=2871"}],"version-history":[{"count":4,"href":"https:\/\/cartagenaaldia.com\/index.php\/wp-json\/wp\/v2\/posts\/2871\/revisions"}],"predecessor-version":[{"id":2876,"href":"https:\/\/cartagenaaldia.com\/index.php\/wp-json\/wp\/v2\/posts\/2871\/revisions\/2876"}],"wp:featuredmedia":[{"embeddable":true,"href":"https:\/\/cartagenaaldia.com\/index.php\/wp-json\/wp\/v2\/media\/2872"}],"wp:attachment":[{"href":"https:\/\/cartagenaaldia.com\/index.php\/wp-json\/wp\/v2\/media?parent=2871"}],"wp:term":[{"taxonomy":"category","embeddable":true,"href":"https:\/\/cartagenaaldia.com\/index.php\/wp-json\/wp\/v2\/categories?post=2871"},{"taxonomy":"post_tag","embeddable":true,"href":"https:\/\/cartagenaaldia.com\/index.php\/wp-json\/wp\/v2\/tags?post=2871"}],"curies":[{"name":"wp","href":"https:\/\/api.w.org\/{rel}","templated":true}]}}