{"id":2855,"date":"2023-05-18T18:55:24","date_gmt":"2023-05-18T18:55:24","guid":{"rendered":"https:\/\/cartagenaaldia.com\/?p=2855"},"modified":"2023-05-18T19:05:04","modified_gmt":"2023-05-18T19:05:04","slug":"innpulsa-llega-a-bolivar","status":"publish","type":"post","link":"https:\/\/cartagenaaldia.com\/index.php\/2023\/05\/18\/innpulsa-llega-a-bolivar\/","title":{"rendered":"iNNpulsa llega a Bol\u00edvar"},"content":{"rendered":"\t\t<div data-elementor-type=\"wp-post\" data-elementor-id=\"2855\" class=\"elementor elementor-2855\" data-elementor-post-type=\"post\">\n\t\t\t\t\t\t<section class=\"elementor-section elementor-top-section elementor-element elementor-element-658f876a elementor-section-boxed elementor-section-height-default elementor-section-height-default\" data-id=\"658f876a\" data-element_type=\"section\" data-e-type=\"section\">\n\t\t\t\t\t\t<div class=\"elementor-container elementor-column-gap-default\">\n\t\t\t\t\t<div class=\"elementor-column elementor-col-100 elementor-top-column elementor-element elementor-element-63d7a995\" data-id=\"63d7a995\" data-element_type=\"column\" data-e-type=\"column\">\n\t\t\t<div class=\"elementor-widget-wrap elementor-element-populated\">\n\t\t\t\t\t\t<div class=\"elementor-element elementor-element-4752d03d elementor-widget elementor-widget-text-editor\" data-id=\"4752d03d\" data-element_type=\"widget\" data-e-type=\"widget\" data-widget_type=\"text-editor.default\">\n\t\t\t\t<div class=\"elementor-widget-container\">\n\t\t\t\t\t\t\t\t\t\n<h5 class=\"wp-block-heading\"><strong>Con el taller \u00a0sobre\u00a0 mentalidad financiera el pr\u00f3ximo 25 de mayo en Cartagena y el 26 de mayo en El Carmen de Bol\u00edvar con la capacitaci\u00f3n sobre habilidades creativas para la mejora de producto.<\/strong><\/h5>\n\t\t\t\t\t\t\t\t<\/div>\n\t\t\t\t<\/div>\n\t\t\t\t\t<\/div>\n\t\t<\/div>\n\t\t\t\t\t<\/div>\n\t\t<\/section>\n\t\t\t\t<section class=\"elementor-section elementor-top-section elementor-element elementor-element-21de087 elementor-section-boxed elementor-section-height-default elementor-section-height-default\" data-id=\"21de087\" data-element_type=\"section\" data-e-type=\"section\">\n\t\t\t\t\t\t<div class=\"elementor-container elementor-column-gap-default\">\n\t\t\t\t\t<div class=\"elementor-column elementor-col-100 elementor-top-column elementor-element elementor-element-6914cb5\" data-id=\"6914cb5\" data-element_type=\"column\" data-e-type=\"column\">\n\t\t\t<div class=\"elementor-widget-wrap elementor-element-populated\">\n\t\t\t\t\t\t<div class=\"elementor-element elementor-element-474c48a elementor-widget elementor-widget-text-editor\" data-id=\"474c48a\" data-element_type=\"widget\" data-e-type=\"widget\" data-widget_type=\"text-editor.default\">\n\t\t\t\t<div class=\"elementor-widget-container\">\n\t\t\t\t\t\t\t\t\t<p>El <strong>Ministerio de Comercio, Industria y Turismo<\/strong> e <strong>iNNpulsa Colombia<\/strong> llegan al departamento de Bol\u00edvar, con una serie de talleres interactivos que buscan potenciar las habilidades de los emprendedores de la regi\u00f3n en temas como <strong>mentalidad financiera y creatividad para la mejora de productos.<\/strong><\/p>\n<p><strong>El taller de mentalidad financiera <\/strong>se enfoca en fortalecer habilidades de gesti\u00f3n de recursos que permitan proyectar los emprendimientos en una ruta econ\u00f3micamente sostenibles y resiliente hacia el futuro.<\/p>\n<p>Esta sesi\u00f3n tendr\u00e1 lugar en Cartagena el pr\u00f3ximo 25 de mayo de manera presencial entre las 8:30 a.m. hasta las 12:00 p.m. en la universidad San Buenaventura.<\/p>\n<p><strong>Por su parte, el taller de habilidades creativas para la mejora de producto<\/strong> se trata de una capacitaci\u00f3n interactiva y pr\u00e1ctica en el que se trabajar\u00e1 en una ruta para mejorar y agregar valor a sus productos.<\/p>\n<p>Esta se llevar\u00e1 a cabo en modalidad presencial en Carmen de Bol\u00edvar el pr\u00f3ximo 26 de mayo, de 8:30 a.m. a 12:00 p.m. en el auditorio de la Mutual Ser.<\/p>\n<p>Estos espacios son una realidad gracias al apoyo de aliados regionales como la Fundaci\u00f3n Ser Social, C\u00e1mara de Comercio, Gobernaci\u00f3n de Bol\u00edvar, Alcald\u00eda del Carmen y Gesti\u00f3n Social.<\/p>\n<p>Los interesados en asistir a cualquiera de las sesiones deber\u00e1n realizar su inscripci\u00f3n gratis a trav\u00e9s de este <a href=\"https:\/\/forms.office.com\/pages\/responsepage.aspx?id=sOVj3WZsZU2ZdZ3njXPiCBWiTloNXPtGud6q3umoLzdUQTI2RVlaRTVTRUNHMEJGUjIzRDJZQlhPNC4u\" target=\"_blank\" rel=\"noopener\">enlace.<\/a><\/p>\t\t\t\t\t\t\t\t<\/div>\n\t\t\t\t<\/div>\n\t\t\t\t\t<\/div>\n\t\t<\/div>\n\t\t\t\t\t<\/div>\n\t\t<\/section>\n\t\t\t\t<\/div>\n\t\t","protected":false},"excerpt":{"rendered":"<p>Con el taller  sobre  mentalidad financiera el pr\u00f3ximo 25 de mayo en Cartagena y el 26 de mayo en El Carmen de Bol\u00edvar con la capacitaci\u00f3n sobre habilidades creativas para la mejora de producto.<\/p>\n","protected":false},"author":2,"featured_media":2856,"comment_status":"closed","ping_status":"closed","sticky":false,"template":"","format":"standard","meta":{"om_disable_all_campaigns":false,"_monsterinsights_skip_tracking":false,"_monsterinsights_sitenote_active":false,"_monsterinsights_sitenote_note":"","_monsterinsights_sitenote_category":0,"footnotes":""},"categories":[110,103,112,102],"tags":[148,149],"class_list":["post-2855","post","type-post","status-publish","format-standard","has-post-thumbnail","hentry","category-bolivar","category-economia","category-educacion","category-generales","tag-innpulsa","tag-mincit"],"_links":{"self":[{"href":"https:\/\/cartagenaaldia.com\/index.php\/wp-json\/wp\/v2\/posts\/2855","targetHints":{"allow":["GET"]}}],"collection":[{"href":"https:\/\/cartagenaaldia.com\/index.php\/wp-json\/wp\/v2\/posts"}],"about":[{"href":"https:\/\/cartagenaaldia.com\/index.php\/wp-json\/wp\/v2\/types\/post"}],"author":[{"embeddable":true,"href":"https:\/\/cartagenaaldia.com\/index.php\/wp-json\/wp\/v2\/users\/2"}],"replies":[{"embeddable":true,"href":"https:\/\/cartagenaaldia.com\/index.php\/wp-json\/wp\/v2\/comments?post=2855"}],"version-history":[{"count":5,"href":"https:\/\/cartagenaaldia.com\/index.php\/wp-json\/wp\/v2\/posts\/2855\/revisions"}],"predecessor-version":[{"id":2861,"href":"https:\/\/cartagenaaldia.com\/index.php\/wp-json\/wp\/v2\/posts\/2855\/revisions\/2861"}],"wp:featuredmedia":[{"embeddable":true,"href":"https:\/\/cartagenaaldia.com\/index.php\/wp-json\/wp\/v2\/media\/2856"}],"wp:attachment":[{"href":"https:\/\/cartagenaaldia.com\/index.php\/wp-json\/wp\/v2\/media?parent=2855"}],"wp:term":[{"taxonomy":"category","embeddable":true,"href":"https:\/\/cartagenaaldia.com\/index.php\/wp-json\/wp\/v2\/categories?post=2855"},{"taxonomy":"post_tag","embeddable":true,"href":"https:\/\/cartagenaaldia.com\/index.php\/wp-json\/wp\/v2\/tags?post=2855"}],"curies":[{"name":"wp","href":"https:\/\/api.w.org\/{rel}","templated":true}]}}