{"id":14427,"date":"2026-09-05T20:16:46","date_gmt":"2026-09-06T01:16:46","guid":{"rendered":"https:\/\/cartagenaaldia.com\/?p=14427"},"modified":"2026-09-05T20:16:47","modified_gmt":"2026-09-06T01:16:47","slug":"susana-pineres-velazquez-fue-coronada-como-nueva-senorita-bolivar","status":"publish","type":"post","link":"https:\/\/cartagenaaldia.com\/index.php\/2026\/09\/05\/susana-pineres-velazquez-fue-coronada-como-nueva-senorita-bolivar\/","title":{"rendered":"Susana Pi\u00f1eres Vel\u00e1zquez fue coronada como nueva Se\u00f1orita Bol\u00edvar"},"content":{"rendered":"\n<p><strong>La nueva soberana representar\u00e1 a Bol\u00edvar en el Concurso Nacional de Belleza y fue coronada durante el Festival del Jazz de Mompox<\/strong><\/p>\n\n\n\n<hr class=\"wp-block-separator has-alpha-channel-opacity\"\/>\n\n\n\n<p>Susana Pi\u00f1eres Vel\u00e1zquez fue coronada como la nueva <strong>Se\u00f1orita Bol\u00edvar<\/strong> durante el segundo d\u00eda del Festival del Jazz de Mompox, en una noche que combin\u00f3 belleza, m\u00fasica y cultura. La nueva soberana recibi\u00f3 la responsabilidad de representar al departamento en el <strong>Concurso Nacional de Belleza<\/strong>.<\/p>\n\n\n\n<p>El acto de coronaci\u00f3n tuvo uno de los momentos m\u00e1s emotivos de la jornada cuando <strong>Mar\u00eda Jos\u00e9 Ayazo, Se\u00f1orita Bol\u00edvar 2025-2026, entreg\u00f3 la corona a Susana Pi\u00f1eres Vel\u00e1zquez<\/strong>. Con este gesto, la nueva representante asumi\u00f3 oficialmente como soberana de la belleza bolivarense.<\/p>\n\n\n<div class=\"wp-block-image\">\n<figure class=\"aligncenter size-large\"><img fetchpriority=\"high\" decoding=\"async\" width=\"1024\" height=\"683\" src=\"https:\/\/cartagenaaldia.com\/wp-content\/uploads\/2026\/09\/1002585380-1024x683.webp\" alt=\"\" class=\"wp-image-14435\"\/><\/figure><\/div>\n\n\n<p>La celebraci\u00f3n reuni\u00f3 a cientos de asistentes que acompa\u00f1aron la ceremonia y disfrutaron de una programaci\u00f3n musical que convirti\u00f3 la noche en una gran fiesta cultural. La m\u00fasica se convirti\u00f3 en el complemento de una jornada especial para el departamento.<\/p>\n\n\n\n<p><strong>La coronaci\u00f3n estuvo acompa\u00f1ada por una gran fiesta musical<\/strong><\/p>\n\n\n\n<p>El reconocido salsero puertorrique\u00f1o <strong>Gilberto Santa Rosa<\/strong> fue uno de los grandes protagonistas de la celebraci\u00f3n. El denominado <strong>\u2018Caballero de la Salsa\u2019<\/strong> lleg\u00f3 a Bol\u00edvar para ofrecer una presentaci\u00f3n magistral y compartir con los bolivarenses una noche significativa.<\/p>\n\n\n\n<p>Santa Rosa puso a bailar y cantar al p\u00fablico con sus grandes \u00e9xitos. Su presentaci\u00f3n estuvo marcada por la energ\u00eda de los asistentes, los aplausos y la alegr\u00eda que acompa\u00f1aron cada momento del espect\u00e1culo.<\/p>\n\n\n<div class=\"wp-block-image\">\n<figure class=\"aligncenter size-large\"><img decoding=\"async\" width=\"1024\" height=\"683\" src=\"https:\/\/cartagenaaldia.com\/wp-content\/uploads\/2026\/09\/1002585473-1024x683.webp\" alt=\"\" class=\"wp-image-14436\"\/><\/figure><\/div>\n\n\n<p>La programaci\u00f3n tambi\u00e9n cont\u00f3 con la participaci\u00f3n de <strong>Cosimo Boni, \u00d3scar Acevedo, Unibac Jazz &amp; Jam, Cris y Rony y Pipe Bueno<\/strong>, quienes ofrecieron diferentes presentaciones durante una jornada que reuni\u00f3 expresiones musicales diversas.<\/p>\n\n\n\n<p>Cada artista aport\u00f3 su propuesta a una celebraci\u00f3n que tuvo como eje central la coronaci\u00f3n de la nueva Se\u00f1orita Bol\u00edvar. Las presentaciones permitieron que el p\u00fablico disfrutara de una noche con diferentes sonidos y estilos musicales.<\/p>\n\n\n\n<p><strong>Mompox vivi\u00f3 una noche de belleza, m\u00fasica y cultura<\/strong><\/p>\n\n\n\n<p>Pipe Bueno tambi\u00e9n hizo parte de la programaci\u00f3n y puso un toque diferente al evento con sus \u00e9xitos de m\u00fasica popular. Su presentaci\u00f3n ampli\u00f3 la propuesta musical de una jornada que reuni\u00f3 a artistas nacionales e internacionales.<\/p>\n\n\n<div class=\"wp-block-image\">\n<figure class=\"aligncenter size-large\"><img decoding=\"async\" width=\"1024\" height=\"683\" src=\"https:\/\/cartagenaaldia.com\/wp-content\/uploads\/2026\/09\/1002585474-1024x683.webp\" alt=\"\" class=\"wp-image-14437\"\/><\/figure><\/div>\n\n\n<p>La presencia de los diferentes invitados permiti\u00f3 que el p\u00fablico disfrutara de una celebraci\u00f3n marcada por la m\u00fasica y la cultura. <strong>La energ\u00eda, los aplausos y la alegr\u00eda de los asistentes hicieron de la jornada una noche inolvidable.<\/strong><\/p>\n\n\n\n<p>El Festival del Jazz de Mompox sirvi\u00f3 as\u00ed como escenario para celebrar la llegada de una nueva representante de la belleza bolivarense. Susana Pi\u00f1eres Vel\u00e1zquez recibi\u00f3 la corona en medio de una multitud que acompa\u00f1\u00f3 la ceremonia y la programaci\u00f3n art\u00edstica.<\/p>\n\n\n\n<p>La coronaci\u00f3n tambi\u00e9n represent\u00f3 el inicio de una nueva responsabilidad para Pi\u00f1eres Vel\u00e1zquez, quien tendr\u00e1 la misi\u00f3n de <strong>representar a Bol\u00edvar en el Concurso Nacional de Belleza<\/strong>.<\/p>\n\n\n<div class=\"wp-block-image\">\n<figure class=\"aligncenter size-large\"><img loading=\"lazy\" decoding=\"async\" width=\"1024\" height=\"683\" src=\"https:\/\/cartagenaaldia.com\/wp-content\/uploads\/2026\/09\/1002585381-1024x683.webp\" alt=\"\" class=\"wp-image-14438\"\/><\/figure><\/div>\n\n\n<p>La Gobernaci\u00f3n de Bol\u00edvar destac\u00f3 la importancia de continuar respaldando los grandes eventos que fortalecen la cultura, el turismo y la identidad del departamento. Estos espacios, adem\u00e1s, permiten proyectar a Bol\u00edvar como un territorio capaz de recibir y ofrecer espect\u00e1culos de talla nacional e internacional.<\/p>\n\n\n\n<p>La celebraci\u00f3n dej\u00f3 como resultado una noche en la que <strong>la belleza bolivarense y la cultura se encontraron con una programaci\u00f3n musical de alto nivel<\/strong>. La coronaci\u00f3n de Susana Pi\u00f1eres Vel\u00e1zquez qued\u00f3 acompa\u00f1ada por un espect\u00e1culo que congreg\u00f3 a cientos de personas alrededor de la m\u00fasica.<\/p>\n\n\n\n<p>El encuentro tambi\u00e9n reafirm\u00f3 el valor de los eventos culturales como espacios para reunir a la comunidad y mostrar diferentes expresiones art\u00edsticas. La presencia de reconocidos artistas aport\u00f3 a una celebraci\u00f3n que tuvo en Mompox un escenario para la cultura y el entretenimiento.<\/p>\n\n\n\n<p>Con la entrega de la corona por parte de Mar\u00eda Jos\u00e9 Ayazo, comenz\u00f3 oficialmente el periodo de Susana Pi\u00f1eres Vel\u00e1zquez como <strong>nueva Se\u00f1orita Bol\u00edvar<\/strong>. Ahora, la soberana asumir\u00e1 la representaci\u00f3n del departamento en el Concurso Nacional de Belleza.<\/p>\n\n\n<div class=\"wp-block-image\">\n<figure class=\"aligncenter size-large\"><img loading=\"lazy\" decoding=\"async\" width=\"683\" height=\"1024\" src=\"https:\/\/cartagenaaldia.com\/wp-content\/uploads\/2026\/09\/1002585382-683x1024.webp\" alt=\"\" class=\"wp-image-14439\"\/><\/figure><\/div>\n\n\n<p>La noche de coronaci\u00f3n qued\u00f3 as\u00ed marcada por dos protagonistas: <strong>una nueva representante para Bol\u00edvar y una gran celebraci\u00f3n musical en Mompox<\/strong>. La combinaci\u00f3n de belleza, m\u00fasica, cultura y turismo convirti\u00f3 el segundo d\u00eda del Festival del Jazz en una jornada especial para los asistentes y para el departamento.<\/p>\n","protected":false},"excerpt":{"rendered":"<p>Susana Pi\u00f1eres Vel\u00e1zquez recibi\u00f3 la corona y asumi\u00f3 la representaci\u00f3n de Bol\u00edvar en el Concurso Nacional de Belleza<\/p>\n","protected":false},"author":2,"featured_media":14434,"comment_status":"closed","ping_status":"closed","sticky":false,"template":"","format":"standard","meta":{"om_disable_all_campaigns":false,"_monsterinsights_skip_tracking":false,"footnotes":""},"categories":[114,102],"tags":[959,507],"class_list":["post-14427","post","type-post","status-publish","format-standard","has-post-thumbnail","hentry","category-entretenimiento","category-generales","tag-concurso-nacional-belleza","tag-festi-jazz-mompox"],"_links":{"self":[{"href":"https:\/\/cartagenaaldia.com\/index.php\/wp-json\/wp\/v2\/posts\/14427","targetHints":{"allow":["GET"]}}],"collection":[{"href":"https:\/\/cartagenaaldia.com\/index.php\/wp-json\/wp\/v2\/posts"}],"about":[{"href":"https:\/\/cartagenaaldia.com\/index.php\/wp-json\/wp\/v2\/types\/post"}],"author":[{"embeddable":true,"href":"https:\/\/cartagenaaldia.com\/index.php\/wp-json\/wp\/v2\/users\/2"}],"replies":[{"embeddable":true,"href":"https:\/\/cartagenaaldia.com\/index.php\/wp-json\/wp\/v2\/comments?post=14427"}],"version-history":[{"count":7,"href":"https:\/\/cartagenaaldia.com\/index.php\/wp-json\/wp\/v2\/posts\/14427\/revisions"}],"predecessor-version":[{"id":14440,"href":"https:\/\/cartagenaaldia.com\/index.php\/wp-json\/wp\/v2\/posts\/14427\/revisions\/14440"}],"wp:featuredmedia":[{"embeddable":true,"href":"https:\/\/cartagenaaldia.com\/index.php\/wp-json\/wp\/v2\/media\/14434"}],"wp:attachment":[{"href":"https:\/\/cartagenaaldia.com\/index.php\/wp-json\/wp\/v2\/media?parent=14427"}],"wp:term":[{"taxonomy":"category","embeddable":true,"href":"https:\/\/cartagenaaldia.com\/index.php\/wp-json\/wp\/v2\/categories?post=14427"},{"taxonomy":"post_tag","embeddable":true,"href":"https:\/\/cartagenaaldia.com\/index.php\/wp-json\/wp\/v2\/tags?post=14427"}],"curies":[{"name":"wp","href":"https:\/\/api.w.org\/{rel}","templated":true}]}}