{"id":14418,"date":"2026-09-05T15:01:15","date_gmt":"2026-09-05T20:01:15","guid":{"rendered":"https:\/\/cartagenaaldia.com\/?p=14418"},"modified":"2026-09-05T15:01:16","modified_gmt":"2026-09-05T20:01:16","slug":"bicentenario-realizo-su-primera-carrera-recreativa-tamo-activo","status":"publish","type":"post","link":"https:\/\/cartagenaaldia.com\/index.php\/2026\/09\/05\/bicentenario-realizo-su-primera-carrera-recreativa-tamo-activo\/","title":{"rendered":"Bicentenario realiz\u00f3 su primera carrera recreativa TAMO\u2019 ACTIVO"},"content":{"rendered":"\n<p><strong>La in\u00e9dita carrera reuni\u00f3 j\u00f3venes, familias y habitantes alrededor del deporte, la convivencia y el cuidado ambiental<\/strong><\/p>\n\n\n\n<hr class=\"wp-block-separator has-alpha-channel-opacity\"\/>\n\n\n\n<p>El <strong>Megabarrio Bicentenario realiz\u00f3 su primera carrera recreativa 5K TAMO\u2019 ACTIVO<\/strong>, una jornada que reuni\u00f3 a cerca de 150 j\u00f3venes entre los 14 y 28 a\u00f1os, familias y habitantes del territorio alrededor del deporte, los h\u00e1bitos saludables, la convivencia y el cuidado del medio ambiente.<\/p>\n\n\n\n<p>La iniciativa fue liderada por la <strong>Corporaci\u00f3n Juvenil Pioneros del Cambio CB y la Fundaci\u00f3n Santo Domingo<\/strong>, y permiti\u00f3 que los participantes recorrieran las calles del Megabarrio y de Barrios Unidos.<\/p>\n\n\n\n<p>La carrera busc\u00f3 promover el aprovechamiento del espacio p\u00fablico y generar nuevas experiencias de participaci\u00f3n para los j\u00f3venes, convirtiendo las calles del territorio en un escenario para el encuentro y la integraci\u00f3n comunitaria.<\/p>\n\n\n\n<p>Dolly Gonz\u00e1lez, gerente del Megabarrio Bicentenario, destac\u00f3 el prop\u00f3sito de la actividad y se\u00f1al\u00f3 que el deporte puede convertirse en un punto de encuentro para construir comunidad.<\/p>\n\n\n\n<p>\u201cLa carrera TAMO\u2019 ACTIVO fue una invitaci\u00f3n a vivir el territorio de una manera diferente y a demostrar que el deporte tambi\u00e9n puede convertirse en un punto de encuentro para construir comunidad\u201d, manifest\u00f3 Gonz\u00e1lez.<\/p>\n\n\n\n<p>La gerente agreg\u00f3 que desde la Fundaci\u00f3n Santo Domingo contin\u00faan impulsando espacios de fortalecimiento del tejido comunitario y promoviendo la participaci\u00f3n de los j\u00f3venes de Barrios Unidos en escenarios de incidencia en la ciudad.<\/p>\n\n\n\n<p><strong>TAMO\u2019 ACTIVO convirti\u00f3 el deporte en encuentro comunitario<\/strong><\/p>\n\n\n\n<p>La primera edici\u00f3n de TAMO\u2019 ACTIVO cont\u00f3 con el acompa\u00f1amiento de diferentes entidades y organizaciones que contribuyeron al desarrollo del recorrido y a las condiciones necesarias para realizar la jornada.<\/p>\n\n\n\n<p>Entre los participantes estuvieron la <strong>Secretar\u00eda del Interior, IDER, DATT, Transcaribe, Gerencia de Espacio P\u00fablico, Oficina de Juventudes de la Secretar\u00eda de Participaci\u00f3n, Alcald\u00eda Local 2 De la Virgen y Tur\u00edstica y Parque de Bicentenario<\/strong>.<\/p>\n\n\n\n<p>Tambi\u00e9n acompa\u00f1aron la actividad la <strong>Fundaci\u00f3n Mi Sangre, S2Cities, Pacaribe, Polic\u00eda Nacional, Guardianes Ambientales de Bicentenario, Colectivo Ecoguardianes, Corporaci\u00f3n Gestores de Paz de Bicentenario y el grupo de runners Heroicos Cartagena<\/strong>.<\/p>\n\n\n\n<p>La participaci\u00f3n de estas entidades permiti\u00f3 acompa\u00f1ar una jornada que puso a los j\u00f3venes en el centro de una experiencia deportiva y comunitaria.<\/p>\n\n\n\n<p>La carrera tambi\u00e9n hizo parte de las acciones desarrolladas durante la <strong>Semana de la Juventud en Bicentenario<\/strong>, como una oportunidad para fortalecer los escenarios de encuentro, participaci\u00f3n y bienestar dirigidos a las nuevas generaciones.<\/p>\n\n\n\n<p>Gabriel Guerra, presidente de la Corporaci\u00f3n Juvenil Pioneros del Cambio CB, resalt\u00f3 el respaldo recibido durante la actividad y calific\u00f3 la jornada como un momento que quedar\u00e1 en la historia del Megabarrio.<\/p>\n\n\n\n<p>\u201c<strong>TAMO\u2019 ACTIVO puso en el centro la energ\u00eda y la capacidad de los j\u00f3venes para apropiarse de los espacios de su comunidad<\/strong> y convertirlos en escenarios para compartir nuevas experiencias\u201d, afirm\u00f3 Guerra.<\/p>\n\n\n\n<p>El presidente de la corporaci\u00f3n juvenil tambi\u00e9n destac\u00f3 la capacidad de los j\u00f3venes para crear escenarios de participaci\u00f3n que puedan visibilizarse en la ciudad.<\/p>\n\n\n\n<p><strong>La carrera incorpor\u00f3 una misi\u00f3n ambiental<\/strong><\/p>\n\n\n\n<p>TAMO\u2019 ACTIVO tambi\u00e9n incorpor\u00f3 un componente ambiental como parte del compromiso de sus organizadores con la generaci\u00f3n de h\u00e1bitos responsables frente al manejo de residuos.<\/p>\n\n\n\n<p>Durante la jornada, <strong>los participantes recolectaron material reciclable<\/strong>, que posteriormente fue entregado a la Asociaci\u00f3n de Recicladores de Bicentenario.<\/p>\n\n\n\n<p>La actividad busc\u00f3 que los participantes no solamente recorrieran la ruta, sino que tambi\u00e9n contribuyeran a mantener limpio el territorio despu\u00e9s de finalizar la carrera.<\/p>\n\n\n\n<p>El componente ambiental se extendi\u00f3 adem\u00e1s a la medici\u00f3n y compensaci\u00f3n de la huella de carbono del evento.<\/p>\n\n\n\n<p>Con el apoyo de <strong>ACDesarrollo<\/strong>, la organizaci\u00f3n midi\u00f3 la huella de carbono generada durante la actividad y realiz\u00f3 inmediatamente una jornada de compensaci\u00f3n.<\/p>\n\n\n\n<p>Como parte de esta acci\u00f3n, <strong>se sembraron 430 semillas en el Bosque Nativo Urbano de Bicentenario<\/strong>, incorporando la recuperaci\u00f3n ambiental al desarrollo de la jornada deportiva.<\/p>\n\n\n\n<p>La iniciativa permiti\u00f3 vincular actividad f\u00edsica, participaci\u00f3n juvenil y responsabilidad ambiental en una misma experiencia.<\/p>\n\n\n\n<p>De esta manera, TAMO\u2019 ACTIVO plante\u00f3 una jornada que fue m\u00e1s all\u00e1 de una carrera recreativa. El recorrido permiti\u00f3 promover el uso del espacio p\u00fablico, mientras las acciones ambientales reforzaron el compromiso de los participantes con el territorio.<\/p>\n\n\n\n<p>La participaci\u00f3n de cerca de 150 j\u00f3venes tambi\u00e9n mostr\u00f3 el inter\u00e9s por generar nuevos espacios de encuentro para las nuevas generaciones de Bicentenario y Barrios Unidos.<\/p>\n\n\n\n<p>La primera edici\u00f3n de la carrera se suma a las acciones que buscan fortalecer el tejido comunitario y promover el bienestar de los habitantes del Megabarrio.<\/p>\n\n\n\n<p>El prop\u00f3sito de los organizadores apunta a que los j\u00f3venes encuentren espacios donde puedan participar, compartir experiencias y apropiarse positivamente de los lugares que hacen parte de su comunidad.<\/p>\n\n\n\n<p>La experiencia tambi\u00e9n permiti\u00f3 integrar a familias y habitantes del territorio alrededor de una actividad que combin\u00f3 <strong>deporte, convivencia, h\u00e1bitos saludables y cuidado ambiental<\/strong>.<\/p>\n\n\n\n<p>Para los organizadores, el resultado representa un paso en la construcci\u00f3n de nuevas experiencias de participaci\u00f3n juvenil y en el fortalecimiento de iniciativas comunitarias dentro de Bicentenario.<\/p>\n\n\n\n<p>La jornada dej\u00f3 adem\u00e1s un componente ambiental concreto con la entrega del material reciclable a la asociaci\u00f3n de recicladores y la siembra de 430 semillas en el Bosque Nativo Urbano.<\/p>\n\n\n\n<p>Con esta primera edici\u00f3n de <strong>TAMO\u2019 ACTIVO<\/strong>, Bicentenario contin\u00faa sumando iniciativas relacionadas con el deporte, la participaci\u00f3n comunitaria y el bienestar de sus habitantes.<\/p>\n\n\n\n<p>La carrera tambi\u00e9n refuerza la intenci\u00f3n de convertir el territorio en un espacio donde los j\u00f3venes puedan asumir un papel activo y generar propuestas de participaci\u00f3n que tengan visibilidad en la ciudad.<\/p>\n\n\n\n<p><strong>Bicentenario cerr\u00f3 esta primera carrera recreativa con una combinaci\u00f3n de deporte, juventud y conciencia ambiental<\/strong>, dejando como resultado una experiencia que busc\u00f3 fortalecer los v\u00ednculos comunitarios y demostrar que el espacio p\u00fablico puede convertirse en un escenario para encontrarse, participar y construir comunidad.<\/p>\n\n\n\n<p>La actividad se integra as\u00ed a las iniciativas que buscan consolidar a Bicentenario como <strong>el Megabarrio que lo tiene todo<\/strong>, con nuevas experiencias para sus habitantes y oportunidades para que las nuevas generaciones sigan apropi\u00e1ndose de su territorio.<\/p>\n","protected":false},"excerpt":{"rendered":"<p>TAMO\u2019 ACTIVO reuni\u00f3 cerca de 150 j\u00f3venes en Bicentenario para promover deporte, participaci\u00f3n comunitaria, h\u00e1bitos saludables y conciencia ambiental<\/p>\n","protected":false},"author":2,"featured_media":14422,"comment_status":"closed","ping_status":"closed","sticky":false,"template":"","format":"standard","meta":{"om_disable_all_campaigns":false,"_monsterinsights_skip_tracking":false,"footnotes":""},"categories":[106,102],"tags":[373],"class_list":["post-14418","post","type-post","status-publish","format-standard","has-post-thumbnail","hentry","category-deporte","category-generales","tag-fundacion-santo-domingo"],"_links":{"self":[{"href":"https:\/\/cartagenaaldia.com\/index.php\/wp-json\/wp\/v2\/posts\/14418","targetHints":{"allow":["GET"]}}],"collection":[{"href":"https:\/\/cartagenaaldia.com\/index.php\/wp-json\/wp\/v2\/posts"}],"about":[{"href":"https:\/\/cartagenaaldia.com\/index.php\/wp-json\/wp\/v2\/types\/post"}],"author":[{"embeddable":true,"href":"https:\/\/cartagenaaldia.com\/index.php\/wp-json\/wp\/v2\/users\/2"}],"replies":[{"embeddable":true,"href":"https:\/\/cartagenaaldia.com\/index.php\/wp-json\/wp\/v2\/comments?post=14418"}],"version-history":[{"count":3,"href":"https:\/\/cartagenaaldia.com\/index.php\/wp-json\/wp\/v2\/posts\/14418\/revisions"}],"predecessor-version":[{"id":14421,"href":"https:\/\/cartagenaaldia.com\/index.php\/wp-json\/wp\/v2\/posts\/14418\/revisions\/14421"}],"wp:featuredmedia":[{"embeddable":true,"href":"https:\/\/cartagenaaldia.com\/index.php\/wp-json\/wp\/v2\/media\/14422"}],"wp:attachment":[{"href":"https:\/\/cartagenaaldia.com\/index.php\/wp-json\/wp\/v2\/media?parent=14418"}],"wp:term":[{"taxonomy":"category","embeddable":true,"href":"https:\/\/cartagenaaldia.com\/index.php\/wp-json\/wp\/v2\/categories?post=14418"},{"taxonomy":"post_tag","embeddable":true,"href":"https:\/\/cartagenaaldia.com\/index.php\/wp-json\/wp\/v2\/tags?post=14418"}],"curies":[{"name":"wp","href":"https:\/\/api.w.org\/{rel}","templated":true}]}}