{"id":14415,"date":"2026-09-04T15:18:05","date_gmt":"2026-09-04T20:18:05","guid":{"rendered":"https:\/\/cartagenaaldia.com\/?p=14415"},"modified":"2026-09-04T15:18:05","modified_gmt":"2026-09-04T20:18:05","slug":"alcaldia-de-cartagena-presentara-nuevas-localidades-ante-el-concejo-distrital","status":"publish","type":"post","link":"https:\/\/cartagenaaldia.com\/index.php\/2026\/09\/04\/alcaldia-de-cartagena-presentara-nuevas-localidades-ante-el-concejo-distrital\/","title":{"rendered":"Alcald\u00eda de Cartagena presentar\u00e1 nuevas localidades ante el Concejo Distrital"},"content":{"rendered":"\n<p><strong>Cartagena prepara una nueva organizaci\u00f3n territorial para fortalecer la gesti\u00f3n p\u00fablica y atender necesidades ciudadanas<\/strong><\/p>\n\n\n\n<hr class=\"wp-block-separator has-alpha-channel-opacity\"\/>\n\n\n\n<p>La <strong>Alcald\u00eda de Cartagena avanza en la creaci\u00f3n de las localidades Insular y Zona Norte<\/strong>, como parte del programa de Descentralizaci\u00f3n Administrativa contemplado en el Plan de Desarrollo 2024-2027 \u201cCartagena, Ciudad de Derechos\u201d.<\/p>\n\n\n\n<p>El secretario de Planeaci\u00f3n Distrital, <strong>Emilio Molina Barboza<\/strong>, confirm\u00f3 que el proyecto de acuerdo ser\u00e1 presentado en octubre ante el Concejo Distrital para su respectivo estudio.<\/p>\n\n\n\n<p>La iniciativa plantea una nueva organizaci\u00f3n pol\u00edtico-administrativa para Cartagena, teniendo en cuenta que la actual divisi\u00f3n territorial fue establecida hace m\u00e1s de dos d\u00e9cadas, cuando las condiciones demogr\u00e1ficas, sociales y urban\u00edsticas del Distrito eran diferentes a las actuales.<\/p>\n\n\n\n<p>Actualmente, Cartagena est\u00e1 organizada en tres localidades: <strong>Hist\u00f3rica y del Caribe Norte, de la Virgen y Tur\u00edstica, e Industrial y de la Bah\u00eda<\/strong>. La propuesta contempla la creaci\u00f3n de dos nuevas localidades y la reconfiguraci\u00f3n de las existentes.<\/p>\n\n\n\n<p>La administraci\u00f3n distrital sostiene que esta reorganizaci\u00f3n permitir\u00e1 responder de manera diferenciada a las necesidades de los territorios y fortalecer la presencia institucional en las comunidades.<\/p>\n\n\n\n<p>Molina explic\u00f3 que la Secretar\u00eda de Planeaci\u00f3n trabaja en los \u00faltimos detalles del proyecto de acuerdo que ser\u00e1 presentado ante el Concejo Distrital.<\/p>\n\n\n\n<p>\u201cCartagena ha cambiado y sus territorios tambi\u00e9n, por eso necesitamos una estructura administrativa que responda a esa nueva realidad\u201d, afirm\u00f3 el funcionario.<\/p>\n\n\n\n<p>Seg\u00fan el secretario, <strong>la nueva organizaci\u00f3n territorial permitir\u00e1 fortalecer la descentralizaci\u00f3n administrativa, mejorar la capacidad de gesti\u00f3n en los territorios y lograr una distribuci\u00f3n m\u00e1s eficiente de la inversi\u00f3n p\u00fablica<\/strong>.<\/p>\n\n\n\n<p><strong>El estudio identific\u00f3 brechas en los territorios<\/strong><\/p>\n\n\n\n<p>La propuesta se sustenta en un estudio t\u00e9cnico desarrollado por la Secretar\u00eda de Planeaci\u00f3n Distrital. El an\u00e1lisis incluy\u00f3 variables <strong>econ\u00f3micas, sociales, ambientales, funcionales e institucionales<\/strong>.<\/p>\n\n\n\n<p>El estudio determin\u00f3 que la actual divisi\u00f3n pol\u00edtico-administrativa presenta limitaciones para responder de manera diferenciada a las necesidades y din\u00e1micas que actualmente tiene Cartagena.<\/p>\n\n\n\n<p>Entre los principales hallazgos aparecen brechas relacionadas con <strong>servicios p\u00fablicos, movilidad, espacio p\u00fablico, equipamientos, conectividad y capacidad institucional<\/strong>, especialmente en las zonas rurales, perif\u00e9ricas e insulares.<\/p>\n\n\n\n<p>En materia de espacio p\u00fablico, el estudio se\u00f1ala que Cartagena registra un d\u00e9ficit general de espacio p\u00fablico efectivo de <strong>1,56 metros cuadrados por habitante<\/strong>, frente a una referencia de 15 metros cuadrados por habitante.<\/p>\n\n\n\n<p>El an\u00e1lisis tambi\u00e9n identifica vac\u00edos importantes de equipamientos en sectores como <strong>la zona insular y Pasacaballos<\/strong>, situaci\u00f3n que hace parte de los argumentos para avanzar en una nueva organizaci\u00f3n territorial.<\/p>\n\n\n\n<p>Las dificultades tambi\u00e9n se presentan en materia de movilidad y conectividad. El transporte p\u00fablico colectivo tiene una cobertura cercana al <strong>55 % del Distrito<\/strong> y se concentra principalmente en el suelo urbano.<\/p>\n\n\n\n<p>Corregimientos como <strong>Pasacaballos, La Boquilla, Bayunca y Bar\u00fa<\/strong> enfrentan mayores dificultades de conexi\u00f3n con el resto de Cartagena debido a la ausencia de cobertura directa de Transcaribe.<\/p>\n\n\n\n<p>En la zona insular, particularmente en el <strong>Archipi\u00e9lago de San Bernardo e Isla Fuerte<\/strong>, la conectividad depende de rutas mar\u00edtimas hacia otros departamentos.<\/p>\n\n\n\n<p>El estudio considera que esta situaci\u00f3n evidencia una d\u00e9bil articulaci\u00f3n funcional con Cartagena para acceder a servicios esenciales como <strong>salud, educaci\u00f3n y alimentaci\u00f3n<\/strong>.<\/p>\n\n\n\n<p>Las brechas tambi\u00e9n alcanzan los servicios p\u00fablicos. El documento identifica asentamientos rurales del norte, sectores de Bar\u00fa y zonas insulares con cobertura insuficiente de acueducto.<\/p>\n\n\n\n<p>Adem\u00e1s, persisten d\u00e9ficits relacionados con <strong>alcantarillado, drenaje pluvial, energ\u00eda y conectividad digital<\/strong>, de acuerdo con los resultados del estudio t\u00e9cnico.<\/p>\n\n\n\n<p><strong>La propuesta busca acercar la administraci\u00f3n a las comunidades<\/strong><\/p>\n\n\n\n<p>La Alcald\u00eda de Cartagena tambi\u00e9n identific\u00f3 dificultades para implementar de manera efectiva la descentralizaci\u00f3n contemplada en la Ley 1617 de 2013.<\/p>\n\n\n\n<p>Entre estas dificultades aparecen la <strong>alta concentraci\u00f3n de funciones en el nivel central<\/strong>, las debilidades en la capacidad administrativa de las alcald\u00edas locales, las deficiencias en el personal de planta y el acceso limitado a servicios administrativos en zonas perif\u00e9ricas.<\/p>\n\n\n\n<p>La creaci\u00f3n de las localidades Insular y Zona Norte busca modificar parte de esta situaci\u00f3n mediante una administraci\u00f3n m\u00e1s cercana a los territorios.<\/p>\n\n\n\n<p>Para la administraci\u00f3n distrital, la reorganizaci\u00f3n permitir\u00e1 <strong>consolidar la presencia institucional<\/strong>, mejorar la capacidad de respuesta frente a las necesidades de las comunidades y avanzar hacia una distribuci\u00f3n m\u00e1s eficiente de la inversi\u00f3n p\u00fablica.<\/p>\n\n\n\n<p>La iniciativa tambi\u00e9n responde al compromiso asumido por el alcalde <strong>Dumek Turbay<\/strong> con las comunidades de la zona insular y corregimental de la Zona Norte.<\/p>\n\n\n\n<p>El mandatario incorpor\u00f3 esta propuesta al programa de Descentralizaci\u00f3n Administrativa del Plan de Desarrollo 2024-2027 \u201cCartagena, Ciudad de Derechos\u201d.<\/p>\n\n\n\n<p>De acuerdo con la Alcald\u00eda, la creaci\u00f3n de las nuevas localidades constituye una prioridad para el gobierno distrital. Por ello, se espera que el proyecto avance en el Concejo Distrital y pueda ser aprobado antes de finalizar este a\u00f1o.<\/p>\n\n\n\n<p>Si el tr\u00e1mite avanza conforme a lo previsto, la aprobaci\u00f3n permitir\u00eda dar paso al <strong>nombramiento de los primeros alcaldes locales de la zona Insular y Zona Norte<\/strong>.<\/p>\n\n\n\n<p>Posteriormente, en 2027, los ciudadanos podr\u00edan elegir mediante las urnas a los integrantes de las <strong>Juntas Administradoras Locales (JAL)<\/strong>, fortaleciendo la participaci\u00f3n ciudadana y la representaci\u00f3n de las comunidades en las decisiones relacionadas directamente con sus territorios.<\/p>\n\n\n\n<p>La reorganizaci\u00f3n territorial plantea, por tanto, cambios que buscan acercar las decisiones p\u00fablicas a comunidades que enfrentan condiciones diferenciadas frente al resto del Distrito.<\/p>\n\n\n\n<p>El estudio t\u00e9cnico tambi\u00e9n permite establecer que las necesidades de Cartagena no son homog\u00e9neas y que existen territorios con desaf\u00edos particulares en infraestructura, servicios, movilidad, conectividad y presencia institucional.<\/p>\n\n\n\n<p>La administraci\u00f3n distrital considera que una estructura territorial actualizada puede convertirse en una herramienta para mejorar la gesti\u00f3n p\u00fablica y responder con mayor precisi\u00f3n a esas diferencias.<\/p>\n\n\n\n<p>El alcalde Dumek Turbay destac\u00f3 el alcance social que tendr\u00eda la iniciativa y asegur\u00f3 que representa una transformaci\u00f3n para comunidades que durante a\u00f1os han reclamado mayor atenci\u00f3n.<\/p>\n\n\n\n<p>\u201cLas comunidades que durante d\u00e9cadas convivieron con el abandono, las brechas y la distancia de las decisiones p\u00fablicas, hoy empiezan a escribir una nueva historia\u201d, puntualiz\u00f3 Turbay Paz.<\/p>\n\n\n\n<p>El mandatario agreg\u00f3 que <strong>la creaci\u00f3n de las localidades Insular y Zona Norte significa que Cartagena deja de mirar estos territorios desde lejos y comienza a gobernarlos desde la cercan\u00eda, la presencia institucional y la inversi\u00f3n<\/strong>.<\/p>\n\n\n\n<p>La propuesta deber\u00e1 ahora llegar al Concejo Distrital para su estudio. All\u00ed se definir\u00e1 el futuro del proyecto de acuerdo que busca modificar la organizaci\u00f3n pol\u00edtico-administrativa del Distrito.<\/p>\n\n\n\n<p>M\u00e1s all\u00e1 de la creaci\u00f3n de dos nuevas localidades, la iniciativa contempla una <strong>reconfiguraci\u00f3n de las localidades existentes<\/strong>, con el objetivo de construir una estructura administrativa acorde con la realidad actual de Cartagena.<\/p>\n\n\n\n<p>El proceso tendr\u00e1 como eje la descentralizaci\u00f3n y la posibilidad de fortalecer la participaci\u00f3n ciudadana en los territorios. De concretarse el cronograma planteado, los cambios administrativos podr\u00edan abrir paso a nuevos espacios de representaci\u00f3n local a partir de 2027.<\/p>\n\n\n\n<p>As\u00ed, la propuesta de las localidades Insular y Zona Norte no solo plantea una modificaci\u00f3n territorial, sino tambi\u00e9n una apuesta por acercar la administraci\u00f3n distrital a las comunidades, mejorar la gesti\u00f3n p\u00fablica y atender las brechas identificadas en el estudio t\u00e9cnico.<\/p>\n\n\n\n<p><strong>El debate en el Concejo Distrital marcar\u00e1 el siguiente cap\u00edtulo de una reorganizaci\u00f3n que busca que los territorios rurales, perif\u00e9ricos e insulares tengan mayor cercan\u00eda con las decisiones p\u00fablicas y con la inversi\u00f3n del Distrito.<\/strong><\/p>\n","protected":false},"excerpt":{"rendered":"<p>La Alcald\u00eda de Cartagena presentar\u00e1 en octubre el proyecto para crear las localidades Insular y Zona Norte del Distrito<\/p>\n","protected":false},"author":2,"featured_media":14417,"comment_status":"closed","ping_status":"closed","sticky":false,"template":"","format":"standard","meta":{"om_disable_all_campaigns":false,"_monsterinsights_skip_tracking":false,"footnotes":""},"categories":[110,102],"tags":[275],"class_list":["post-14415","post","type-post","status-publish","format-standard","has-post-thumbnail","hentry","category-bolivar","category-generales","tag-alcaldia-cartagena"],"_links":{"self":[{"href":"https:\/\/cartagenaaldia.com\/index.php\/wp-json\/wp\/v2\/posts\/14415","targetHints":{"allow":["GET"]}}],"collection":[{"href":"https:\/\/cartagenaaldia.com\/index.php\/wp-json\/wp\/v2\/posts"}],"about":[{"href":"https:\/\/cartagenaaldia.com\/index.php\/wp-json\/wp\/v2\/types\/post"}],"author":[{"embeddable":true,"href":"https:\/\/cartagenaaldia.com\/index.php\/wp-json\/wp\/v2\/users\/2"}],"replies":[{"embeddable":true,"href":"https:\/\/cartagenaaldia.com\/index.php\/wp-json\/wp\/v2\/comments?post=14415"}],"version-history":[{"count":1,"href":"https:\/\/cartagenaaldia.com\/index.php\/wp-json\/wp\/v2\/posts\/14415\/revisions"}],"predecessor-version":[{"id":14416,"href":"https:\/\/cartagenaaldia.com\/index.php\/wp-json\/wp\/v2\/posts\/14415\/revisions\/14416"}],"wp:featuredmedia":[{"embeddable":true,"href":"https:\/\/cartagenaaldia.com\/index.php\/wp-json\/wp\/v2\/media\/14417"}],"wp:attachment":[{"href":"https:\/\/cartagenaaldia.com\/index.php\/wp-json\/wp\/v2\/media?parent=14415"}],"wp:term":[{"taxonomy":"category","embeddable":true,"href":"https:\/\/cartagenaaldia.com\/index.php\/wp-json\/wp\/v2\/categories?post=14415"},{"taxonomy":"post_tag","embeddable":true,"href":"https:\/\/cartagenaaldia.com\/index.php\/wp-json\/wp\/v2\/tags?post=14415"}],"curies":[{"name":"wp","href":"https:\/\/api.w.org\/{rel}","templated":true}]}}