{"id":14408,"date":"2026-09-04T07:24:29","date_gmt":"2026-09-04T12:24:29","guid":{"rendered":"https:\/\/cartagenaaldia.com\/?p=14408"},"modified":"2026-09-04T07:24:30","modified_gmt":"2026-09-04T12:24:30","slug":"salwa-maloof-llevara-el-carnaval-de-barranquilla-a-festijazz-mompox-2026","status":"publish","type":"post","link":"https:\/\/cartagenaaldia.com\/index.php\/2026\/09\/04\/salwa-maloof-llevara-el-carnaval-de-barranquilla-a-festijazz-mompox-2026\/","title":{"rendered":"Salwa Maloof llevar\u00e1 el Carnaval de Barranquilla a FestiJazz Mompox 2026"},"content":{"rendered":"\n<p><strong>La soberana Salwa Maloof promover\u00e1 el valioso patrimonio cultural del Carnaval de Barranquilla durante FestiJazz Mompox 2026<\/strong><\/p>\n\n\n\n<hr class=\"wp-block-separator has-alpha-channel-opacity\"\/>\n\n\n\n<p>La reina del Carnaval de Barranquilla 2027, <strong>Salwa Maloof Habib<\/strong>, participar\u00e1 en la agenda de FestiJazz Mompox 2026, como parte de una estrategia para llevar la riqueza cultural de esta celebraci\u00f3n a diferentes escenarios del pa\u00eds.<\/p>\n\n\n\n<p>La invitaci\u00f3n fue realizada por el gobernador de Bol\u00edvar, <strong>Yamil Arana<\/strong>, y busca acercar la historia, las tradiciones, los hacedores y la condici\u00f3n de patrimonio del Carnaval de Barranquilla a nuevos p\u00fablicos.<\/p>\n\n\n\n<p>La participaci\u00f3n de la soberana tambi\u00e9n pretende fortalecer los v\u00ednculos entre las diferentes expresiones culturales del Caribe colombiano. En Mompox, Salwa Maloof llegar\u00e1 como embajadora de una fiesta que, seg\u00fan ha expresado, es <strong>\u201cPa\u2019 todo el mundo\u201d<\/strong>.<\/p>\n\n\n\n<p>Durante su visita, la reina participar\u00e1 en espacios relacionados con la transmisi\u00f3n de saberes, la m\u00fasica, la danza, la oralidad, las artesan\u00edas y la creaci\u00f3n popular, manifestaciones que permanecen vivas gracias al trabajo de generaciones de hacedores y portadores de tradici\u00f3n.<\/p>\n\n\n\n<p><strong>Salwa Maloof compartir\u00e1 con representantes del Caribe<\/strong><\/p>\n\n\n\n<p>En el marco de FestiJazz Mompox 2026, <strong>Salwa Maloof Habib compartir\u00e1 con la primera dama de la Naci\u00f3n, Anal\u00fa Pineda; la viceministra de Cultura y las primeras damas del Caribe colombiano<\/strong>.<\/p>\n\n\n\n<p>Este encuentro permitir\u00e1 visibilizar al Carnaval de Barranquilla como una de las principales expresiones culturales de Colombia y contribuir\u00e1 al fortalecimiento de alianzas relacionadas con la promoci\u00f3n, protecci\u00f3n y proyecci\u00f3n del patrimonio cultural del Caribe colombiano.<\/p>\n\n\n\n<p>La soberana destac\u00f3 el significado de esta visita y la posibilidad de utilizar el encuentro para contar la historia de una celebraci\u00f3n que tiene en sus hacedores uno de sus principales pilares.<\/p>\n\n\n\n<p>\u201cQuiero que esta visita sea una oportunidad para contar lo que significa nuestro Carnaval, para hablar de quienes lo hacen posible y para invitar a m\u00e1s personas a conocerlo, vivirlo y valorarlo\u201d, expres\u00f3 Salwa Maloof.<\/p>\n\n\n\n<p>La reina tambi\u00e9n relacion\u00f3 su participaci\u00f3n con el <strong>mes del Patrimonio<\/strong> y resalt\u00f3 la importancia del intercambio entre las dos fiestas y sus respectivas manifestaciones culturales.<\/p>\n\n\n\n<p>\u201cEstamos en el mes del Patrimonio y sabemos lo que representa para las dos fiestas este intercambio de saberes y, qu\u00e9 bonito hacer parte de su fiesta\u201d, agreg\u00f3 la soberana sobre su visita al municipio de Bol\u00edvar.<\/p>\n\n\n\n<p>La presencia de Salwa Maloof en Mompox adquiere un significado especial por la fuerte identidad patrimonial y cultural del territorio. All\u00ed conviven expresiones musicales, artesanales, gastron\u00f3micas y tradicionales que forman parte de la memoria del Caribe.<\/p>\n\n\n\n<p><strong>La filigrana momposina inspirar\u00e1 el vestido de la soberana<\/strong><\/p>\n\n\n\n<p>Como parte de su participaci\u00f3n, <strong>Salwa Maloof llevar\u00e1 un homenaje a la filigrana momposina<\/strong>, uno de los s\u00edmbolos artesanales m\u00e1s reconocidos de Mompox.<\/p>\n\n\n\n<p>La reina lucir\u00e1 un vestido dise\u00f1ado por <strong>Jean Rebechi<\/strong>, creaci\u00f3n que se inspira en los delicados entramados de este arte tradicional. El vestuario estar\u00e1 confeccionado con sedas brocadas y tafetanes.<\/p>\n\n\n\n<p>La pollera tendr\u00e1 un tono <strong>morado amatista con bordados dorados<\/strong> y recrear\u00e1 motivos relacionados con la filigrana. Sus amplios paneles y capas evocar\u00e1n, adem\u00e1s, el movimiento del r\u00edo Magdalena.<\/p>\n\n\n\n<p>El vestuario se integrar\u00e1 al mensaje central de la visita como un gesto de reconocimiento hacia los artesanos, sus conocimientos y el valor de las expresiones culturales que se transmiten de generaci\u00f3n en generaci\u00f3n.<\/p>\n\n\n\n<p>La propuesta tambi\u00e9n establecer\u00e1 un v\u00ednculo visual entre dos manifestaciones culturales del Caribe: el Carnaval de Barranquilla y la tradici\u00f3n artesanal de Mompox.<\/p>\n\n\n\n<p>\u201cAs\u00ed como el Carnaval vive gracias a sus hacedores, Mompox mantiene viva su historia a trav\u00e9s de sus artesanos y de sus tradiciones\u201d, manifest\u00f3 Salwa Maloof.<\/p>\n\n\n\n<p>La soberana destac\u00f3 adem\u00e1s las coincidencias culturales que existen entre los territorios del Caribe y se\u00f1al\u00f3 que la visita representa una oportunidad para celebrar aquellos elementos que identifican a la regi\u00f3n.<\/p>\n\n\n\n<p>\u201cTenemos mucho en com\u00fan como Caribe y queremos que esta visita sea tambi\u00e9n una celebraci\u00f3n de todo aquello que nos identifica\u201d, agreg\u00f3.<\/p>\n\n\n\n<p>La participaci\u00f3n de la reina del Carnaval de Barranquilla 2027 en <strong>FestiJazz Mompox 2026<\/strong> forma parte de una agenda de proyecci\u00f3n que busca llevar la celebraci\u00f3n a escenarios nacionales y ampliar el reconocimiento de sus expresiones culturales.<\/p>\n\n\n\n<p>El encuentro tambi\u00e9n plantea un espacio para promover el intercambio entre diferentes manifestaciones culturales de Colombia, fortalecer el reconocimiento de los patrimonios y generar nuevos v\u00ednculos alrededor de la identidad del Caribe.<\/p>\n\n\n\n<p>La presencia de Salwa Maloof en Mompox permitir\u00e1, adem\u00e1s, mostrar la relaci\u00f3n entre tradici\u00f3n, creaci\u00f3n popular y transmisi\u00f3n de saberes, elementos que permanecen vigentes a trav\u00e9s de quienes mantienen vivas estas expresiones.<\/p>\n\n\n\n<p>De esta manera, <strong>el Carnaval de Barranquilla busca fortalecer su presencia en escenarios nacionales<\/strong>, mientras la participaci\u00f3n de su soberana conecta esta celebraci\u00f3n con la riqueza patrimonial de Mompox.<\/p>\n\n\n\n<p>La visita tendr\u00e1 como escenario un territorio donde las tradiciones ocupan un lugar destacado en la memoria cultural del Caribe. En ese contexto, la m\u00fasica, la danza, la oralidad, las artesan\u00edas y otras expresiones servir\u00e1n como puntos de encuentro.<\/p>\n\n\n\n<p>FestiJazz Mompox 2026 se convierte as\u00ed en un espacio para estrechar lazos entre distintas expresiones culturales y para proyectar el valor de las tradiciones que identifican al Caribe colombiano.<\/p>\n\n\n\n<p><strong>Salwa Maloof llegar\u00e1 a Mompox como embajadora del Carnaval de Barranquilla<\/strong>, pero tambi\u00e9n como representante de una visi\u00f3n que busca acercar la fiesta a nuevos p\u00fablicos y fortalecer el di\u00e1logo con otros territorios y patrimonios.<\/p>\n\n\n\n<p>El vestido inspirado en la filigrana momposina, el encuentro con representantes del Caribe y el intercambio de saberes acompa\u00f1ar\u00e1n una visita que pone en primer plano a los hacedores y portadores de tradici\u00f3n.<\/p>\n\n\n\n<p>Con esta participaci\u00f3n, <strong>el Carnaval de Barranquilla reafirma su intenci\u00f3n de ser \u201cPa\u2019 todo el mundo\u201d<\/strong>, llevando su historia, sus tradiciones y su riqueza cultural a nuevos escenarios, mientras encuentra en Mompox un territorio aliado para celebrar la diversidad y la identidad del Caribe colombiano.<\/p>\n\n\n<div class=\"wp-block-image\">\n<figure class=\"aligncenter size-large\"><img fetchpriority=\"high\" decoding=\"async\" width=\"819\" height=\"1024\" src=\"https:\/\/cartagenaaldia.com\/wp-content\/uploads\/2026\/09\/1002579484-819x1024.webp\" alt=\"\" class=\"wp-image-14413\"\/><\/figure><\/div>","protected":false},"excerpt":{"rendered":"<p>Salwa Maloof participar\u00e1 en FestiJazz Mompox 2026 para promover el Carnaval de Barranquilla y fortalecer alianzas culturales caribe\u00f1as<\/p>\n","protected":false},"author":2,"featured_media":14412,"comment_status":"closed","ping_status":"closed","sticky":false,"template":"","format":"standard","meta":{"om_disable_all_campaigns":false,"_monsterinsights_skip_tracking":false,"footnotes":""},"categories":[114,102],"tags":[1207,507,380],"class_list":["post-14408","post","type-post","status-publish","format-standard","has-post-thumbnail","hentry","category-entretenimiento","category-generales","tag-carnaval-barranquilla","tag-festi-jazz-mompox","tag-gobernacion-bolivar"],"_links":{"self":[{"href":"https:\/\/cartagenaaldia.com\/index.php\/wp-json\/wp\/v2\/posts\/14408","targetHints":{"allow":["GET"]}}],"collection":[{"href":"https:\/\/cartagenaaldia.com\/index.php\/wp-json\/wp\/v2\/posts"}],"about":[{"href":"https:\/\/cartagenaaldia.com\/index.php\/wp-json\/wp\/v2\/types\/post"}],"author":[{"embeddable":true,"href":"https:\/\/cartagenaaldia.com\/index.php\/wp-json\/wp\/v2\/users\/2"}],"replies":[{"embeddable":true,"href":"https:\/\/cartagenaaldia.com\/index.php\/wp-json\/wp\/v2\/comments?post=14408"}],"version-history":[{"count":4,"href":"https:\/\/cartagenaaldia.com\/index.php\/wp-json\/wp\/v2\/posts\/14408\/revisions"}],"predecessor-version":[{"id":14414,"href":"https:\/\/cartagenaaldia.com\/index.php\/wp-json\/wp\/v2\/posts\/14408\/revisions\/14414"}],"wp:featuredmedia":[{"embeddable":true,"href":"https:\/\/cartagenaaldia.com\/index.php\/wp-json\/wp\/v2\/media\/14412"}],"wp:attachment":[{"href":"https:\/\/cartagenaaldia.com\/index.php\/wp-json\/wp\/v2\/media?parent=14408"}],"wp:term":[{"taxonomy":"category","embeddable":true,"href":"https:\/\/cartagenaaldia.com\/index.php\/wp-json\/wp\/v2\/categories?post=14408"},{"taxonomy":"post_tag","embeddable":true,"href":"https:\/\/cartagenaaldia.com\/index.php\/wp-json\/wp\/v2\/tags?post=14408"}],"curies":[{"name":"wp","href":"https:\/\/api.w.org\/{rel}","templated":true}]}}