{"id":14400,"date":"2026-09-02T22:03:46","date_gmt":"2026-09-03T03:03:46","guid":{"rendered":"https:\/\/cartagenaaldia.com\/?p=14400"},"modified":"2026-09-02T22:03:47","modified_gmt":"2026-09-03T03:03:47","slug":"cartagena-celebra-el-mundial-musical-de-champeta-y-afro-en-la-plaza-de-toros","status":"publish","type":"post","link":"https:\/\/cartagenaaldia.com\/index.php\/2026\/09\/02\/cartagena-celebra-el-mundial-musical-de-champeta-y-afro-en-la-plaza-de-toros\/","title":{"rendered":"Cartagena celebra el Mundial Musical de Champeta y Afro en la Plaza de Toros"},"content":{"rendered":"\n<p><strong>El gran evento reunir\u00e1 artistas, DJs y cultura picotera durante una jornada hist\u00f3rica para Cartagena<\/strong><\/p>\n\n\n\n<hr class=\"wp-block-separator has-alpha-channel-opacity\"\/>\n\n\n\n<p>Cartagena se prepara para recibir, el pr\u00f3ximo <strong>5 de septiembre en la Plaza de Toros<\/strong>, la tercera edici\u00f3n del <strong>Mundial Musical de Champeta y Afro<\/strong>, un evento que espera congregar a m\u00e1s de 7.000 asistentes y reunir en escena a m\u00e1s de 10 artistas y DJs destacados del g\u00e9nero.<\/p>\n\n\n\n<p>La jornada busca consolidarse como uno de los principales escenarios para <strong>exaltar la cultura picotera<\/strong> y fortalecer el reconocimiento nacional de la champeta, un ritmo que este a\u00f1o fue nombrado <strong>Patrimonio Cultural Inmaterial de la Naci\u00f3n<\/strong>.<\/p>\n\n\n\n<p>El evento contar\u00e1 con un cartel que reunir\u00e1 a reconocidos exponentes de la m\u00fasica champetera. <strong>Luis Tower, Koffe El Kafetero, Mr. Black y El Secar<\/strong> estar\u00e1n presentes en el escenario para ofrecer una jornada dedicada a los sonidos y la tradici\u00f3n de Cartagena.<\/p>\n\n\n\n<p>La programaci\u00f3n tambi\u00e9n tendr\u00e1 la participaci\u00f3n de DJs representativos de la cultura picotera. <strong>DJ Mem\u00edn, Sowil Mu\u00f1oz, Michael \u201cEl Insoportable\u201d, DJ Mami y Los de la X<\/strong> llevar\u00e1n su propuesta musical a una celebraci\u00f3n que pretende reunir a miles de personas alrededor de uno de los g\u00e9neros m\u00e1s representativos del Caribe.<\/p>\n\n\n\n<p><strong>El Mundial Musical de Champeta y Afro tendr\u00e1 como uno de sus momentos centrales el homenaje a los 40 a\u00f1os del Rey de Rocha<\/strong>, hist\u00f3rico pic\u00f3 considerado la cuna de la champeta criolla.<\/p>\n\n\n\n<p><strong>El Rey de Rocha recibir\u00e1 un homenaje por sus 40 a\u00f1os<\/strong><\/p>\n\n\n\n<p>La tercera edici\u00f3n del Mundial Musical de Champeta y Afro rendir\u00e1 un tributo especial a la trayectoria del <strong>Rey de Rocha<\/strong>, como parte de una celebraci\u00f3n que busca integrar diferentes momentos de la historia de la cultura picotera.<\/p>\n\n\n\n<p>El espect\u00e1culo incluir\u00e1 adem\u00e1s un show conmemorativo relacionado con algunos de los pic\u00f3s rivales de los inicios del Rey de Rocha. <strong>El Sabor, El Conde, El G\u00e9minis y El Imperio<\/strong> har\u00e1n parte de esta referencia a la historia picotera, mientras que El Imperio participar\u00e1 como invitado especial.<\/p>\n\n\n\n<p>Harold Iriarte, fundador de uno de los pic\u00f3s m\u00e1s representativos de la m\u00fasica champetera y fundador de HI Producciones, destac\u00f3 la importancia de reunir este legado en un mismo escenario.<\/p>\n\n\n\n<p>\u201cCelebrar 40 a\u00f1os de historia del Rey de Rocha e integrar el legado picotero en un solo escenario es un hito \u00fanico para toda la cultura champetera\u201d, coment\u00f3 Iriarte.<\/p>\n\n\n\n<p>El fundador de HI Producciones tambi\u00e9n se\u00f1al\u00f3 que el espect\u00e1culo fue dise\u00f1ado para presentarse en la Plaza de Toros el 5 de septiembre, con la intenci\u00f3n de demostrar que <strong>la cultura de los barrios puede ocupar escenarios de gran formato<\/strong>.<\/p>\n\n\n\n<p>La celebraci\u00f3n tambi\u00e9n contar\u00e1 con la participaci\u00f3n de ANDINA Light como patrocinador oficial. La marca presentar\u00e1 la <strong>\u201cChampet\u00faa\u201d<\/strong>, una edici\u00f3n especial en lata creada como homenaje al orgullo de barrio.<\/p>\n\n\n\n<p>La pieza coleccionable estar\u00e1 inspirada en la gr\u00e1fica tradicional de los pic\u00f3s y utilizar\u00e1 los colores caracter\u00edsticos de Cartagena. La propuesta busca invitar a los colombianos a celebrar y vestir de gala una tradici\u00f3n vinculada con la identidad cultural del Caribe.<\/p>\n\n\n\n<p>Juan Soler, vicepresidente de Mercadeo de Central Cervecera de Colombia, explic\u00f3 que la marca decidi\u00f3 vincularse con referentes de la tarima para respaldar esta expresi\u00f3n cultural.<\/p>\n\n\n\n<p>\u201cEn ANDINA Light nos aliamos con los grandes referentes de la tarima para rendirle tributo a esa actitud de \u2018tom\u00e1rsela ligera\u2019\u201d, afirm\u00f3 Soler.<\/p>\n\n\n\n<p>El ejecutivo agreg\u00f3 que la iniciativa busca respaldar una cultura que mueve a la gente y que representa un <strong>sello de identidad nacional<\/strong>.<\/p>\n\n\n\n<p><strong>La cultura picotera tambi\u00e9n impulsa la econom\u00eda local<\/strong><\/p>\n\n\n\n<p>La realizaci\u00f3n del Mundial Musical de Champeta y Afro representa una oportunidad para fortalecer actividades econ\u00f3micas relacionadas con la cultura picotera y el turismo en Cartagena.<\/p>\n\n\n\n<p>El evento puede beneficiar a diferentes actores que participan en esta cadena de valor, entre ellos <strong>artistas, DJs, gestores culturales, artesanos de parlantes, tenderos y peque\u00f1os comercios de la ciudad<\/strong>.<\/p>\n\n\n\n<p>La programaci\u00f3n del 5 de septiembre plantea as\u00ed una celebraci\u00f3n que trasciende el escenario musical y conecta la tradici\u00f3n picotera con diferentes sectores que hacen parte de la din\u00e1mica cultural y comercial de Cartagena.<\/p>\n\n\n\n<p>La expectativa de m\u00e1s de 7.000 asistentes tambi\u00e9n convierte la jornada en un espacio para mostrar el alcance de una manifestaci\u00f3n cultural que contin\u00faa ganando reconocimiento en Colombia.<\/p>\n\n\n\n<p>El Mundial Musical de Champeta y Afro llega a su tercera edici\u00f3n con el prop\u00f3sito de fortalecer su posici\u00f3n como escenario de referencia para la celebraci\u00f3n de este g\u00e9nero. <strong>La presencia de m\u00e1s de 10 artistas y DJs, junto con el homenaje a los 40 a\u00f1os del Rey de Rocha<\/strong>, marcar\u00e1 una programaci\u00f3n construida alrededor de la historia y el presente de la champeta.<\/p>\n\n\n\n<p>Cartagena ser\u00e1 nuevamente el punto de encuentro para quienes reconocen en los pic\u00f3s una expresi\u00f3n fundamental de su identidad cultural. La Plaza de Toros recibir\u00e1 una jornada que combinar\u00e1 m\u00fasica, tradici\u00f3n y homenaje.<\/p>\n\n\n\n<p>Con el lanzamiento de la ANDINA Light \u201cChampet\u00faa\u201d y la celebraci\u00f3n de cuatro d\u00e9cadas del Rey de Rocha, <strong>el Mundial Musical de Champeta y Afro buscar\u00e1 reafirmar a Cartagena como escenario central de la cultura picotera y como casa de la champeta<\/strong>.<\/p>\n\n\n\n<p>El 5 de septiembre, artistas, DJs, gestores culturales y p\u00fablico se encontrar\u00e1n en un mismo espacio para celebrar una tradici\u00f3n que mantiene su fuerza y que contin\u00faa conquistando nuevos p\u00fablicos en todo el pa\u00eds.<\/p>\n","protected":false},"excerpt":{"rendered":"<p>Cartagena recibir\u00e1 el Mundial Musical de Champeta y Afro, con artistas, DJs y un homenaje al Rey de Rocha<\/p>\n","protected":false},"author":2,"featured_media":14407,"comment_status":"closed","ping_status":"closed","sticky":false,"template":"","format":"standard","meta":{"om_disable_all_campaigns":false,"_monsterinsights_skip_tracking":false,"footnotes":""},"categories":[114,102],"tags":[1205,1206],"class_list":["post-14400","post","type-post","status-publish","format-standard","has-post-thumbnail","hentry","category-entretenimiento","category-generales","tag-andina","tag-mundial-musical-de-champeta-y-afro"],"_links":{"self":[{"href":"https:\/\/cartagenaaldia.com\/index.php\/wp-json\/wp\/v2\/posts\/14400","targetHints":{"allow":["GET"]}}],"collection":[{"href":"https:\/\/cartagenaaldia.com\/index.php\/wp-json\/wp\/v2\/posts"}],"about":[{"href":"https:\/\/cartagenaaldia.com\/index.php\/wp-json\/wp\/v2\/types\/post"}],"author":[{"embeddable":true,"href":"https:\/\/cartagenaaldia.com\/index.php\/wp-json\/wp\/v2\/users\/2"}],"replies":[{"embeddable":true,"href":"https:\/\/cartagenaaldia.com\/index.php\/wp-json\/wp\/v2\/comments?post=14400"}],"version-history":[{"count":6,"href":"https:\/\/cartagenaaldia.com\/index.php\/wp-json\/wp\/v2\/posts\/14400\/revisions"}],"predecessor-version":[{"id":14406,"href":"https:\/\/cartagenaaldia.com\/index.php\/wp-json\/wp\/v2\/posts\/14400\/revisions\/14406"}],"wp:featuredmedia":[{"embeddable":true,"href":"https:\/\/cartagenaaldia.com\/index.php\/wp-json\/wp\/v2\/media\/14407"}],"wp:attachment":[{"href":"https:\/\/cartagenaaldia.com\/index.php\/wp-json\/wp\/v2\/media?parent=14400"}],"wp:term":[{"taxonomy":"category","embeddable":true,"href":"https:\/\/cartagenaaldia.com\/index.php\/wp-json\/wp\/v2\/categories?post=14400"},{"taxonomy":"post_tag","embeddable":true,"href":"https:\/\/cartagenaaldia.com\/index.php\/wp-json\/wp\/v2\/tags?post=14400"}],"curies":[{"name":"wp","href":"https:\/\/api.w.org\/{rel}","templated":true}]}}