{"id":14390,"date":"2026-09-01T13:13:39","date_gmt":"2026-09-01T18:13:39","guid":{"rendered":"https:\/\/cartagenaaldia.com\/?p=14390"},"modified":"2026-09-01T13:13:40","modified_gmt":"2026-09-01T18:13:40","slug":"central-de-maderas-impulsa-la-economia-circular-desde-cartagena","status":"publish","type":"post","link":"https:\/\/cartagenaaldia.com\/index.php\/2026\/09\/01\/central-de-maderas-impulsa-la-economia-circular-desde-cartagena\/","title":{"rendered":"Central de Maderas impulsa la econom\u00eda circular desde Cartagena"},"content":{"rendered":"\n<p><strong>La innovadora empresa familiar colombiana transforma madera, fortalece su crecimiento y proyecta alcanzar 400 empleados para 2030<\/strong><\/p>\n\n\n\n<hr class=\"wp-block-separator has-alpha-channel-opacity\"\/>\n\n\n\n<p><strong>Una empresa familiar con visi\u00f3n de crecimiento<\/strong><\/p>\n\n\n<div class=\"wp-block-image\">\n<figure class=\"alignright size-large is-resized\"><img fetchpriority=\"high\" decoding=\"async\" width=\"576\" height=\"1024\" src=\"https:\/\/cartagenaaldia.com\/wp-content\/uploads\/2026\/09\/Central-de-Maderas-5-576x1024.webp\" alt=\"\" class=\"wp-image-14395\" style=\"width:319px;height:auto\"\/><figcaption class=\"wp-element-caption\">Central de Maderas empresa 100% uso energ\u00eda solar<\/figcaption><\/figure><\/div>\n\n\n<p><strong>Cartagena Al D\u00eda convers\u00f3 con David Mar\u00edn Parra<\/strong>, gerente general de Central de Maderas G y S S.A.S., una empresa familiar colombiana dedicada al sector de las maderas, especialmente a la construcci\u00f3n de estibas y pallets, elementos requeridos por el sector del transporte de carga.<\/p>\n\n\n\n<p>Mar\u00edn Parra representa la <strong>segunda generaci\u00f3n empresarial<\/strong> y asumi\u00f3 la gerencia hace aproximadamente siete u ocho a\u00f1os, despu\u00e9s de un proceso de relevo generacional que se desarroll\u00f3 durante cinco a\u00f1os junto a sus padres, Gustavo Mar\u00edn y Sandra Parra.<\/p>\n\n\n\n<p><strong>\u00bfC\u00f3mo naci\u00f3 Central de Maderas?<\/strong><\/p>\n\n\n\n<p>Es una historia muy bonita. Mi padre es de La Dorada, Caldas, y ambos eran de pocos recursos. Mi padre se fue a Bogot\u00e1 a buscar la educaci\u00f3n superior y empez\u00f3 a estudiar en la Universidad Nacional. Al mismo tiempo comenz\u00f3 a vender maderas y a trabajar como intermediario.<\/p>\n\n\n\n<p>Mont\u00f3 un peque\u00f1o dep\u00f3sito y se enamor\u00f3 de mi madre. Ella trabajaba en una planta de secado de madera al frente. Mi madre tambi\u00e9n se interes\u00f3 por este sector y comenz\u00f3 a trabajar con mi padre. As\u00ed construyeron una colaboraci\u00f3n en la que <strong>uno aportaba desde lo comercial y el otro desde lo operacional<\/strong>, hasta lograr grandes cosas.<\/p>\n\n\n\n<p><strong>\u00bfQu\u00e9 representa para usted continuar con ese proyecto familiar?<\/strong><\/p>\n\n\n\n<p>Es una responsabilidad muy grande y tambi\u00e9n una oportunidad. Cuando yo llegu\u00e9, la empresa era peque\u00f1a. Hoy ya somos una empresa mediana y tenemos una visi\u00f3n de crecimiento para convertirnos en una gran empresa de aqu\u00ed al cierre de 2030.<\/p>\n\n\n\n<p>Mis padres fueron fundamentales. Mi padre, Gustavo Mar\u00edn, tiene un enfoque estrat\u00e9gico y de operaciones, mientras mi madre, Sandra Parra, est\u00e1 muy enfocada en el tema comercial. Yo llegu\u00e9 con una visi\u00f3n de <strong>innovaci\u00f3n, desarrollo y expansi\u00f3n del negocio<\/strong>.<\/p>\n\n\n\n<p><strong>Econom\u00eda circular y sostenibilidad como pilares<\/strong><\/p>\n\n\n<div class=\"wp-block-image\">\n<figure class=\"alignright size-large is-resized\"><img decoding=\"async\" width=\"1024\" height=\"576\" src=\"https:\/\/cartagenaaldia.com\/wp-content\/uploads\/2026\/09\/Central-de-Maderas-4-1024x576.webp\" alt=\"\" class=\"wp-image-14393\" style=\"width:439px;height:auto\"\/><figcaption class=\"wp-element-caption\">Central de Maderas en Ballestas, Turbana<\/figcaption><\/figure><\/div>\n\n\n<p>Uno de los principales enfoques de Central de Maderas es la econom\u00eda circular. La compa\u00f1\u00eda busca aprovechar los recursos y reducir el impacto ambiental mediante diferentes procesos que involucran el agua, la energ\u00eda, los bosques y la recuperaci\u00f3n de las estibas.<\/p>\n\n\n\n<p><strong>\u00bfCu\u00e1les son los principales pilares ambientales de la compa\u00f1\u00eda?<\/strong><\/p>\n\n\n\n<p>En Central de Maderas estamos supremamente enfocados en el tema ambiental. Tenemos varios pilares. Por ejemplo, <strong>todas las aguas de los techos son recuperadas en las plantas a nivel nacional<\/strong> y utilizadas para los procesos, por lo que no consumimos aguas potables.<\/p>\n\n\n\n<p>Adem\u00e1s, en la planta de Cartagena tenemos paneles solares y estamos enfocados en que el 100 % del consumo sea generado a nivel solar.<\/p>\n\n\n\n<p>Nuestras estibas vienen de bosques reforestados. Esa es una parte muy importante. <strong>Ya contamos con m\u00e1s de 500 hect\u00e1reas de bosques<\/strong>, que est\u00e1n capturando carbono continuamente. Al momento de cosecharlos, nuestros aliados vuelven y los siembran, manteniendo un proceso continuo.<\/p>\n\n\n\n<p>Pero la econom\u00eda circular tambi\u00e9n est\u00e1 presente despu\u00e9s de entregar las estibas a los clientes. Buscamos repararlas para darles un mayor uso y generar un impacto ambiental menor.<\/p>\n\n\n\n<p>Esto tambi\u00e9n permite que nuestros clientes <strong>ahorren grandes sumas en la inversi\u00f3n anual en estibas<\/strong>, mientras se reduce el impacto ambiental.<\/p>\n\n\n\n<p>\u00bfY qu\u00e9 ocurre con las estibas que ya no pueden repararse?<\/p>\n\n\n\n<p>Para los saldos de estibas que est\u00e1n muy destruidos construimos otra empresa, que se llama <strong>Eco Central<\/strong>. All\u00ed recuperamos los elementos m\u00e1s peque\u00f1os y los utilizamos en la industria del mueble.<\/p>\n\n\n\n<p>De esta manera, se le da una vida \u00fatil mayor a la misma madera. <strong>Dejan de ser basura y pasan a convertirse en residuos utilizables.<\/strong><\/p>\n\n\n\n<p>La planta de estibas de la Costa Norte de Colombia est\u00e1 ubicada en el corregimiento de Ballestas, municipio de Turbana. All\u00ed trabaja gran parte de los empleados de mano de obra calificada y no calificada.<\/p>\n\n\n\n<p>La compa\u00f1\u00eda tambi\u00e9n mantiene procesos continuos de capacitaci\u00f3n para sus trabajadores mediante herramientas virtuales e <strong>Inteligencia Artificial<\/strong>, como parte de su apuesta por la formaci\u00f3n.<\/p>\n\n\n\n<p><strong>\u00bfC\u00f3mo ha evolucionado la empresa desde que usted asumi\u00f3 la gerencia?<\/strong><\/p>\n\n\n<div class=\"wp-block-image\">\n<figure class=\"alignright size-large is-resized\"><img decoding=\"async\" width=\"1024\" height=\"576\" src=\"https:\/\/cartagenaaldia.com\/wp-content\/uploads\/2026\/09\/Central-de-Maderas-3-1024x576.webp\" alt=\"\" class=\"wp-image-14394\" style=\"width:403px;height:auto\"\/><figcaption class=\"wp-element-caption\">Central de Maderas provee empleo a Turbana, Turbaco y Cartagena<\/figcaption><\/figure><\/div>\n\n\n<p>Mis padres dejaron dos plantas y actualmente nosotros tenemos siete. Es decir, durante este proceso se han sumado cinco plantas.<\/p>\n\n\n\n<p>En volumen de ventas estamos creciendo <strong>por encima del 15 % anual desde hace m\u00e1s de cinco a\u00f1os<\/strong>. Considero que somos una compa\u00f1\u00eda que est\u00e1 creciendo bastante dentro del sector de estibadores.<\/p>\n\n\n\n<p>Nuestra visi\u00f3n es llegar a gran empresa en 2030 y esperamos que al finalizar el pr\u00f3ximo a\u00f1o podamos entregar <strong>m\u00e1s de un mill\u00f3n de pallets al a\u00f1o<\/strong>, es decir, m\u00e1s de un mill\u00f3n de estibas.<\/p>\n\n\n\n<p><strong>Relevo generacional y gobierno corporativo<\/strong><\/p>\n\n\n\n<p>El crecimiento de Central de Maderas tambi\u00e9n est\u00e1 acompa\u00f1ado por una estructura de gobierno familiar que busca preservar los valores construidos por los fundadores y garantizar la continuidad empresarial.<\/p>\n\n\n\n<p><strong>\u00bfC\u00f3mo fue el proceso de relevo generacional?<\/strong><\/p>\n\n\n\n<p>Nosotros hicimos algo muy importante a nivel familiar: el relevo generacional se hizo durante cinco a\u00f1os. No fue un tema de un d\u00eda para otro.<\/p>\n\n\n\n<p>Creo que hicimos un trabajo genial en esa transici\u00f3n y hoy la compa\u00f1\u00eda est\u00e1 creciendo a unas tasas bastante importantes a nivel nacional. La meta es que la empresa llegue a <strong>unos 400 empleados directos de aqu\u00ed a 2030<\/strong>, con una visi\u00f3n de seguridad y sostenibilidad a largo plazo.<\/p>\n\n\n\n<p><strong>\u00bfPor qu\u00e9 considera importante el gobierno corporativo en una empresa familiar?<\/strong><\/p>\n\n\n\n<p>Creo que el gobierno corporativo es el eje central de la construcci\u00f3n de los negocios familiares. Nosotros, liderados por m\u00ed, empezamos un proceso de construcci\u00f3n de gobierno de familia y protecci\u00f3n patrimonial desde hace m\u00e1s de cinco a\u00f1os.<\/p>\n\n\n\n<p>El foco principal es la protecci\u00f3n de la familia, precisamente para que, en caso de que los padres fundadores fallezcan, la familia siga construyendo en equipo y no se pierdan esos valores familiares de la primera generaci\u00f3n.<\/p>\n\n\n\n<p>Nuestro gobierno de familia contempla en los estatutos a <strong>nietos, bisnietos y capacidades educativas de nuestros hijos<\/strong>.<\/p>\n\n\n\n<p>La idea es que las familias puedan continuar construyendo y no separarse por recursos. Cuando una familia se separa en una pelea, se puede perder todo el valor construido por los fundadores.<\/p>\n\n\n\n<p><strong>\u00bfQu\u00e9 pasa si un familiar no tiene el perfil para dirigir la compa\u00f1\u00eda?<\/strong><\/p>\n\n\n\n<p>Precisamente gener\u00e9 unos indicadores para medirme. Si los indicadores de gesti\u00f3n no est\u00e1n saliendo como deber\u00edan, yo me tengo que retirar y darle el campo a una nueva persona.<\/p>\n\n\n\n<p>No necesariamente tiene que ser un familiar. Incluso si es un hermano o alguien de la familia, tiene que cumplir con los requisitos b\u00e1sicos del cargo. <strong>No es simplemente que porque sea hijo pueda estar en la gerencia o en un cargo directivo.<\/strong><\/p>\n\n\n\n<p>Tiene que cumplir unos valores m\u00ednimos y, al llegar a la posici\u00f3n, debe cumplir con los indicadores. Si no, tiene que hacerse a un lado y puede entrar una persona que no sea familiar a dirigir la organizaci\u00f3n.<\/p>\n\n\n\n<p>Las organizaciones no son solamente para una familia. <strong>La organizaci\u00f3n genera valor para sus empleados y para toda una sociedad<\/strong>, y lo importante es que contin\u00fae gener\u00e1ndolo a trav\u00e9s de las generaciones futuras.<\/p>\n\n\n\n<p><strong>De vender CD a liderar una empresa familiar<\/strong><\/p>\n\n\n<div class=\"wp-block-image\">\n<figure class=\"alignright size-large is-resized\"><img loading=\"lazy\" decoding=\"async\" width=\"576\" height=\"1024\" src=\"https:\/\/cartagenaaldia.com\/wp-content\/uploads\/2026\/09\/Central-de-Maderas-2-576x1024.webp\" alt=\"\" class=\"wp-image-14392\" style=\"width:354px;height:auto\"\/><figcaption class=\"wp-element-caption\">David Marin Parra, Gerente General de Cantral de Maderas<\/figcaption><\/figure><\/div>\n\n\n<p>La relaci\u00f3n de David Mar\u00edn Parra con los negocios comenz\u00f3 desde muy joven. Antes de incorporarse formalmente a Central de Maderas, tuvo su primera experiencia como emprendedor durante su etapa escolar.<\/p>\n\n\n\n<p><strong>\u00bfEn qu\u00e9 momento decidi\u00f3 entrar al negocio familiar?<\/strong><\/p>\n\n\n\n<p>Siempre me han gustado los negocios. Mi primer negocio fue la venta de CD a los 13 a\u00f1os. Mi padre y mi madre me ayudaron con ese emprendimiento en el colegio.<\/p>\n\n\n\n<p>Creo que ah\u00ed comenz\u00f3 mi formaci\u00f3n como emprendedor. Tuve la oportunidad de contar con dos padres empresarios que me apoyaron con recursos y me guiaron en ese ejercicio.<\/p>\n\n\n\n<p>Desde los 14 o 15 a\u00f1os tambi\u00e9n comenzaron a llevarme a temas de la empresa, haciendo peque\u00f1os trabajos. Cuando sal\u00ed de la universidad ya ten\u00eda una experiencia importante.<\/p>\n\n\n\n<p>Mi formaci\u00f3n comenz\u00f3 desde peque\u00f1o, primero por el gusto y la pasi\u00f3n que tengo por los negocios, pero tambi\u00e9n por haber tenido <strong>dos padres empresarios que estuvieron presentes en mi transformaci\u00f3n como l\u00edder<\/strong>.<\/p>\n\n\n\n<p>Mar\u00edn Parra es administrador de empresas de la Universidad de La Sabana. Posteriormente realiz\u00f3 estudios de mercado digital en Georgetown University, un curso de alta direcci\u00f3n en Los Andes y recientemente termin\u00f3 un MBA ejecutivo en Los Andes.<\/p>\n\n\n\n<p><strong>Una meta empresarial hacia 2030<\/strong><\/p>\n\n\n\n<p>La historia de Central de Maderas re\u00fane crecimiento empresarial, participaci\u00f3n familiar, sostenibilidad y una visi\u00f3n de largo plazo.<\/p>\n\n\n\n<p>Desde su operaci\u00f3n en Ballestas y sus diferentes plantas, aserr\u00edos, oficinas y centros de distribuci\u00f3n en <strong>Mosquera, Bogot\u00e1, Cundinamarca, Cartagena, Barranquilla, Medell\u00edn y Cali<\/strong>, la empresa proyecta continuar ampliando su operaci\u00f3n.<\/p>\n\n\n\n<p>La meta trazada por David Mar\u00edn Parra es clara: <strong>alcanzar 400 empleados directos y consolidarse como una gran empresa para 2030<\/strong>, mientras mantiene el enfoque en seguridad, sostenibilidad y econom\u00eda circular. <\/p>\n\n\n\n<figure class=\"wp-block-embed aligncenter is-type-video is-provider-youtube wp-block-embed-youtube wp-embed-aspect-4-3 wp-has-aspect-ratio\"><div class=\"wp-block-embed__wrapper\">\n<iframe title=\"Central de Maderas impulsa la econom\u00eda circular desde Cartagena\" width=\"500\" height=\"375\" src=\"https:\/\/www.youtube.com\/embed\/hM7GWRBq6VY?feature=oembed\" frameborder=\"0\" allow=\"accelerometer; autoplay; clipboard-write; encrypted-media; gyroscope; picture-in-picture; web-share\" referrerpolicy=\"strict-origin-when-cross-origin\" allowfullscreen><\/iframe>\n<\/div><\/figure>\n\n\n\n<p>El camino comenz\u00f3 con una peque\u00f1a iniciativa de dos empresarios que encontraron en la madera una oportunidad para construir empresa. Hoy, una segunda generaci\u00f3n lidera ese proyecto con la intenci\u00f3n de que el crecimiento no solo se mida en plantas, ventas o producci\u00f3n, sino tambi\u00e9n en la capacidad de <strong>preservar los recursos, generar empleo y mantener vigente el legado familiar durante las pr\u00f3ximas generaciones<\/strong>.<\/p>\n","protected":false},"excerpt":{"rendered":"<p>Central de Maderas combina sostenibilidad, relevo generacional, innovaci\u00f3n y gobierno corporativo para consolidar su expansi\u00f3n nacional<\/p>\n","protected":false},"author":2,"featured_media":14391,"comment_status":"closed","ping_status":"closed","sticky":false,"template":"","format":"standard","meta":{"om_disable_all_campaigns":false,"_monsterinsights_skip_tracking":false,"footnotes":""},"categories":[103,102],"tags":[1204],"class_list":["post-14390","post","type-post","status-publish","format-standard","has-post-thumbnail","hentry","category-economia","category-generales","tag-central-de-maderas"],"_links":{"self":[{"href":"https:\/\/cartagenaaldia.com\/index.php\/wp-json\/wp\/v2\/posts\/14390","targetHints":{"allow":["GET"]}}],"collection":[{"href":"https:\/\/cartagenaaldia.com\/index.php\/wp-json\/wp\/v2\/posts"}],"about":[{"href":"https:\/\/cartagenaaldia.com\/index.php\/wp-json\/wp\/v2\/types\/post"}],"author":[{"embeddable":true,"href":"https:\/\/cartagenaaldia.com\/index.php\/wp-json\/wp\/v2\/users\/2"}],"replies":[{"embeddable":true,"href":"https:\/\/cartagenaaldia.com\/index.php\/wp-json\/wp\/v2\/comments?post=14390"}],"version-history":[{"count":1,"href":"https:\/\/cartagenaaldia.com\/index.php\/wp-json\/wp\/v2\/posts\/14390\/revisions"}],"predecessor-version":[{"id":14396,"href":"https:\/\/cartagenaaldia.com\/index.php\/wp-json\/wp\/v2\/posts\/14390\/revisions\/14396"}],"wp:featuredmedia":[{"embeddable":true,"href":"https:\/\/cartagenaaldia.com\/index.php\/wp-json\/wp\/v2\/media\/14391"}],"wp:attachment":[{"href":"https:\/\/cartagenaaldia.com\/index.php\/wp-json\/wp\/v2\/media?parent=14390"}],"wp:term":[{"taxonomy":"category","embeddable":true,"href":"https:\/\/cartagenaaldia.com\/index.php\/wp-json\/wp\/v2\/categories?post=14390"},{"taxonomy":"post_tag","embeddable":true,"href":"https:\/\/cartagenaaldia.com\/index.php\/wp-json\/wp\/v2\/tags?post=14390"}],"curies":[{"name":"wp","href":"https:\/\/api.w.org\/{rel}","templated":true}]}}