{"id":14387,"date":"2026-09-01T10:52:48","date_gmt":"2026-09-01T15:52:48","guid":{"rendered":"https:\/\/cartagenaaldia.com\/?p=14387"},"modified":"2026-09-01T10:52:48","modified_gmt":"2026-09-01T15:52:48","slug":"aeropuerto-rafael-nunez-implementara-plan-de-trafico-en-la-via-al-mar","status":"publish","type":"post","link":"https:\/\/cartagenaaldia.com\/index.php\/2026\/09\/01\/aeropuerto-rafael-nunez-implementara-plan-de-trafico-en-la-via-al-mar\/","title":{"rendered":"Aeropuerto Rafael N\u00fa\u00f1ez implementar\u00e1 plan de tr\u00e1fico en la V\u00eda al Mar"},"content":{"rendered":"\n<p><strong>Cartagena activar\u00e1 un plan temporal para garantizar movilidad segura durante las obras de modernizaci\u00f3n aeroportuaria<\/strong><\/p>\n\n\n\n<hr class=\"wp-block-separator has-alpha-channel-opacity\"\/>\n\n\n\n<p>El <strong>Aeropuerto Internacional Rafael N\u00fa\u00f1ez<\/strong> continuar\u00e1 su proceso de ampliaci\u00f3n y modernizaci\u00f3n con la implementaci\u00f3n de un <strong>Plan de Manejo de Tr\u00e1fico (PMT) en la V\u00eda al Mar<\/strong>, a partir del <strong>1 de septiembre<\/strong>.<\/p>\n\n\n\n<p>La medida se aplicar\u00e1 en la <strong>Ruta Nacional 90A<\/strong>, cerca del sector de <strong>La Bocana, en sentido Cartagena-Barranquilla<\/strong>, y tendr\u00e1 una duraci\u00f3n aproximada de <strong>un a\u00f1o<\/strong>.<\/p>\n\n\n\n<p>El plan permitir\u00e1 avanzar en las obras relacionadas con el <strong>nuevo hangar de mantenimiento y las adecuaciones internas<\/strong> del aeropuerto, mientras se establecen medidas para reducir los efectos sobre la movilidad en este corredor vial.<\/p>\n\n\n\n<p>Para controlar el tr\u00e1nsito y proteger el flujo vehicular, el ingreso de <strong>camiones y veh\u00edculos de carga a la plataforma de aviaci\u00f3n general<\/strong> se realizar\u00e1 mediante intervalos breves y controlados de entre <strong>5 y 10 minutos por hora<\/strong>.<\/p>\n\n\n\n<p>Esta operaci\u00f3n permitir\u00e1 que los veh\u00edculos accedan directamente a la zona de la obra y evitar\u00e1 que la maquinaria pesada tenga que circular por el casco urbano de Cartagena.<\/p>\n\n\n\n<p><strong>Plan de tr\u00e1fico busca reducir impactos en la movilidad<\/strong><\/p>\n\n\n\n<p>La implementaci\u00f3n del PMT responde a la necesidad de garantizar el desarrollo de las obras de modernizaci\u00f3n del Aeropuerto Internacional Rafael N\u00fa\u00f1ez sin generar mayores afectaciones en la circulaci\u00f3n de veh\u00edculos.<\/p>\n\n\n\n<p>De acuerdo con la informaci\u00f3n suministrada, el ingreso de veh\u00edculos de carga se realizar\u00e1 de manera <strong>controlada y durante intervalos de 5 a 10 minutos por hora<\/strong>, con el prop\u00f3sito de proteger el flujo vehicular de la zona.<\/p>\n\n\n\n<p>Esta medida permitir\u00e1 establecer una operaci\u00f3n organizada para el traslado de maquinaria y materiales hacia el \u00e1rea intervenida.<\/p>\n\n\n\n<p>Uno de los principales objetivos consiste en <strong>evitar que la maquinaria pesada circule por el casco urbano de Cartagena<\/strong>, reduciendo as\u00ed posibles impactos sobre otros corredores de movilidad de la ciudad.<\/p>\n\n\n\n<p>La operaci\u00f3n se mantendr\u00e1 durante aproximadamente un a\u00f1o, periodo previsto para el desarrollo de las actividades asociadas con el nuevo hangar de mantenimiento y las adecuaciones internas.<\/p>\n\n\n\n<p>Patricia Mej\u00eda, gerente de la concesi\u00f3n del Aeropuerto Internacional Rafael N\u00fa\u00f1ez, destac\u00f3 la importancia de continuar con las obras y reconoci\u00f3 que los trabajos de infraestructura pueden generar retos para la circulaci\u00f3n.<\/p>\n\n\n\n<p>\u201c<strong>Cada avance en la infraestructura nos acerca m\u00e1s al aeropuerto moderno y eficiente que Cartagena y el Caribe colombiano merecen<\/strong>\u201d, se\u00f1al\u00f3 Mej\u00eda.<\/p>\n\n\n\n<p>La gerente tambi\u00e9n explic\u00f3 que el plan fue estructurado con prioridad en la seguridad vial, la reducci\u00f3n de congestiones y la disminuci\u00f3n de los tiempos de espera.<\/p>\n\n\n\n<p>La concesi\u00f3n agradeci\u00f3 adem\u00e1s la paciencia y colaboraci\u00f3n de la comunidad durante el desarrollo de las obras, cuyo prop\u00f3sito es avanzar en la construcci\u00f3n de una terminal para todos.<\/p>\n\n\n\n<p><strong>Seguridad vial tendr\u00e1 controles y apoyo institucional<\/strong><\/p>\n\n\n\n<p>El Plan de Manejo de Tr\u00e1fico contar\u00e1 con diferentes medidas para brindar seguridad a los conductores, residentes y dem\u00e1s actores estrat\u00e9gicos que utilizan o permanecen en esta zona de Cartagena.<\/p>\n\n\n\n<p>Entre las acciones previstas se encuentra la presencia de <strong>auxiliares de tr\u00e1nsito<\/strong>, quienes apoyar\u00e1n la regulaci\u00f3n de la circulaci\u00f3n durante la operaci\u00f3n de los veh\u00edculos de carga.<\/p>\n\n\n\n<p>El sector intervenido tambi\u00e9n contar\u00e1 con <strong>dispositivos de regulaci\u00f3n y se\u00f1alizaci\u00f3n reglamentaria<\/strong>, con el objetivo de orientar a los conductores y facilitar el desarrollo seguro de las actividades.<\/p>\n\n\n\n<p>El PMT cuenta adem\u00e1s con <strong>aprobaci\u00f3n de la Agencia Nacional de Infraestructura (ANI)<\/strong>, la <strong>Concesi\u00f3n Costera Cartagena Barranquilla y su interventor\u00eda<\/strong>, as\u00ed como con la notificaci\u00f3n oficial del <strong>Departamento Administrativo de Tr\u00e1nsito y Transporte (DATT)<\/strong>.<\/p>\n\n\n\n<p>Estas entidades hacen parte del componente institucional que acompa\u00f1a la implementaci\u00f3n del plan durante el periodo establecido.<\/p>\n\n\n\n<p>OINAC invit\u00f3 a la ciudadan\u00eda y a los diferentes actores viales a <strong>conducir con precauci\u00f3n<\/strong>, atender las recomendaciones entregadas por los auxiliares en v\u00eda y prever los tiempos de traslado.<\/p>\n\n\n\n<p>La recomendaci\u00f3n busca que los usuarios del corredor tengan en cuenta la operaci\u00f3n especial que comenzar\u00e1 el 1 de septiembre y adopten las medidas necesarias durante sus desplazamientos.<\/p>\n\n\n\n<p>El nuevo esquema de circulaci\u00f3n estar\u00e1 directamente relacionado con el avance de las obras del aeropuerto y con la necesidad de garantizar el acceso de los veh\u00edculos de carga a la zona de intervenci\u00f3n.<\/p>\n\n\n\n<p>La estrategia busca equilibrar dos necesidades: <strong>permitir el avance de la modernizaci\u00f3n del Aeropuerto Internacional Rafael N\u00fa\u00f1ez y mantener condiciones adecuadas de seguridad y movilidad en la V\u00eda al Mar<\/strong>.<\/p>\n\n\n\n<p>La intervenci\u00f3n tendr\u00e1 una duraci\u00f3n aproximada de un a\u00f1o, por lo que conductores y residentes de la zona deber\u00e1n considerar la presencia de controles, se\u00f1alizaci\u00f3n y movimientos de veh\u00edculos de carga durante este periodo.<\/p>\n\n\n\n<p>El proyecto de ampliaci\u00f3n y modernizaci\u00f3n representa, seg\u00fan la informaci\u00f3n suministrada, un proceso encaminado a fortalecer la <strong>conectividad, competitividad y turismo de la regi\u00f3n<\/strong>.<\/p>\n\n\n\n<p>La operaci\u00f3n prevista para la V\u00eda al Mar constituye uno de los componentes necesarios para acompa\u00f1ar el desarrollo de las obras y facilitar el ingreso de maquinaria y veh\u00edculos de carga directamente al \u00e1rea intervenida.<\/p>\n\n\n\n<p><strong>El Aeropuerto Internacional Rafael N\u00fa\u00f1ez avanza as\u00ed en una nueva etapa de su proceso de modernizaci\u00f3n, mientras la operaci\u00f3n vial incorpora controles espec\u00edficos para reducir los efectos sobre la movilidad.<\/strong><\/p>\n\n\n\n<p>La presencia de auxiliares, la se\u00f1alizaci\u00f3n reglamentaria y los intervalos controlados para el ingreso de veh\u00edculos permitir\u00e1n desarrollar las actividades previstas con medidas orientadas a la seguridad vial.<\/p>\n\n\n\n<p>El llamado a la ciudadan\u00eda es a mantener la precauci\u00f3n, respetar las indicaciones en la v\u00eda y planificar los desplazamientos durante el periodo de implementaci\u00f3n del PMT.<\/p>\n\n\n\n<p><strong>Con el inicio del plan el 1 de septiembre, Cartagena entra en una etapa operativa que busca acompa\u00f1ar las obras del Rafael N\u00fa\u00f1ez sin trasladar la circulaci\u00f3n de maquinaria pesada al casco urbano. La modernizaci\u00f3n continuar\u00e1 durante aproximadamente un a\u00f1o, con la movilidad y la seguridad vial como prioridades en el corredor de la V\u00eda al Mar.<\/strong><\/p>\n\n\n\n<p><\/p>\n","protected":false},"excerpt":{"rendered":"<p>Aeropuerto Rafael N\u00fa\u00f1ez aplicar\u00e1 un plan de tr\u00e1fico durante un a\u00f1o para facilitar obras y proteger la movilidad en Cartagena<\/p>\n","protected":false},"author":2,"featured_media":14388,"comment_status":"closed","ping_status":"closed","sticky":false,"template":"","format":"standard","meta":{"om_disable_all_campaigns":false,"_monsterinsights_skip_tracking":false,"footnotes":""},"categories":[102,104],"tags":[1144,440],"class_list":["post-14387","post","type-post","status-publish","format-standard","has-post-thumbnail","hentry","category-generales","category-turismo","tag-aeropuerto-internacional-rafael-nunez-2","tag-oinac"],"_links":{"self":[{"href":"https:\/\/cartagenaaldia.com\/index.php\/wp-json\/wp\/v2\/posts\/14387","targetHints":{"allow":["GET"]}}],"collection":[{"href":"https:\/\/cartagenaaldia.com\/index.php\/wp-json\/wp\/v2\/posts"}],"about":[{"href":"https:\/\/cartagenaaldia.com\/index.php\/wp-json\/wp\/v2\/types\/post"}],"author":[{"embeddable":true,"href":"https:\/\/cartagenaaldia.com\/index.php\/wp-json\/wp\/v2\/users\/2"}],"replies":[{"embeddable":true,"href":"https:\/\/cartagenaaldia.com\/index.php\/wp-json\/wp\/v2\/comments?post=14387"}],"version-history":[{"count":1,"href":"https:\/\/cartagenaaldia.com\/index.php\/wp-json\/wp\/v2\/posts\/14387\/revisions"}],"predecessor-version":[{"id":14389,"href":"https:\/\/cartagenaaldia.com\/index.php\/wp-json\/wp\/v2\/posts\/14387\/revisions\/14389"}],"wp:featuredmedia":[{"embeddable":true,"href":"https:\/\/cartagenaaldia.com\/index.php\/wp-json\/wp\/v2\/media\/14388"}],"wp:attachment":[{"href":"https:\/\/cartagenaaldia.com\/index.php\/wp-json\/wp\/v2\/media?parent=14387"}],"wp:term":[{"taxonomy":"category","embeddable":true,"href":"https:\/\/cartagenaaldia.com\/index.php\/wp-json\/wp\/v2\/categories?post=14387"},{"taxonomy":"post_tag","embeddable":true,"href":"https:\/\/cartagenaaldia.com\/index.php\/wp-json\/wp\/v2\/tags?post=14387"}],"curies":[{"name":"wp","href":"https:\/\/api.w.org\/{rel}","templated":true}]}}