{"id":13315,"date":"2026-04-23T16:20:35","date_gmt":"2026-04-23T21:20:35","guid":{"rendered":"https:\/\/cartagenaaldia.com\/?p=13315"},"modified":"2026-04-30T16:23:07","modified_gmt":"2026-04-30T21:23:07","slug":"mas-de-30-ciudadanos-resolvieron-conflictos-sin-acudir-a-la-justicia","status":"publish","type":"post","link":"https:\/\/cartagenaaldia.com\/index.php\/2026\/04\/23\/mas-de-30-ciudadanos-resolvieron-conflictos-sin-acudir-a-la-justicia\/","title":{"rendered":"M\u00e1s de 30 ciudadanos resolvieron conflictos sin acudir a la justicia"},"content":{"rendered":"\n<p><strong>La C\u00e1mara de Comercio de Cartagena, a trav\u00e9s de su Centro de Arbitraje y Conciliaci\u00f3n, lider\u00f3 una jornada gratuita que facilit\u00f3 soluciones r\u00e1pidas y redujo la presi\u00f3n sobre la v\u00eda judicial<\/strong><\/p>\n\n\n\n<hr class=\"wp-block-separator has-alpha-channel-opacity\"\/>\n\n\n\n<p>M\u00e1s de 30 ciudadanos resolvieron sus conflictos de manera \u00e1gil, confidencial y sin costo durante una jornada de conciliaci\u00f3n realizada en la Casa de Justicia de Canapote, liderada por la C\u00e1mara de Comercio de Cartagena a trav\u00e9s de su Centro de Arbitraje y Conciliaci\u00f3n (CAC).<\/p>\n\n\n\n<p>La iniciativa permiti\u00f3 tramitar casos relacionados con arrendamientos, deudas, conflictos de convivencia y asuntos civiles, evitando su escalamiento al sistema judicial y facilitando acuerdos oportunos que impactan la estabilidad social y econ\u00f3mica de las comunidades.<\/p>\n\n\n\n<p>Andrea Pi\u00f1a G\u00f3mez afirm\u00f3 que este tipo de mecanismos tienen un impacto directo en el entorno empresarial:<\/p>\n\n\n\n<p>\u201cCuando los conflictos se resuelven a tiempo, se reducen los costos sociales y econ\u00f3micos para las personas y los negocios, y se generan condiciones m\u00e1s estables para el desarrollo del territorio\u201d.<\/p>\n\n\n\n<p>La jornada se realiz\u00f3 en articulaci\u00f3n con la Secretar\u00eda del Interior y Convivencia Ciudadana y ofreci\u00f3, adem\u00e1s, asesor\u00eda jur\u00eddica y acompa\u00f1amiento psicosocial, con \u00e9nfasis en poblaci\u00f3n vulnerable como adultos mayores, ni\u00f1os, ni\u00f1as y adolescentes.<\/p>\n\n\n\n<p>Seg\u00fan Katherine G\u00f3mez Romero, este tipo de espacios facilita el acceso efectivo a la justicia en territorio:<\/p>\n\n\n\n<p>\u201cEstas brigadas permiten que los ciudadanos accedan a soluciones concretas a trav\u00e9s del di\u00e1logo, sin barreras econ\u00f3micas y con acompa\u00f1amiento institucional\u201d.<\/p>\n\n\n\n<p>La jornada cont\u00f3 con el respaldo del Consultorio Jur\u00eddico de la Universidad Tecnol\u00f3gica de Bol\u00edvar, cuyos estudiantes brindaron orientaci\u00f3n y acompa\u00f1amiento en los casos atendidos, fortaleciendo un modelo de formaci\u00f3n pr\u00e1ctica con impacto social.<\/p>\n\n\n\n<p>El Centro de Arbitraje y Conciliaci\u00f3n de la C\u00e1mara de Comercio de Cartagena, con m\u00e1s de tres d\u00e9cadas de trayectoria, desarrolla durante 2026 un programa de proyecci\u00f3n social que contempla la realizaci\u00f3n de ocho jornadas gratuitas en distintos puntos de la ciudad y el departamento de Bol\u00edvar, con el objetivo de ampliar el acceso a mecanismos alternativos de soluci\u00f3n de conflictos. <\/p>\n\n\n\n<p>Con estas acciones, la C\u00e1mara de Comercio de Cartagena contin\u00faa acercando la justicia a las comunidades y promoviendo condiciones que favorecen la confianza, la convivencia y el desarrollo del territorio.<\/p>\n","protected":false},"excerpt":{"rendered":"<p>M\u00e1s de 30 ciudadanos resolvieron conflictos mediante conciliaci\u00f3n gratuita en Canapote fortaleciendo convivencia acceso a justicia y estabilidad social comunitaria<\/p>\n","protected":false},"author":2,"featured_media":13316,"comment_status":"closed","ping_status":"closed","sticky":false,"template":"","format":"standard","meta":{"om_disable_all_campaigns":false,"_monsterinsights_skip_tracking":false,"_monsterinsights_sitenote_active":false,"_monsterinsights_sitenote_note":"","_monsterinsights_sitenote_category":0,"footnotes":""},"categories":[103,102],"tags":[428,120],"class_list":["post-13315","post","type-post","status-publish","format-standard","has-post-thumbnail","hentry","category-economia","category-generales","tag-camara-cartagena","tag-camara-comercio-cartagena"],"_links":{"self":[{"href":"https:\/\/cartagenaaldia.com\/index.php\/wp-json\/wp\/v2\/posts\/13315","targetHints":{"allow":["GET"]}}],"collection":[{"href":"https:\/\/cartagenaaldia.com\/index.php\/wp-json\/wp\/v2\/posts"}],"about":[{"href":"https:\/\/cartagenaaldia.com\/index.php\/wp-json\/wp\/v2\/types\/post"}],"author":[{"embeddable":true,"href":"https:\/\/cartagenaaldia.com\/index.php\/wp-json\/wp\/v2\/users\/2"}],"replies":[{"embeddable":true,"href":"https:\/\/cartagenaaldia.com\/index.php\/wp-json\/wp\/v2\/comments?post=13315"}],"version-history":[{"count":1,"href":"https:\/\/cartagenaaldia.com\/index.php\/wp-json\/wp\/v2\/posts\/13315\/revisions"}],"predecessor-version":[{"id":13317,"href":"https:\/\/cartagenaaldia.com\/index.php\/wp-json\/wp\/v2\/posts\/13315\/revisions\/13317"}],"wp:featuredmedia":[{"embeddable":true,"href":"https:\/\/cartagenaaldia.com\/index.php\/wp-json\/wp\/v2\/media\/13316"}],"wp:attachment":[{"href":"https:\/\/cartagenaaldia.com\/index.php\/wp-json\/wp\/v2\/media?parent=13315"}],"wp:term":[{"taxonomy":"category","embeddable":true,"href":"https:\/\/cartagenaaldia.com\/index.php\/wp-json\/wp\/v2\/categories?post=13315"},{"taxonomy":"post_tag","embeddable":true,"href":"https:\/\/cartagenaaldia.com\/index.php\/wp-json\/wp\/v2\/tags?post=13315"}],"curies":[{"name":"wp","href":"https:\/\/api.w.org\/{rel}","templated":true}]}}