{"id":13298,"date":"2026-04-29T13:08:32","date_gmt":"2026-04-29T18:08:32","guid":{"rendered":"https:\/\/cartagenaaldia.com\/?p=13298"},"modified":"2026-04-29T13:08:33","modified_gmt":"2026-04-29T18:08:33","slug":"descension-en-san-bernardo-tras-desacato-del-distrito-de-cartagena","status":"publish","type":"post","link":"https:\/\/cartagenaaldia.com\/index.php\/2026\/04\/29\/descension-en-san-bernardo-tras-desacato-del-distrito-de-cartagena\/","title":{"rendered":"Descensi\u00f3n en San Bernardo tras desacato del Distrito de Cartagena"},"content":{"rendered":"\n<p><strong>Comunidad de San Bernardo denuncia grave incumplimiento judicial y ausencia institucional en mesa t\u00e9cnica en colegio Pies Descalzos<\/strong><\/p>\n\n\n\n<hr class=\"wp-block-separator has-alpha-channel-opacity\"\/>\n\n\n\n<p>La comunidad del barrio San Bernardo de As\u00eds, en Cartagena, denunci\u00f3 p\u00fablicamente sentirse vulnerada por la administraci\u00f3n distrital debido al incumplimiento de un fallo judicial que ordena garantizar derechos colectivos fundamentales. A esta situaci\u00f3n se suma la ausencia de funcionarios con capacidad de decisi\u00f3n en una mesa t\u00e9cnica convocada por la comunidad, con acompa\u00f1amiento de la Procuradur\u00eda, la Personer\u00eda y la Defensor\u00eda del Pueblo.<\/p>\n\n\n\n<p>La lideresa comunal Lorenza Nieto expres\u00f3 su inconformidad frente a lo que calific\u00f3 como una omisi\u00f3n reiterada por parte del Distrito. <strong>La comunidad asegura que no existen expectativas positivas frente a los espacios de di\u00e1logo<\/strong>, debido a la falta de compromiso institucional en el cumplimiento de las \u00f3rdenes judiciales vigentes desde hace m\u00e1s de una d\u00e9cada.<\/p>\n\n\n\n<p>Seg\u00fan explic\u00f3 Nieto, el proceso se origina en una acci\u00f3n popular interpuesta en 2011, cuyo fallo fue emitido por el Juzgado Tercero Administrativo en 2013 y posteriormente ratificado en 2014 por el Tribunal de Bol\u00edvar. <strong>La sentencia obliga al Distrito de Cartagena y al alcalde de turno a ejecutar una serie de acciones para proteger derechos colectivos vulnerados en la comunidad<\/strong>.<\/p>\n\n\n\n<p>La lideresa fue enf\u00e1tica al se\u00f1alar que la comunidad no est\u00e1 solicitando favores, sino exigiendo el cumplimiento de una decisi\u00f3n judicial. \u201cNosotros no somos limosneros, ni tampoco estamos pidiendo nada. Nos ampara una sentencia\u201d, afirm\u00f3, dejando claro el car\u00e1cter legal de sus reclamaciones.<\/p>\n\n\n<div class=\"wp-block-image\">\n<figure class=\"aligncenter size-large\"><img fetchpriority=\"high\" decoding=\"async\" width=\"1024\" height=\"576\" src=\"https:\/\/cartagenaaldia.com\/wp-content\/uploads\/2026\/04\/Mesa-Tecnica-en-San-Bernardo-1024x576.webp\" alt=\"\" class=\"wp-image-13304\"\/><figcaption class=\"wp-element-caption\">De Izquierda a derecha: Luis Zea &#8211; Delegado Defensoria del Pueblo, Saulo Ospino Pereira &#8211; Delegado Personeria Cartagena, Mayelis Chamorro &#8211; Procuradora Judicial, Ambiental y Agraria y Jes\u00fas Herrera  &#8211; Procurador Judicial Administrativo. Mesa T\u00e9cnica por cumplimiento Fallo Judicial <\/figcaption><\/figure><\/div>\n\n\n<p><strong>Incumplimiento hist\u00f3rico y necesidades urgentes<\/strong><\/p>\n\n\n\n<p>El panorama en San Bernardo de As\u00eds evidencia m\u00faltiples problem\u00e1ticas estructurales que, seg\u00fan la comunidad, han sido ignoradas durante a\u00f1os. <strong>Una de las principales prioridades es la reubicaci\u00f3n de m\u00e1s de 500 familias que se encuentran en zonas de alto riesgo<\/strong>, situaci\u00f3n que representa una amenaza constante para su seguridad.<\/p>\n\n\n\n<p>A esta problem\u00e1tica se suman deficiencias en infraestructura vial. La comunidad asegura que faltan por intervenir al menos cinco calles, obras que hacen parte de las \u00f3rdenes judiciales, pero que, seg\u00fan denuncian, han sido dilatadas por el Distrito.<\/p>\n\n\n\n<p>Otro de los puntos cr\u00edticos es el saneamiento b\u00e1sico. En sectores como Panorama, donde habitan m\u00e1s de 1.000 personas, no existe sistema de alcantarillado. <strong>La ausencia de este servicio b\u00e1sico impacta directamente en la salud y calidad de vida de los habitantes<\/strong>, quienes enfrentan condiciones precarias.<\/p>\n\n\n\n<p>El acceso al agua potable es irregular. Mientras algunos sectores cuentan con el servicio, otros dependen de soluciones temporales, lo que profundiza la desigualdad dentro del mismo territorio.<\/p>\n\n\n\n<p>En materia educativa, la situaci\u00f3n es igualmente preocupante. Un colegio del sector, que en su momento fue administrado por la Fundaci\u00f3n Pies Descalzos de Shakira durante diez a\u00f1os y luego entregado a la Secretar\u00eda de Educaci\u00f3n, actualmente no cuenta con agua potable. <strong>Los estudiantes consumen agua suministrada por carrotanques, lo que ha generado m\u00faltiples enfermedades virales<\/strong>, seg\u00fan denunci\u00f3 la comunidad.<\/p>\n\n\n<div class=\"wp-block-image\">\n<figure class=\"aligncenter size-large\"><img decoding=\"async\" width=\"768\" height=\"1024\" src=\"https:\/\/cartagenaaldia.com\/wp-content\/uploads\/2026\/04\/Banner-Fallo-Judical-Mesa-tecnica-768x1024.webp\" alt=\"\" class=\"wp-image-13305\"\/><\/figure><\/div>\n\n\n<p><strong>Relaci\u00f3n con administraciones anteriores y falta de avances<\/strong><\/p>\n\n\n\n<p>La lideresa tambi\u00e9n se refiri\u00f3 a gestiones realizadas en administraciones pasadas. Durante el gobierno del exalcalde William Dau, la comunidad logr\u00f3 avances parciales, como la pavimentaci\u00f3n de la calle 56 y la reubicaci\u00f3n de 91 familias. Sin embargo, consideran que estos logros son insuficientes frente a la magnitud de las necesidades existentes.<\/p>\n\n\n\n<p>En la actual administraci\u00f3n, la percepci\u00f3n de la comunidad es negativa. Seg\u00fan Nieto, incluso se han presentado intentos de impugnar la acci\u00f3n popular, lo que genera mayor incertidumbre sobre el cumplimiento del fallo judicial.<\/p>\n\n\n\n<p><strong>La ausencia de funcionarios con poder de decisi\u00f3n en la mesa t\u00e9cnica fue uno de los hechos m\u00e1s cuestionados por la comunidad<\/strong>, ya que consideran que esto limita la posibilidad de avanzar en soluciones concretas.<\/p>\n\n\n\n<p>La falta de respuesta institucional ha llevado a los l\u00edderes comunitarios a plantear la posibilidad de acudir a otras instancias para exigir el cumplimiento de sus derechos. \u201cDe aqu\u00ed partiremos a otras instancias donde nos den el debido cumplimiento\u201d, advirti\u00f3 la lideresa.<\/p>\n\n\n\n<p>El llamado de la comunidad no solo se centra en la ejecuci\u00f3n de obras, sino en el respeto por los derechos colectivos que, seg\u00fan afirman, han sido vulnerados de manera sistem\u00e1tica. <strong>La situaci\u00f3n refleja una problem\u00e1tica estructural que combina d\u00e9ficit de infraestructura, falta de servicios b\u00e1sicos y debilidad institucional<\/strong>. <\/p>\n\n\n\n<figure class=\"wp-block-embed aligncenter is-type-video is-provider-youtube wp-block-embed-youtube wp-embed-aspect-4-3 wp-has-aspect-ratio\"><div class=\"wp-block-embed__wrapper\">\n<iframe title=\"Incumplimiento judicial y abandono institucional en San Bernardo de As\u00eds en Cartagena\" width=\"500\" height=\"375\" src=\"https:\/\/www.youtube.com\/embed\/ui8hpk8YKWs?feature=oembed\" frameborder=\"0\" allow=\"accelerometer; autoplay; clipboard-write; encrypted-media; gyroscope; picture-in-picture; web-share\" referrerpolicy=\"strict-origin-when-cross-origin\" allowfullscreen><\/iframe>\n<\/div><\/figure>\n\n\n\n<p>La situaci\u00f3n de San Bernardo de As\u00eds evidencia un conflicto prolongado entre comunidad y administraci\u00f3n que trasciende lo administrativo y se convierte en un asunto de derechos fundamentales. El incumplimiento de un fallo judicial durante m\u00e1s de una d\u00e9cada no solo pone en entredicho la capacidad institucional, sino que tambi\u00e9n profundiza las condiciones de vulnerabilidad de cientos de familias. La comunidad insiste en que la soluci\u00f3n no puede seguir aplaz\u00e1ndose y que el cumplimiento efectivo de las \u00f3rdenes judiciales es la \u00fanica v\u00eda para transformar su realidad.<\/p>\n","protected":false},"excerpt":{"rendered":"<p>Barrio San Bernardo de As\u00eds denuncia incumplimiento de fallo judicial, ausencia institucional y persistentes problemas de infraestructura, servicios b\u00e1sicos y reubicaci\u00f3n<\/p>\n","protected":false},"author":2,"featured_media":13301,"comment_status":"closed","ping_status":"closed","sticky":false,"template":"","format":"standard","meta":{"om_disable_all_campaigns":false,"_monsterinsights_skip_tracking":false,"_monsterinsights_sitenote_active":false,"_monsterinsights_sitenote_note":"","_monsterinsights_sitenote_category":0,"footnotes":""},"categories":[102,111],"tags":[275],"class_list":["post-13298","post","type-post","status-publish","format-standard","has-post-thumbnail","hentry","category-generales","category-justicia","tag-alcaldia-cartagena"],"_links":{"self":[{"href":"https:\/\/cartagenaaldia.com\/index.php\/wp-json\/wp\/v2\/posts\/13298","targetHints":{"allow":["GET"]}}],"collection":[{"href":"https:\/\/cartagenaaldia.com\/index.php\/wp-json\/wp\/v2\/posts"}],"about":[{"href":"https:\/\/cartagenaaldia.com\/index.php\/wp-json\/wp\/v2\/types\/post"}],"author":[{"embeddable":true,"href":"https:\/\/cartagenaaldia.com\/index.php\/wp-json\/wp\/v2\/users\/2"}],"replies":[{"embeddable":true,"href":"https:\/\/cartagenaaldia.com\/index.php\/wp-json\/wp\/v2\/comments?post=13298"}],"version-history":[{"count":7,"href":"https:\/\/cartagenaaldia.com\/index.php\/wp-json\/wp\/v2\/posts\/13298\/revisions"}],"predecessor-version":[{"id":13308,"href":"https:\/\/cartagenaaldia.com\/index.php\/wp-json\/wp\/v2\/posts\/13298\/revisions\/13308"}],"wp:featuredmedia":[{"embeddable":true,"href":"https:\/\/cartagenaaldia.com\/index.php\/wp-json\/wp\/v2\/media\/13301"}],"wp:attachment":[{"href":"https:\/\/cartagenaaldia.com\/index.php\/wp-json\/wp\/v2\/media?parent=13298"}],"wp:term":[{"taxonomy":"category","embeddable":true,"href":"https:\/\/cartagenaaldia.com\/index.php\/wp-json\/wp\/v2\/categories?post=13298"},{"taxonomy":"post_tag","embeddable":true,"href":"https:\/\/cartagenaaldia.com\/index.php\/wp-json\/wp\/v2\/tags?post=13298"}],"curies":[{"name":"wp","href":"https:\/\/api.w.org\/{rel}","templated":true}]}}