{"id":13287,"date":"2026-04-26T19:34:40","date_gmt":"2026-04-27T00:34:40","guid":{"rendered":"https:\/\/cartagenaaldia.com\/?p=13287"},"modified":"2026-04-26T19:34:41","modified_gmt":"2026-04-27T00:34:41","slug":"cartagena-elige-307-juntas-de-accion-comunal-en-jornada-electoral-con-balance-positivo","status":"publish","type":"post","link":"https:\/\/cartagenaaldia.com\/index.php\/2026\/04\/26\/cartagena-elige-307-juntas-de-accion-comunal-en-jornada-electoral-con-balance-positivo\/","title":{"rendered":"Cartagena elige 307 Juntas de Acci\u00f3n Comunal en jornada electoral con balance positivo"},"content":{"rendered":"\n<p><strong>Cartagena desarrolla exitosa jornada electoral de JAC con amplia participaci\u00f3n y acompa\u00f1amiento institucional en toda la ciudad<\/strong><\/p>\n\n\n\n<hr class=\"wp-block-separator has-alpha-channel-opacity\"\/>\n\n\n\n<p>Cartagena vivi\u00f3 una jornada democr\u00e1tica clave con la elecci\u00f3n de 307 Juntas de Acci\u00f3n Comunal (JAC), en un proceso que se desarroll\u00f3 con normalidad y un balance positivo en la mayor\u00eda de los puntos habilitados en la ciudad. Los comicios, correspondientes al periodo 2026-2030, contaron con un amplio despliegue institucional y de seguridad.<\/p>\n\n\n\n<p>Desde el Puesto de Mando Unificado (PMU), instalado desde tempranas horas del domingo, las autoridades reportaron el cierre de la jornada sin mayores contratiempos. <strong>El proceso electoral reflej\u00f3 una adecuada coordinaci\u00f3n entre entidades distritales y organismos de seguridad<\/strong>, lo que permiti\u00f3 garantizar el desarrollo ordenado de las votaciones.<\/p>\n\n\n\n<p>La jornada cont\u00f3 con la presencia de 250 uniformados de la Polic\u00eda Metropolitana de Cartagena, quienes acompa\u00f1aron el proceso en distintos puntos de la ciudad. A esto se sum\u00f3 el monitoreo permanente de la Alcald\u00eda Mayor de Cartagena, a trav\u00e9s de diversas dependencias, en cumplimiento de las directrices del alcalde Distrital.<\/p>\n\n\n\n<p>Entre las entidades involucradas se destacan el Instituto Comunal, la Secretar\u00eda del Interior, Distriseguridad, la Oficina Asesora de Gesti\u00f3n del Riesgo de Desastres (OAGRD) y la Escuela de Gobierno y Liderazgo. <strong>La articulaci\u00f3n de estas instituciones fue clave para garantizar la log\u00edstica y la transparencia del proceso electoral<\/strong>.<\/p>\n\n\n\n<p><strong>Balance de la jornada y resultados del proceso electoral<\/strong><\/p>\n\n\n\n<p>De acuerdo con el reporte oficial, de las 314 Juntas de Acci\u00f3n Comunal que estaban listas para ser electas, un total de 307 lograron completar el proceso de elecci\u00f3n. Este resultado evidencia una alta participaci\u00f3n y compromiso de las comunidades con sus espacios de representaci\u00f3n.<\/p>\n\n\n\n<p>Sin embargo, siete JAC no realizaron elecciones debido a incidentes administrativos durante el proceso. Las autoridades informaron que se adelantar\u00e1n las acciones necesarias para garantizar que estos casos puedan resolverse dentro del periodo legal establecido, asegurando la transparencia del ejercicio democr\u00e1tico.<\/p>\n\n\n\n<p>Geverson Ortiz, director del Instituto Comunal, destac\u00f3 la importancia de este proceso para el fortalecimiento del liderazgo comunitario. Adem\u00e1s, envi\u00f3 un mensaje de felicitaci\u00f3n a las Juntas de Acci\u00f3n Comunal electas, invitando a sus integrantes a trabajar con compromiso, respeto y responsabilidad hacia sus comunidades.<\/p>\n\n\n\n<p><strong>El funcionario resalt\u00f3 que las JAC cumplen un papel fundamental en la construcci\u00f3n de tejido social y en la gesti\u00f3n de iniciativas que impactan directamente la calidad de vida de los ciudadanos<\/strong>.<\/p>\n\n\n\n<p>Por su parte, Daniel Vargas, secretario del Interior (e), subray\u00f3 la importancia de la articulaci\u00f3n interinstitucional durante la jornada. El funcionario calific\u00f3 el balance como positivo, destacando la relevancia de estos espacios para el ejercicio democr\u00e1tico y la participaci\u00f3n ciudadana.<\/p>\n\n\n\n<p><strong>Participaci\u00f3n ciudadana y fortalecimiento comunitario<\/strong><\/p>\n\n\n\n<p>La elecci\u00f3n de las Juntas de Acci\u00f3n Comunal representa un paso significativo en el fortalecimiento de la participaci\u00f3n ciudadana en Cartagena. Estas organizaciones son fundamentales para canalizar las necesidades de los barrios y comunidades, as\u00ed como para promover proyectos de desarrollo local.<\/p>\n\n\n\n<p>El acompa\u00f1amiento institucional permiti\u00f3 no solo garantizar la seguridad del proceso, sino tambi\u00e9n generar confianza entre los ciudadanos. <strong>La presencia activa de las autoridades y el seguimiento constante desde el PMU consolidaron un ambiente propicio para el ejercicio democr\u00e1tico<\/strong>.<\/p>\n\n\n\n<p>Adem\u00e1s, la jornada evidenci\u00f3 el compromiso del Distrito con la promoci\u00f3n de la participaci\u00f3n ciudadana, al priorizar la log\u00edstica y los recursos necesarios para el desarrollo de los comicios. Este esfuerzo se traduce en un fortalecimiento de las bases comunitarias y en la consolidaci\u00f3n de liderazgos locales.<\/p>\n\n\n\n<p>Las JAC electas tendr\u00e1n la responsabilidad de representar a sus comunidades durante el periodo 2026-2030, impulsando iniciativas que contribuyan al desarrollo social y al bienestar de los ciudadanos. <strong>El reto ser\u00e1 consolidar una gesti\u00f3n participativa que responda a las necesidades reales de cada territorio<\/strong>.<\/p>\n\n\n\n<p>Como remate, la jornada electoral deja un mensaje claro sobre la importancia de la organizaci\u00f3n comunitaria en la construcci\u00f3n de ciudad. La elecci\u00f3n de 307 Juntas de Acci\u00f3n Comunal no solo refleja un proceso democr\u00e1tico exitoso, sino tambi\u00e9n una oportunidad para fortalecer el liderazgo local y avanzar en soluciones desde las comunidades. Con el respaldo institucional y el compromiso ciudadano, Cartagena sigue consolidando espacios de participaci\u00f3n que impactan directamente en la calidad de vida y el desarrollo de sus habitantes.<\/p>\n","protected":false},"excerpt":{"rendered":"<p>Cartagena eligi\u00f3 307 JAC en jornada electoral con normalidad, destacando articulaci\u00f3n institucional y fortalecimiento del liderazgo comunitario local<\/p>\n","protected":false},"author":2,"featured_media":13289,"comment_status":"closed","ping_status":"closed","sticky":false,"template":"","format":"standard","meta":{"om_disable_all_campaigns":false,"_monsterinsights_skip_tracking":false,"_monsterinsights_sitenote_active":false,"_monsterinsights_sitenote_note":"","_monsterinsights_sitenote_category":0,"footnotes":""},"categories":[102,111],"tags":[275,726],"class_list":["post-13287","post","type-post","status-publish","format-standard","has-post-thumbnail","hentry","category-generales","category-justicia","tag-alcaldia-cartagena","tag-secretaria-interior-cartagena"],"_links":{"self":[{"href":"https:\/\/cartagenaaldia.com\/index.php\/wp-json\/wp\/v2\/posts\/13287","targetHints":{"allow":["GET"]}}],"collection":[{"href":"https:\/\/cartagenaaldia.com\/index.php\/wp-json\/wp\/v2\/posts"}],"about":[{"href":"https:\/\/cartagenaaldia.com\/index.php\/wp-json\/wp\/v2\/types\/post"}],"author":[{"embeddable":true,"href":"https:\/\/cartagenaaldia.com\/index.php\/wp-json\/wp\/v2\/users\/2"}],"replies":[{"embeddable":true,"href":"https:\/\/cartagenaaldia.com\/index.php\/wp-json\/wp\/v2\/comments?post=13287"}],"version-history":[{"count":1,"href":"https:\/\/cartagenaaldia.com\/index.php\/wp-json\/wp\/v2\/posts\/13287\/revisions"}],"predecessor-version":[{"id":13288,"href":"https:\/\/cartagenaaldia.com\/index.php\/wp-json\/wp\/v2\/posts\/13287\/revisions\/13288"}],"wp:featuredmedia":[{"embeddable":true,"href":"https:\/\/cartagenaaldia.com\/index.php\/wp-json\/wp\/v2\/media\/13289"}],"wp:attachment":[{"href":"https:\/\/cartagenaaldia.com\/index.php\/wp-json\/wp\/v2\/media?parent=13287"}],"wp:term":[{"taxonomy":"category","embeddable":true,"href":"https:\/\/cartagenaaldia.com\/index.php\/wp-json\/wp\/v2\/categories?post=13287"},{"taxonomy":"post_tag","embeddable":true,"href":"https:\/\/cartagenaaldia.com\/index.php\/wp-json\/wp\/v2\/tags?post=13287"}],"curies":[{"name":"wp","href":"https:\/\/api.w.org\/{rel}","templated":true}]}}