{"id":13281,"date":"2026-04-25T16:31:48","date_gmt":"2026-04-25T21:31:48","guid":{"rendered":"https:\/\/cartagenaaldia.com\/?p=13281"},"modified":"2026-04-25T16:31:49","modified_gmt":"2026-04-25T21:31:49","slug":"cemento-pais-celebra-la-ninez-y-promueve-derechos-para-construir-futuro","status":"publish","type":"post","link":"https:\/\/cartagenaaldia.com\/index.php\/2026\/04\/25\/cemento-pais-celebra-la-ninez-y-promueve-derechos-para-construir-futuro\/","title":{"rendered":"Cemento Pa\u00eds celebra la ni\u00f1ez y promueve derechos para construir futuro"},"content":{"rendered":"\n<p><strong>Cemento Pa\u00eds impulsa importante reconocimiento de la ni\u00f1ez promoviendo derechos y entornos seguros para su desarrollo<\/strong><\/p>\n\n\n\n<hr class=\"wp-block-separator has-alpha-channel-opacity\"\/>\n\n\n\n<p>Hoy, 25 de abril, Cemento Pa\u00eds celebra la ni\u00f1ez, recordando que construir pa\u00eds tambi\u00e9n es cuidar a quienes lo heredar\u00e1n.<\/p>\n\n\n\n<p>La compa\u00f1\u00eda resalta la importancia de garantizar derechos fundamentales como jugar, so\u00f1ar, aprender y crecer en entornos seguros, pilares esenciales para el desarrollo de las nuevas generaciones.<\/p>\n\n\n\n<p>Cada maestro de obra, ferretero y familia entiende que el futuro se construye desde la infancia. Por eso, Cemento Pa\u00eds impulsa valores que van m\u00e1s all\u00e1 de la construcci\u00f3n: respeto, educaci\u00f3n y oportunidades para los m\u00e1s peque\u00f1os.<\/p>\n\n\n\n<p>Carlos Espinosa Osorio, gerente comercial de la compa\u00f1\u00eda, lo expres\u00f3 as\u00ed: \u201cSon peque\u00f1os hoy y ma\u00f1ana ser\u00e1n grandes constructores. De sue\u00f1os, de familias y tambi\u00e9n de obras. Por eso en Cemento Pa\u00eds creemos que fomentar los derechos de la ni\u00f1ez es sembrar el pa\u00eds que queremos. Nuestro compromiso no es solo con el cemento, es con la gente que lo transforma\u201d.<\/p>\n\n\n<div class=\"wp-block-image\">\n<figure class=\"aligncenter size-large\"><img fetchpriority=\"high\" decoding=\"async\" width=\"819\" height=\"1024\" src=\"https:\/\/cartagenaaldia.com\/wp-content\/uploads\/2026\/04\/Cemento-Pais-Dia-Nino--819x1024.webp\" alt=\"\" class=\"wp-image-13283\"\/><figcaption class=\"wp-element-caption\">Foto Cortes\u00eda Cemento Pa\u00eds <\/figcaption><\/figure><\/div>","protected":false},"excerpt":{"rendered":"<p>Cemento Pa\u00eds celebra la ni\u00f1ez resaltando la importancia de garantizar derechos fundamentales promover valores y construir entornos seguros que impulsen el desarrollo de las nuevas generaciones en el pa\u00eds<\/p>\n","protected":false},"author":2,"featured_media":13285,"comment_status":"closed","ping_status":"closed","sticky":false,"template":"","format":"standard","meta":{"om_disable_all_campaigns":false,"_monsterinsights_skip_tracking":false,"_monsterinsights_sitenote_active":false,"_monsterinsights_sitenote_note":"","_monsterinsights_sitenote_category":0,"footnotes":""},"categories":[114,102],"tags":[843,353],"class_list":["post-13281","post","type-post","status-publish","format-standard","has-post-thumbnail","hentry","category-entretenimiento","category-generales","tag-carlos-espinosa","tag-cemento-pais"],"_links":{"self":[{"href":"https:\/\/cartagenaaldia.com\/index.php\/wp-json\/wp\/v2\/posts\/13281","targetHints":{"allow":["GET"]}}],"collection":[{"href":"https:\/\/cartagenaaldia.com\/index.php\/wp-json\/wp\/v2\/posts"}],"about":[{"href":"https:\/\/cartagenaaldia.com\/index.php\/wp-json\/wp\/v2\/types\/post"}],"author":[{"embeddable":true,"href":"https:\/\/cartagenaaldia.com\/index.php\/wp-json\/wp\/v2\/users\/2"}],"replies":[{"embeddable":true,"href":"https:\/\/cartagenaaldia.com\/index.php\/wp-json\/wp\/v2\/comments?post=13281"}],"version-history":[{"count":2,"href":"https:\/\/cartagenaaldia.com\/index.php\/wp-json\/wp\/v2\/posts\/13281\/revisions"}],"predecessor-version":[{"id":13284,"href":"https:\/\/cartagenaaldia.com\/index.php\/wp-json\/wp\/v2\/posts\/13281\/revisions\/13284"}],"wp:featuredmedia":[{"embeddable":true,"href":"https:\/\/cartagenaaldia.com\/index.php\/wp-json\/wp\/v2\/media\/13285"}],"wp:attachment":[{"href":"https:\/\/cartagenaaldia.com\/index.php\/wp-json\/wp\/v2\/media?parent=13281"}],"wp:term":[{"taxonomy":"category","embeddable":true,"href":"https:\/\/cartagenaaldia.com\/index.php\/wp-json\/wp\/v2\/categories?post=13281"},{"taxonomy":"post_tag","embeddable":true,"href":"https:\/\/cartagenaaldia.com\/index.php\/wp-json\/wp\/v2\/tags?post=13281"}],"curies":[{"name":"wp","href":"https:\/\/api.w.org\/{rel}","templated":true}]}}