{"id":12991,"date":"2026-03-16T13:15:15","date_gmt":"2026-03-16T18:15:15","guid":{"rendered":"https:\/\/cartagenaaldia.com\/?p=12991"},"modified":"2026-03-16T13:15:15","modified_gmt":"2026-03-16T18:15:15","slug":"camion-de-postobon-tumba-poste-electrico-en-la-institucion-educativa-san-lucas","status":"publish","type":"post","link":"https:\/\/cartagenaaldia.com\/index.php\/2026\/03\/16\/camion-de-postobon-tumba-poste-electrico-en-la-institucion-educativa-san-lucas\/","title":{"rendered":"Cami\u00f3n de Postob\u00f3n tumba poste el\u00e9ctrico en la Instituci\u00f3n Educativa San Lucas"},"content":{"rendered":"\n<h3 class=\"wp-block-heading\"><strong>Cami\u00f3n de Postob\u00f3n derriba peligroso poste el\u00e9ctrico en instituci\u00f3n educativa San Lucas y deja zona sin energ\u00eda<\/strong><\/h3>\n\n\n\n<hr class=\"wp-block-separator has-alpha-channel-opacity\"\/>\n\n\n\n<p>Un cami\u00f3n de la empresa <strong>Postob\u00f3n<\/strong> protagoniz\u00f3 un incidente que gener\u00f3 alarma en la comunidad educativa y en los habitantes del sector de la <strong>Instituci\u00f3n Educativa San Lucas<\/strong>, luego de que el veh\u00edculo impactara un poste de energ\u00eda el\u00e9ctrica provocando su ca\u00edda.<\/p>\n\n\n\n<p>El hecho ocurri\u00f3 aproximadamente a las <strong>10 de la ma\u00f1ana<\/strong>, momento en el que el poste colaps\u00f3 tras el impacto del veh\u00edculo, generando una situaci\u00f3n de alto riesgo debido a la presencia de cables de alta tensi\u00f3n en el lugar.<\/p>\n\n\n\n<p>Seg\u00fan la informaci\u00f3n conocida, <strong>el poste de energ\u00eda cay\u00f3 directamente sobre un veh\u00edculo marca Duster de servicio p\u00fablico<\/strong>, lo que gener\u00f3 preocupaci\u00f3n entre quienes presenciaron el incidente, ya que los cables el\u00e9ctricos quedaron expuestos y representaban un riesgo inmediato para las personas cercanas.<\/p>\n\n\n\n<p>El suceso estuvo a punto de convertirse en una tragedia, principalmente por la presencia de cables de alta tensi\u00f3n que quedaron en el \u00e1rea luego del colapso de la estructura el\u00e9ctrica.<\/p>\n\n\n\n<p>A pesar de la gravedad potencial del incidente, hasta el momento no se han reportado personas lesionadas.<\/p>\n\n\n\n<p>Sin embargo, el hecho gener\u00f3 afectaciones importantes en el suministro de energ\u00eda el\u00e9ctrica para la instituci\u00f3n educativa y para la zona cercana.<\/p>\n\n\n\n<p><strong>Poste el\u00e9ctrico cay\u00f3 sobre veh\u00edculo de servicio p\u00fablico<\/strong><\/p>\n\n\n\n<p>El impacto del cami\u00f3n provoc\u00f3 que el poste de energ\u00eda perdiera estabilidad y terminara cayendo sobre el veh\u00edculo Duster que se encontraba en el sector.<\/p>\n\n\n\n<p>La escena gener\u00f3 preocupaci\u00f3n entre estudiantes, docentes y habitantes cercanos a la instituci\u00f3n educativa, quienes observaron c\u00f3mo la estructura el\u00e9ctrica colapsaba y los cables quedaban expuestos sobre la v\u00eda.<\/p>\n\n\n\n<p>La presencia de <strong>cables de alta tensi\u00f3n<\/strong> elev\u00f3 el nivel de riesgo, ya que el contacto con estas l\u00edneas podr\u00eda haber provocado una situaci\u00f3n de mayor gravedad.<\/p>\n\n\n\n<p>Por esta raz\u00f3n, las personas que se encontraban cerca del lugar tomaron distancia para evitar cualquier tipo de accidente.<\/p>\n\n\n\n<p>El incidente tambi\u00e9n dej\u00f3 sin servicio de energ\u00eda el\u00e9ctrica tanto a la instituci\u00f3n educativa como a los sectores cercanos.<\/p>\n\n\n\n<p>La interrupci\u00f3n del suministro el\u00e9ctrico gener\u00f3 inconvenientes en las actividades acad\u00e9micas y en el funcionamiento cotidiano de la zona.<\/p>\n\n\n\n<p><strong>Comunidad espera respuesta de empresa de energ\u00eda<\/strong><\/p>\n\n\n\n<p>Tras el incidente, la comunidad manifest\u00f3 preocupaci\u00f3n por la demora en la atenci\u00f3n de la emergencia.<\/p>\n\n\n\n<p>De acuerdo con la informaci\u00f3n conocida, <strong>la empresa comercializadora de energ\u00eda Afinia no hab\u00eda hecho presencia en el lugar con personal ni equipos t\u00e9cnicos<\/strong> para atender el da\u00f1o registrado.<\/p>\n\n\n\n<p>Los habitantes del sector se\u00f1alaron que desde el momento del accidente, ocurrido hacia las 10 de la ma\u00f1ana, permanec\u00edan a la espera de que la empresa iniciara las labores necesarias para reparar la infraestructura el\u00e9ctrica y restablecer el servicio.<\/p>\n\n\n\n<p>La falta de energ\u00eda el\u00e9ctrica afecta tanto a la instituci\u00f3n educativa como a los vecinos del \u00e1rea, quienes esperan que la situaci\u00f3n sea solucionada en el menor tiempo posible.<\/p>\n\n\n\n<p>Mientras tanto, la comunidad contin\u00faa atenta al desarrollo de las acciones que permitan retirar el poste ca\u00eddo, asegurar los cables el\u00e9ctricos y recuperar la normalidad en el servicio.<\/p>\n\n\n<div class=\"wp-block-image\">\n<figure class=\"aligncenter size-large\"><img fetchpriority=\"high\" decoding=\"async\" width=\"1024\" height=\"640\" src=\"https:\/\/cartagenaaldia.com\/wp-content\/uploads\/2026\/03\/Afinia-Poste-Caido-en-Carro--1024x640.webp\" alt=\"\" class=\"wp-image-12993\"\/><figcaption class=\"wp-element-caption\">Foto Cortes\u00eda Instituci\u00f3n Educativa San Lucas. Poste de Energ\u00eda ca\u00eddo en veh\u00edculo servicio p\u00fablico. <\/figcaption><\/figure><\/div>\n\n\n<p>El incidente protagonizado por el cami\u00f3n de Postob\u00f3n en la Instituci\u00f3n Educativa San Lucas dej\u00f3 en evidencia los riesgos que pueden generarse cuando infraestructuras el\u00e9ctricas colapsan en zonas transitadas. Aunque el hecho no dej\u00f3 personas heridas, la ca\u00edda del poste y la presencia de cables de alta tensi\u00f3n mantuvieron en alerta a la comunidad, que ahora espera la pronta intervenci\u00f3n de las autoridades y de la empresa de energ\u00eda para restablecer el servicio y garantizar la seguridad en el sector.<\/p>\n","protected":false},"excerpt":{"rendered":"<p>Poste el\u00e9ctrico cay\u00f3 sobre veh\u00edculo de servicio p\u00fablico tras incidente con cami\u00f3n de Postob\u00f3n en instituci\u00f3n educativa<\/p>\n","protected":false},"author":2,"featured_media":12993,"comment_status":"closed","ping_status":"closed","sticky":false,"template":"","format":"standard","meta":{"om_disable_all_campaigns":false,"_monsterinsights_skip_tracking":false,"_monsterinsights_sitenote_active":false,"_monsterinsights_sitenote_note":"","_monsterinsights_sitenote_category":0,"footnotes":""},"categories":[110,102],"tags":[217,1064,1063],"class_list":["post-12991","post","type-post","status-publish","format-standard","has-post-thumbnail","hentry","category-bolivar","category-generales","tag-afinia","tag-institucion-educativa-san-lucas","tag-postobon"],"_links":{"self":[{"href":"https:\/\/cartagenaaldia.com\/index.php\/wp-json\/wp\/v2\/posts\/12991","targetHints":{"allow":["GET"]}}],"collection":[{"href":"https:\/\/cartagenaaldia.com\/index.php\/wp-json\/wp\/v2\/posts"}],"about":[{"href":"https:\/\/cartagenaaldia.com\/index.php\/wp-json\/wp\/v2\/types\/post"}],"author":[{"embeddable":true,"href":"https:\/\/cartagenaaldia.com\/index.php\/wp-json\/wp\/v2\/users\/2"}],"replies":[{"embeddable":true,"href":"https:\/\/cartagenaaldia.com\/index.php\/wp-json\/wp\/v2\/comments?post=12991"}],"version-history":[{"count":2,"href":"https:\/\/cartagenaaldia.com\/index.php\/wp-json\/wp\/v2\/posts\/12991\/revisions"}],"predecessor-version":[{"id":12994,"href":"https:\/\/cartagenaaldia.com\/index.php\/wp-json\/wp\/v2\/posts\/12991\/revisions\/12994"}],"wp:featuredmedia":[{"embeddable":true,"href":"https:\/\/cartagenaaldia.com\/index.php\/wp-json\/wp\/v2\/media\/12993"}],"wp:attachment":[{"href":"https:\/\/cartagenaaldia.com\/index.php\/wp-json\/wp\/v2\/media?parent=12991"}],"wp:term":[{"taxonomy":"category","embeddable":true,"href":"https:\/\/cartagenaaldia.com\/index.php\/wp-json\/wp\/v2\/categories?post=12991"},{"taxonomy":"post_tag","embeddable":true,"href":"https:\/\/cartagenaaldia.com\/index.php\/wp-json\/wp\/v2\/tags?post=12991"}],"curies":[{"name":"wp","href":"https:\/\/api.w.org\/{rel}","templated":true}]}}