{"id":12983,"date":"2026-03-13T17:25:29","date_gmt":"2026-03-13T22:25:29","guid":{"rendered":"https:\/\/cartagenaaldia.com\/?p=12983"},"modified":"2026-03-13T17:25:30","modified_gmt":"2026-03-13T22:25:30","slug":"alcaldes-de-colombia-amplian-periodo-del-presidente-de-la-federacion-colombiana-de-municipios","status":"publish","type":"post","link":"https:\/\/cartagenaaldia.com\/index.php\/2026\/03\/13\/alcaldes-de-colombia-amplian-periodo-del-presidente-de-la-federacion-colombiana-de-municipios\/","title":{"rendered":"Alcaldes de Colombia ampl\u00edan periodo del presidente de la Federaci\u00f3n Colombiana de Municipios"},"content":{"rendered":"\n<p><strong>Alcaldes del pa\u00eds reunidos en Congreso de Municipios respaldan importante continuidad del liderazgo de la Federaci\u00f3n<\/strong><\/p>\n\n\n\n<hr class=\"wp-block-separator has-alpha-channel-opacity\"\/>\n\n\n\n<p>El <strong>Congreso Nacional de Municipios<\/strong> se consolid\u00f3 nuevamente como el principal escenario de di\u00e1logo institucional entre los gobiernos locales y las principales entidades del Estado colombiano. Durante esta asamblea, que reuni\u00f3 a alcaldes y alcaldesas de todo el pa\u00eds junto con representantes del Gobierno Nacional, organismos de control y l\u00edderes del sector p\u00fablico y privado, se abordaron los principales desaf\u00edos que enfrentan los territorios y las estrategias para fortalecer la descentralizaci\u00f3n.<\/p>\n\n\n\n<p>En el marco de este encuentro, los mandatarios locales adoptaron una decisi\u00f3n clave para el rumbo de la <strong>Federaci\u00f3n Colombiana de Municipios<\/strong>. Los alcaldes reunidos en el congreso aprobaron <strong>la ampliaci\u00f3n del periodo del presidente y del vicepresidente de la entidad<\/strong>, ratificando as\u00ed su confianza en el liderazgo que ha representado al municipalismo colombiano ante el Gobierno Nacional y las distintas instituciones del Estado.<\/p>\n\n\n\n<p>La decisi\u00f3n fue tomada por los alcaldes asistentes al congreso, quienes respaldaron la continuidad de la representaci\u00f3n institucional de la Federaci\u00f3n, destacando el trabajo realizado en la defensa de los intereses de los municipios y en la promoci\u00f3n de iniciativas orientadas a fortalecer la gesti\u00f3n territorial.<\/p>\n\n\n\n<p>Para los mandatarios locales, mantener la estabilidad en la direcci\u00f3n de la Federaci\u00f3n permitir\u00e1 seguir impulsando proyectos estrat\u00e9gicos que respondan a las necesidades de los territorios y que contribuyan a mejorar la articulaci\u00f3n entre los distintos niveles de gobierno.<\/p>\n\n\n\n<p><strong>Respaldo al liderazgo del municipalismo colombiano<\/strong><\/p>\n\n\n\n<p>Tras conocerse la decisi\u00f3n, el presidente de la Federaci\u00f3n Colombiana de Municipios, <strong>Juli\u00e1n S\u00e1nchez Acosta<\/strong>, conocido como \u201cPerico\u201d, agradeci\u00f3 el respaldo expresado por los alcaldes de todo el pa\u00eds.<\/p>\n\n\n\n<p>El dirigente destac\u00f3 que el apoyo recibido representa una se\u00f1al clara de la importancia de mantener una organizaci\u00f3n s\u00f3lida que represente los intereses de los gobiernos locales dentro de la agenda nacional.<\/p>\n\n\n\n<p>\u201c<strong>Este respaldo de los alcaldes de Colombia es un mensaje claro sobre la importancia de mantener una Federaci\u00f3n fuerte<\/strong>\u201d, afirm\u00f3.<\/p>\n\n\n\n<p>S\u00e1nchez Acosta subray\u00f3 que uno de los principales objetivos de la entidad seguir\u00e1 siendo <strong>defender la autonom\u00eda territorial y acompa\u00f1ar a los mandatarios locales en los retos que enfrentan los municipios del pa\u00eds<\/strong>.<\/p>\n\n\n\n<p>El presidente de la Federaci\u00f3n tambi\u00e9n se\u00f1al\u00f3 que el trabajo conjunto entre los gobiernos locales y las instituciones del Estado es fundamental para fortalecer la descentralizaci\u00f3n y garantizar que las pol\u00edticas p\u00fablicas respondan a las realidades de los territorios.<\/p>\n\n\n\n<p>En ese sentido, asegur\u00f3 que la Federaci\u00f3n continuar\u00e1 impulsando iniciativas que permitan consolidar <strong>la voz de los municipios dentro de la agenda nacional<\/strong>, especialmente en temas relacionados con desarrollo territorial, financiaci\u00f3n de proyectos y fortalecimiento institucional.<\/p>\n\n\n\n<p><strong>Proyectos para fortalecer los municipios<\/strong><\/p>\n\n\n\n<p>Por su parte, el vicepresidente de la Federaci\u00f3n, <strong>Campo El\u00edas Ram\u00edrez<\/strong>, destac\u00f3 que la ampliaci\u00f3n del periodo permitir\u00e1 dar continuidad a los proyectos que actualmente se desarrollan desde la organizaci\u00f3n.<\/p>\n\n\n\n<p>El dirigente explic\u00f3 que uno de los principales prop\u00f3sitos es fortalecer las capacidades institucionales de los municipios, permitiendo que las administraciones locales cuenten con mejores herramientas para gestionar el desarrollo de sus territorios.<\/p>\n\n\n\n<p>\u201c<strong>La Federaci\u00f3n seguir\u00e1 siendo el espacio de articulaci\u00f3n del municipalismo colombiano<\/strong>\u201d, se\u00f1al\u00f3.<\/p>\n\n\n\n<p>Ram\u00edrez agreg\u00f3 que el trabajo de la organizaci\u00f3n se enfocar\u00e1 en impulsar iniciativas orientadas a la modernizaci\u00f3n institucional, la seguridad territorial y el desarrollo local.<\/p>\n\n\n\n<p>En este sentido, la Federaci\u00f3n busca consolidarse como un puente entre los alcaldes del pa\u00eds, el Gobierno Nacional y los diferentes actores del sector p\u00fablico y privado que participan en el desarrollo de pol\u00edticas territoriales.<\/p>\n\n\n\n<p>La continuidad en la direcci\u00f3n de la entidad tambi\u00e9n permitir\u00e1 fortalecer los procesos de articulaci\u00f3n con organismos nacionales e internacionales que trabajan en proyectos de desarrollo local y fortalecimiento institucional.<\/p>\n\n\n\n<p><strong>Un escenario clave para el di\u00e1logo territorial<\/strong><\/p>\n\n\n\n<p>El Congreso Nacional de Municipios ha sido hist\u00f3ricamente un espacio de encuentro entre los gobiernos locales y las entidades del orden nacional.<\/p>\n\n\n\n<p>Durante estas jornadas, los alcaldes tienen la oportunidad de intercambiar experiencias, analizar los desaf\u00edos que enfrentan sus territorios y construir propuestas conjuntas para mejorar la gesti\u00f3n p\u00fablica local.<\/p>\n\n\n\n<p>La participaci\u00f3n de representantes del Gobierno Nacional, organismos de control y l\u00edderes del sector privado tambi\u00e9n permite ampliar el di\u00e1logo institucional y promover alianzas estrat\u00e9gicas para el desarrollo de los municipios.<\/p>\n\n\n\n<p>En este contexto, la ampliaci\u00f3n del periodo del presidente y del vicepresidente de la Federaci\u00f3n se interpreta como un mensaje de confianza por parte de los alcaldes hacia la actual direcci\u00f3n de la entidad.<\/p>\n\n\n\n<p>Los mandatarios locales consideran que la continuidad del liderazgo permitir\u00e1 mantener el impulso de las iniciativas que buscan fortalecer el papel de los municipios dentro del sistema pol\u00edtico y administrativo del pa\u00eds. <\/p>\n\n\n\n<p>La decisi\u00f3n adoptada durante el Congreso Nacional de Municipios reafirma el compromiso de los alcaldes colombianos con el fortalecimiento del municipalismo y la defensa de la autonom\u00eda territorial. Con la ampliaci\u00f3n del periodo de su dirigencia, la Federaci\u00f3n Colombiana de Municipios busca consolidar su papel como vocera de los gobiernos locales, impulsar proyectos que mejoren la gesti\u00f3n territorial y promover una mayor articulaci\u00f3n entre los municipios y las instituciones del Estado para avanzar en el desarrollo equilibrado del pa\u00eds.<\/p>\n","protected":false},"excerpt":{"rendered":"<p>Alcaldes de Colombia ampl\u00edan periodo del presidente y vicepresidente de la Federaci\u00f3n para fortalecer el municipalismo<\/p>\n","protected":false},"author":2,"featured_media":12985,"comment_status":"closed","ping_status":"closed","sticky":false,"template":"","format":"standard","meta":{"om_disable_all_campaigns":false,"_monsterinsights_skip_tracking":false,"_monsterinsights_sitenote_active":false,"_monsterinsights_sitenote_note":"","_monsterinsights_sitenote_category":0,"footnotes":""},"categories":[102,105],"tags":[1061,1010],"class_list":["post-12983","post","type-post","status-publish","format-standard","has-post-thumbnail","hentry","category-generales","category-politica","tag-congreso-nacional-municipios","tag-federacion-colombiana-municipios"],"_links":{"self":[{"href":"https:\/\/cartagenaaldia.com\/index.php\/wp-json\/wp\/v2\/posts\/12983","targetHints":{"allow":["GET"]}}],"collection":[{"href":"https:\/\/cartagenaaldia.com\/index.php\/wp-json\/wp\/v2\/posts"}],"about":[{"href":"https:\/\/cartagenaaldia.com\/index.php\/wp-json\/wp\/v2\/types\/post"}],"author":[{"embeddable":true,"href":"https:\/\/cartagenaaldia.com\/index.php\/wp-json\/wp\/v2\/users\/2"}],"replies":[{"embeddable":true,"href":"https:\/\/cartagenaaldia.com\/index.php\/wp-json\/wp\/v2\/comments?post=12983"}],"version-history":[{"count":1,"href":"https:\/\/cartagenaaldia.com\/index.php\/wp-json\/wp\/v2\/posts\/12983\/revisions"}],"predecessor-version":[{"id":12984,"href":"https:\/\/cartagenaaldia.com\/index.php\/wp-json\/wp\/v2\/posts\/12983\/revisions\/12984"}],"wp:featuredmedia":[{"embeddable":true,"href":"https:\/\/cartagenaaldia.com\/index.php\/wp-json\/wp\/v2\/media\/12985"}],"wp:attachment":[{"href":"https:\/\/cartagenaaldia.com\/index.php\/wp-json\/wp\/v2\/media?parent=12983"}],"wp:term":[{"taxonomy":"category","embeddable":true,"href":"https:\/\/cartagenaaldia.com\/index.php\/wp-json\/wp\/v2\/categories?post=12983"},{"taxonomy":"post_tag","embeddable":true,"href":"https:\/\/cartagenaaldia.com\/index.php\/wp-json\/wp\/v2\/tags?post=12983"}],"curies":[{"name":"wp","href":"https:\/\/api.w.org\/{rel}","templated":true}]}}