{"id":12979,"date":"2026-03-13T17:09:35","date_gmt":"2026-03-13T22:09:35","guid":{"rendered":"https:\/\/cartagenaaldia.com\/?p=12979"},"modified":"2026-03-13T17:09:35","modified_gmt":"2026-03-13T22:09:35","slug":"congreso-de-municipios-concluye-en-cartagena-con-llamado-a-fortalecer-seguridad-electoral-y-desarrollo-local","status":"publish","type":"post","link":"https:\/\/cartagenaaldia.com\/index.php\/2026\/03\/13\/congreso-de-municipios-concluye-en-cartagena-con-llamado-a-fortalecer-seguridad-electoral-y-desarrollo-local\/","title":{"rendered":"Congreso de Municipios concluye en Cartagena con llamado a fortalecer seguridad electoral y desarrollo local"},"content":{"rendered":"\n<p><strong>Congreso de Municipios 2026 reuni\u00f3 en Cartagena a gobierno, gremios y candidatos en importante di\u00e1logo institucional<\/strong><\/p>\n\n\n\n<hr class=\"wp-block-separator has-alpha-channel-opacity\"\/>\n\n\n\n<p>El <strong>Congreso de la Federaci\u00f3n Colombiana de Municipios 2026<\/strong> concluy\u00f3 en <strong>Cartagena<\/strong> consolid\u00e1ndose como uno de los espacios m\u00e1s importantes de di\u00e1logo institucional entre autoridades locales, representantes del Gobierno Nacional, organismos de control, gremios econ\u00f3micos y actores del sector financiero del pa\u00eds.<\/p>\n\n\n\n<p>El director ejecutivo de la <strong>Federaci\u00f3n Colombiana de Municipios<\/strong>, <strong>Gilberto Toro<\/strong>, destac\u00f3 que el encuentro permiti\u00f3 fortalecer la articulaci\u00f3n entre los distintos niveles del Estado y los gobiernos locales, as\u00ed como abrir escenarios de conversaci\u00f3n sobre los principales retos que enfrentan los municipios.<\/p>\n\n\n\n<p>\u201c<strong>Siempre nos permite que tengamos un encuentro con el Gobierno Nacional y en este caso con los representantes del Estado<\/strong>\u201d, afirm\u00f3 Toro.<\/p>\n\n\n\n<p>El directivo explic\u00f3 que en esta edici\u00f3n del congreso no solo participaron delegados del Ejecutivo y del Congreso, sino tambi\u00e9n representantes de los organismos de control, la Polic\u00eda Nacional y el <strong>Ministerio de Defensa<\/strong>, lo que permiti\u00f3 abordar temas estrat\u00e9gicos para la administraci\u00f3n municipal y el fortalecimiento institucional.<\/p>\n\n\n\n<p>El congreso tambi\u00e9n cont\u00f3 con la participaci\u00f3n de representantes del sector privado y del sistema financiero, quienes expusieron alternativas para fortalecer los mecanismos de financiaci\u00f3n del desarrollo local.<\/p>\n\n\n\n<p><strong>Seguridad electoral y desarrollo municipal en la agenda<\/strong><\/p>\n\n\n\n<p>Uno de los temas centrales abordados durante el congreso fue la seguridad electoral de cara a la elecci\u00f3n del Presidente de la Rep\u00fablica para el cuatrienio 2026 \u2013 2030 en el pa\u00eds.<\/p>\n\n\n\n<p>De acuerdo con Gilberto Toro, los alcaldes manifestaron su inter\u00e9s en garantizar que las elecciones se desarrollen en un ambiente de tranquilidad y con plenas garant\u00edas para los ciudadanos.<\/p>\n\n\n\n<p>\u201c<strong>Quer\u00edamos hablar sobre seguridad para las elecciones, para que todos los colombianos puedan tener garantizado su derecho al voto en libertad<\/strong>\u201d, explic\u00f3.<\/p>\n\n\n\n<p>El di\u00e1logo permiti\u00f3 revisar los mecanismos de coordinaci\u00f3n entre autoridades locales y entidades nacionales para asegurar el normal desarrollo de las jornadas electorales en los municipios del pa\u00eds.<\/p>\n\n\n\n<p>Adem\u00e1s de la seguridad electoral, otro de los ejes centrales del encuentro fue el desarrollo econ\u00f3mico local.<\/p>\n\n\n\n<p>Seg\u00fan Toro, los alcaldes plantearon la necesidad de fortalecer las herramientas de financiaci\u00f3n que permitan ejecutar los proyectos contemplados en sus planes de desarrollo.<\/p>\n\n\n\n<p>\u201c<strong>Hablamos de desarrollo econ\u00f3mico local, de lo que necesitan los municipios y lo que ofrecen los gremios y las entidades que tienen que ver con financiaci\u00f3n del desarrollo municipal<\/strong>\u201d, se\u00f1al\u00f3.<\/p>\n\n\n\n<p>El objetivo de estas conversaciones fue identificar mecanismos que permitan a los gobiernos locales avanzar en la ejecuci\u00f3n de obras y programas que impulsen el crecimiento econ\u00f3mico en sus territorios.<\/p>\n\n\n\n<p>En este contexto, el congreso facilit\u00f3 un di\u00e1logo directo entre alcaldes, gremios productivos y entidades financieras interesadas en apoyar proyectos de inversi\u00f3n local.<\/p>\n\n\n\n<p><strong>Di\u00e1logo con candidatos presidenciales<\/strong><\/p>\n\n\n\n<p>Otro de los aspectos relevantes del Congreso de Municipios fue el espacio de di\u00e1logo con aspirantes a la Presidencia de la Rep\u00fablica.<\/p>\n\n\n\n<p>Seg\u00fan explic\u00f3 el director ejecutivo de la Federaci\u00f3n, este escenario permiti\u00f3 a los alcaldes conocer las propuestas de quienes aspiran a dirigir el pa\u00eds en el pr\u00f3ximo periodo presidencial.<\/p>\n\n\n\n<p>\u201c<strong>El di\u00e1logo fue con quienes son los m\u00e1s opcionados a ocupar la presidencia de la Rep\u00fablica en el pr\u00f3ximo periodo<\/strong>\u201d, indic\u00f3 Toro.<\/p>\n\n\n\n<p>Durante el evento participaron candidatos como <strong>Roy Barreras<\/strong>, <strong>Abelardo De La Espriella<\/strong> y <strong>Paloma Valencia<\/strong>, quienes presentaron sus visiones sobre el desarrollo del pa\u00eds y el papel de los municipios.<\/p>\n\n\n\n<p>El encuentro permiti\u00f3 a los alcaldes expresar directamente sus expectativas frente al pr\u00f3ximo gobierno nacional y conocer los compromisos que los aspirantes estar\u00edan dispuestos a asumir con los territorios.<\/p>\n\n\n\n<p>Toro destac\u00f3 que, aunque algunas respuestas generaron mayor aceptaci\u00f3n que otras, el balance general del di\u00e1logo fue positivo.<\/p>\n\n\n\n<p>\u201c<strong>Hay respuestas que nos gustan, que nos encantan, hay otras que no tanto<\/strong>\u201d, explic\u00f3.<\/p>\n\n\n\n<p>Sin embargo, subray\u00f3 que lo m\u00e1s importante fue el respeto mostrado por los candidatos hacia las autoridades locales y el reconocimiento de la importancia de los municipios dentro del sistema pol\u00edtico colombiano.<\/p>\n\n\n\n<p>\u201c<strong>Los candidatos demostraron un gran respeto por los alcaldes y alcaldesas del pa\u00eds<\/strong>\u201d, afirm\u00f3.<\/p>\n\n\n\n<p><strong>Compromisos frente al futuro del pa\u00eds<\/strong><\/p>\n\n\n\n<p>El director ejecutivo de la Federaci\u00f3n Colombiana de Municipios se\u00f1al\u00f3 que los compromisos planteados por los candidatos representan una oportunidad para que los gobiernos locales conozcan desde ahora las prioridades de quienes aspiran a dirigir el pa\u00eds.<\/p>\n\n\n\n<p>Para los alcaldes, estos compromisos son fundamentales porque muchas de las pol\u00edticas p\u00fablicas que afectan directamente a los municipios dependen de decisiones del Gobierno Nacional.<\/p>\n\n\n\n<p>En ese sentido, el congreso permiti\u00f3 fortalecer el di\u00e1logo entre los distintos niveles de gobierno y generar expectativas frente a los cambios que podr\u00edan implementarse en el pr\u00f3ximo periodo presidencial.<\/p>\n\n\n\n<p>Durante la conversaci\u00f3n tambi\u00e9n se abord\u00f3 la ausencia de algunos actores pol\u00edticos que hab\u00edan sido invitados al evento.<\/p>\n\n\n\n<p>Al ser consultado sobre la ausencia del dirigente <strong>Ivan Cepeda<\/strong>, Toro explic\u00f3 que la raz\u00f3n fue sencilla. \u201c<strong>Porque no acept\u00f3 la invitaci\u00f3n<\/strong>\u201d, afirm\u00f3.<\/p>\n\n\n\n<p>El Congreso de la Federaci\u00f3n Colombiana de Municipios 2026 cerr\u00f3 en Cartagena reafirmando su papel como escenario clave para el di\u00e1logo entre alcaldes, Gobierno Nacional, sector privado y aspirantes presidenciales. Con debates centrados en seguridad electoral, desarrollo econ\u00f3mico local y financiaci\u00f3n de proyectos municipales, el encuentro dej\u00f3 sobre la mesa compromisos y propuestas que marcar\u00e1n la agenda de los territorios en los pr\u00f3ximos a\u00f1os y que permitir\u00e1n a los gobiernos locales seguir impulsando el desarrollo de sus comunidades.<\/p>\n\n\n\n<figure class=\"wp-block-embed is-type-video is-provider-youtube wp-block-embed-youtube wp-embed-aspect-4-3 wp-has-aspect-ratio\"><div class=\"wp-block-embed__wrapper\">\n<iframe title=\"Congreso de Municipios concluye con di\u00e1logo entre alcaldes\" width=\"500\" height=\"375\" src=\"https:\/\/www.youtube.com\/embed\/KSpkO4S1_bU?feature=oembed\" frameborder=\"0\" allow=\"accelerometer; autoplay; clipboard-write; encrypted-media; gyroscope; picture-in-picture; web-share\" referrerpolicy=\"strict-origin-when-cross-origin\" allowfullscreen><\/iframe>\n<\/div><\/figure>\n","protected":false},"excerpt":{"rendered":"<p>Congreso de Municipios en Cartagena abord\u00f3 seguridad electoral, desarrollo econ\u00f3mico local y di\u00e1logo entre alcaldes y aspirantes presidenciales<\/p>\n","protected":false},"author":2,"featured_media":12981,"comment_status":"closed","ping_status":"closed","sticky":false,"template":"","format":"standard","meta":{"om_disable_all_campaigns":false,"_monsterinsights_skip_tracking":false,"_monsterinsights_sitenote_active":false,"_monsterinsights_sitenote_note":"","_monsterinsights_sitenote_category":0,"footnotes":""},"categories":[102,105],"tags":[1061,1062],"class_list":["post-12979","post","type-post","status-publish","format-standard","has-post-thumbnail","hentry","category-generales","category-politica","tag-congreso-nacional-municipios","tag-federacion-nacional-municipios"],"_links":{"self":[{"href":"https:\/\/cartagenaaldia.com\/index.php\/wp-json\/wp\/v2\/posts\/12979","targetHints":{"allow":["GET"]}}],"collection":[{"href":"https:\/\/cartagenaaldia.com\/index.php\/wp-json\/wp\/v2\/posts"}],"about":[{"href":"https:\/\/cartagenaaldia.com\/index.php\/wp-json\/wp\/v2\/types\/post"}],"author":[{"embeddable":true,"href":"https:\/\/cartagenaaldia.com\/index.php\/wp-json\/wp\/v2\/users\/2"}],"replies":[{"embeddable":true,"href":"https:\/\/cartagenaaldia.com\/index.php\/wp-json\/wp\/v2\/comments?post=12979"}],"version-history":[{"count":2,"href":"https:\/\/cartagenaaldia.com\/index.php\/wp-json\/wp\/v2\/posts\/12979\/revisions"}],"predecessor-version":[{"id":12982,"href":"https:\/\/cartagenaaldia.com\/index.php\/wp-json\/wp\/v2\/posts\/12979\/revisions\/12982"}],"wp:featuredmedia":[{"embeddable":true,"href":"https:\/\/cartagenaaldia.com\/index.php\/wp-json\/wp\/v2\/media\/12981"}],"wp:attachment":[{"href":"https:\/\/cartagenaaldia.com\/index.php\/wp-json\/wp\/v2\/media?parent=12979"}],"wp:term":[{"taxonomy":"category","embeddable":true,"href":"https:\/\/cartagenaaldia.com\/index.php\/wp-json\/wp\/v2\/categories?post=12979"},{"taxonomy":"post_tag","embeddable":true,"href":"https:\/\/cartagenaaldia.com\/index.php\/wp-json\/wp\/v2\/tags?post=12979"}],"curies":[{"name":"wp","href":"https:\/\/api.w.org\/{rel}","templated":true}]}}