{"id":12975,"date":"2026-03-13T15:04:30","date_gmt":"2026-03-13T20:04:30","guid":{"rendered":"https:\/\/cartagenaaldia.com\/?p=12975"},"modified":"2026-03-13T15:04:31","modified_gmt":"2026-03-13T20:04:31","slug":"la-camara-de-comercio-de-cartagena-llega-a-nelson-mandela","status":"publish","type":"post","link":"https:\/\/cartagenaaldia.com\/index.php\/2026\/03\/13\/la-camara-de-comercio-de-cartagena-llega-a-nelson-mandela\/","title":{"rendered":"La C\u00e1mara de Comercio de Cartagena llega a Nelson Mandela"},"content":{"rendered":"\n<p>Importante feria empresarial acerca servicios de C\u00e1mara de Comercio a comerciantes y emprendedores de Nelson Mandela<\/p>\n\n\n\n<hr class=\"wp-block-separator has-alpha-channel-opacity\"\/>\n\n\n\n<p>Con el prop\u00f3sito de acercar sus servicios al territorio y fortalecer la actividad productiva de la ciudad, la C\u00e1mara de Comercio de Cartagena realizar\u00e1 este <em>viernes 13 de marzo una Feria de Servicios Empresariales en el barrio Nelson Mandela<\/em> , una jornada de atenci\u00f3n directa para comerciantes, emprendedores y empresarios del sector.<\/p>\n\n\n\n<p>Durante la actividad, los asistentes podr\u00e1n participar en el censo empresarial, recibir orientaci\u00f3n sobre su actividad econ\u00f3mica y acceder a servicios como la renovaci\u00f3n de la matr\u00edcula mercantil y otros tr\u00e1mites registrales, con el acompa\u00f1amiento del equipo institucional.<\/p>\n\n\n\n<p>La feria tambi\u00e9n contar\u00e1 con la participaci\u00f3n de entidades invitadas que brindar\u00e1n servicios complementarios para la comunidad, generando un espacio de atenci\u00f3n cercana que contribuye al fortalecimiento de las unidades productivas del sector.<\/p>\n\n\n\n<p>\u201cQueremos que los comerciantes y emprendedores de Nelson Mandela encuentren aqu\u00ed un espacio cercano para recibir orientaci\u00f3n, resolver inquietudes y fortalecer sus negocios. Llevar la C\u00e1mara al territorio nos permite acompa\u00f1ar directamente a quienes dinamizan la econom\u00eda de nuestra ciudad\u201d, afirm\u00f3 <em>Andrea Pi\u00f1a G\u00f3mez,<\/em> presidenta ejecutiva de la C\u00e1mara de Comercio de Cartagena.<\/p>\n\n\n\n<p>La C\u00e1mara de Comercio de Cartagena record\u00f3 adem\u00e1s que la renovaci\u00f3n de la matr\u00edcula mercantil vence el pr\u00f3ximo 31 de marzo, un tr\u00e1mite que mantiene activa la empresa ante el <em>Registro Mercantil<\/em> y permite acceder a oportunidades que impulsan la <em>movilidad empresarial.<\/em><\/p>\n\n\n\n<p>Anticipar la renovaci\u00f3n es clave para evitar congestiones y continuar fortaleciendo el tejido empresarial del territorio, una apuesta que contribuye a consolidar un <em>Caribe m\u00e1s competitivo.<\/em><\/p>\n","protected":false},"excerpt":{"rendered":"<p>La C\u00e1mara de Comercio de Cartagena realizar\u00e1 el 13 de marzo una feria empresarial en Nelson Mandela con censo empresarial, renovaci\u00f3n de matr\u00edcula mercantil y orientaci\u00f3n para comerciantes y emprendedores<\/p>\n","protected":false},"author":2,"featured_media":12978,"comment_status":"closed","ping_status":"closed","sticky":false,"template":"","format":"standard","meta":{"om_disable_all_campaigns":false,"_monsterinsights_skip_tracking":false,"_monsterinsights_sitenote_active":false,"_monsterinsights_sitenote_note":"","_monsterinsights_sitenote_category":0,"footnotes":""},"categories":[103,102],"tags":[428,120],"class_list":["post-12975","post","type-post","status-publish","format-standard","has-post-thumbnail","hentry","category-economia","category-generales","tag-camara-cartagena","tag-camara-comercio-cartagena"],"_links":{"self":[{"href":"https:\/\/cartagenaaldia.com\/index.php\/wp-json\/wp\/v2\/posts\/12975","targetHints":{"allow":["GET"]}}],"collection":[{"href":"https:\/\/cartagenaaldia.com\/index.php\/wp-json\/wp\/v2\/posts"}],"about":[{"href":"https:\/\/cartagenaaldia.com\/index.php\/wp-json\/wp\/v2\/types\/post"}],"author":[{"embeddable":true,"href":"https:\/\/cartagenaaldia.com\/index.php\/wp-json\/wp\/v2\/users\/2"}],"replies":[{"embeddable":true,"href":"https:\/\/cartagenaaldia.com\/index.php\/wp-json\/wp\/v2\/comments?post=12975"}],"version-history":[{"count":2,"href":"https:\/\/cartagenaaldia.com\/index.php\/wp-json\/wp\/v2\/posts\/12975\/revisions"}],"predecessor-version":[{"id":12977,"href":"https:\/\/cartagenaaldia.com\/index.php\/wp-json\/wp\/v2\/posts\/12975\/revisions\/12977"}],"wp:featuredmedia":[{"embeddable":true,"href":"https:\/\/cartagenaaldia.com\/index.php\/wp-json\/wp\/v2\/media\/12978"}],"wp:attachment":[{"href":"https:\/\/cartagenaaldia.com\/index.php\/wp-json\/wp\/v2\/media?parent=12975"}],"wp:term":[{"taxonomy":"category","embeddable":true,"href":"https:\/\/cartagenaaldia.com\/index.php\/wp-json\/wp\/v2\/categories?post=12975"},{"taxonomy":"post_tag","embeddable":true,"href":"https:\/\/cartagenaaldia.com\/index.php\/wp-json\/wp\/v2\/tags?post=12975"}],"curies":[{"name":"wp","href":"https:\/\/api.w.org\/{rel}","templated":true}]}}