{"id":12968,"date":"2026-03-13T12:05:08","date_gmt":"2026-03-13T17:05:08","guid":{"rendered":"https:\/\/cartagenaaldia.com\/?p=12968"},"modified":"2026-03-13T12:05:09","modified_gmt":"2026-03-13T17:05:09","slug":"ani-celebra-autorizacion-ambiental-para-modernizar-el-aeropuerto-rafael-nunez-de-cartagena","status":"publish","type":"post","link":"https:\/\/cartagenaaldia.com\/index.php\/2026\/03\/13\/ani-celebra-autorizacion-ambiental-para-modernizar-el-aeropuerto-rafael-nunez-de-cartagena\/","title":{"rendered":"ANI celebra autorizaci\u00f3n ambiental para modernizar el Aeropuerto Rafael N\u00fa\u00f1ez de Cartagena"},"content":{"rendered":"\n<h3 class=\"wp-block-heading\"><strong>ANLA autoriza avance decisivo para ampliar y modernizar el Aeropuerto Rafael N\u00fa\u00f1ez de Cartagena<\/strong><\/h3>\n\n\n\n<hr class=\"wp-block-separator has-alpha-channel-opacity\"\/>\n\n\n\n<p>La <strong>Agencia Nacional de Infraestructura<\/strong> celebr\u00f3 la decisi\u00f3n de la <strong>Autoridad Nacional de Licencias Ambientales<\/strong> que permite avanzar con el proyecto de <strong>ampliaci\u00f3n, modernizaci\u00f3n y mejora del Aeropuerto Internacional Rafael N\u00fa\u00f1ez<\/strong>.<\/p>\n\n\n\n<p>Esta infraestructura a\u00e9rea, concesionada en 2025, representa uno de los proyectos estrat\u00e9gicos de movilidad para la ciudad de <strong>Cartagena<\/strong>, debido al crecimiento sostenido del tr\u00e1fico a\u00e9reo y al incremento del turismo nacional e internacional.<\/p>\n\n\n\n<p>Una vez culminen las intervenciones contempladas dentro del proyecto, el aeropuerto <strong>pasar\u00e1 de atender cerca de siete millones de pasajeros al a\u00f1o a una capacidad de once millones<\/strong>, lo que permitir\u00e1 mejorar significativamente la conectividad a\u00e9rea y la calidad del servicio para los usuarios.<\/p>\n\n\n\n<p>La autorizaci\u00f3n ambiental responde a la informaci\u00f3n t\u00e9cnica y ambiental presentada ante la autoridad entre noviembre de 2025 y febrero de 2026. Seg\u00fan estos estudios, las obras se ejecutar\u00e1n <strong>dentro del \u00e1rea que ya cuenta con licencia ambiental<\/strong>, lo que significa que no ser\u00e1 necesario utilizar nuevos recursos naturales ni generar impactos ambientales adicionales a los ya contemplados.<\/p>\n\n\n\n<figure class=\"wp-block-image size-large\"><img fetchpriority=\"high\" decoding=\"async\" width=\"1024\" height=\"683\" src=\"https:\/\/cartagenaaldia.com\/wp-content\/uploads\/2026\/03\/ANI-OINAC-Licencia-ANLA-1-1024x683.webp\" alt=\"\" class=\"wp-image-12973\"\/><figcaption class=\"wp-element-caption\">La autorizaci\u00f3n ambiental permite a OINAC avanzar en 18 obras que equivale al  75% de la ampliaci\u00f3n del Aeropuerto Rafael N\u00fa\u00f1ez &#8211; Foto Cortes\u00eda ANI<\/figcaption><\/figure>\n\n\n\n<p><strong>Obras para mejorar la capacidad operativa del aeropuerto<\/strong><\/p>\n\n\n\n<p>El presidente de la ANI, <strong>\u00d3scar Torres<\/strong>, explic\u00f3 que la autorizaci\u00f3n permitir\u00e1 avanzar en un conjunto de obras clave para mejorar la operaci\u00f3n del aeropuerto.<\/p>\n\n\n\n<p>\u201c<strong>Nuestros equipos t\u00e9cnicos y los de la concesionaria articularon esfuerzos y presentaron una solicitud para iniciar 18 obras a trav\u00e9s del mecanismo de cambios menores<\/strong>\u201d, se\u00f1al\u00f3 el funcionario.<\/p>\n\n\n\n<p>Estas intervenciones corresponden aproximadamente <strong>al 75 % de las obras necesarias para mejorar la capacidad operativa y el servicio a los usuarios del aeropuerto<\/strong>.<\/p>\n\n\n\n<p>El proceso de evaluaci\u00f3n ambiental incluy\u00f3 estudios detallados sobre <strong>calidad del aire, niveles de ruido, estabilidad del terreno y riesgos operacionales<\/strong>, con el fin de garantizar que las obras cumplan con los est\u00e1ndares t\u00e9cnicos y ambientales establecidos.<\/p>\n\n\n\n<p>Los an\u00e1lisis concluyeron que <strong>los impactos ambientales previstos son bajos y controlables<\/strong>, y adem\u00e1s se ajustan al Plan de Manejo Ambiental actualizado en 2025.<\/p>\n\n\n\n<p>La gerente general de la concesi\u00f3n del aeropuerto, <strong>Patricia Mej\u00eda<\/strong>, destac\u00f3 que esta autorizaci\u00f3n confirma el cumplimiento de los requisitos t\u00e9cnicos y normativos establecidos para el proyecto.<\/p>\n\n\n\n<p>\u201c<strong>Nos complace recibir esta autorizaci\u00f3n por parte de la ANLA, que ratifica el cumplimiento riguroso de los procesos adelantados desde la concesi\u00f3n<\/strong>\u201d, afirm\u00f3.<\/p>\n\n\n\n<p>Seg\u00fan la directiva, este paso permite continuar avanzando en la modernizaci\u00f3n del aeropuerto para ofrecer una infraestructura acorde con las necesidades actuales de la ciudad y del pa\u00eds.<\/p>\n\n\n\n<p><strong>Ampliaci\u00f3n de terminal y nuevas obras estrat\u00e9gicas<\/strong><\/p>\n\n\n\n<p>El proyecto de ampliaci\u00f3n y modernizaci\u00f3n del Aeropuerto Rafael N\u00fa\u00f1ez contempla varias intervenciones que transformar\u00e1n la infraestructura actual.<\/p>\n\n\n\n<p>Entre las principales obras se destaca <strong>la construcci\u00f3n de una nueva terminal internacional con una superficie de 17.360 metros cuadrados<\/strong>, dise\u00f1ada para atender el crecimiento del tr\u00e1fico a\u00e9reo internacional hacia Cartagena.<\/p>\n\n\n\n<p>Adem\u00e1s, el proyecto incluye <strong>la ampliaci\u00f3n de la plataforma comercial en 15.740 metros cuadrados<\/strong>, lo que permitir\u00e1 aumentar el \u00e1rea total hasta alcanzar <strong>99.770 metros cuadrados<\/strong>.<\/p>\n\n\n\n<p>Esta ampliaci\u00f3n facilitar\u00e1 una mayor capacidad para la operaci\u00f3n de aeronaves, optimizando los tiempos de embarque, desembarque y atenci\u00f3n de vuelos.<\/p>\n\n\n\n<p>El plan tambi\u00e9n contempla <strong>la remodelaci\u00f3n de la terminal actual<\/strong>, con el objetivo de mejorar la experiencia de los pasajeros y modernizar los servicios disponibles dentro del aeropuerto.<\/p>\n\n\n\n<p>De acuerdo con el contrato de concesi\u00f3n, el proyecto cuenta con <strong>una inversi\u00f3n estimada de 920.000 millones de pesos<\/strong> y tendr\u00e1 una <strong>etapa constructiva aproximada de dos a\u00f1os y medio<\/strong>.<\/p>\n\n\n\n<p>Durante este periodo se intervendr\u00e1n <strong>25.144 metros cuadrados de la terminal<\/strong>, lo que permitir\u00e1 mejorar la capacidad de atenci\u00f3n y modernizar la infraestructura existente.<\/p>\n\n\n\n<p><strong>Mejoras en parqueaderos y operaci\u00f3n a\u00e9rea<\/strong><\/p>\n\n\n\n<p>El proyecto tambi\u00e9n incluye obras complementarias orientadas a optimizar la operaci\u00f3n del aeropuerto y mejorar la movilidad dentro del complejo aeroportuario.<\/p>\n\n\n\n<p>Entre las intervenciones se encuentra <strong>la renovaci\u00f3n de 11.683 metros cuadrados de la zona de parqueaderos<\/strong>, lo que permitir\u00e1 aumentar la capacidad hasta <strong>330 veh\u00edculos<\/strong>.<\/p>\n\n\n\n<p>Esta ampliaci\u00f3n facilitar\u00e1 el acceso de usuarios y visitantes, especialmente durante temporadas de alta demanda tur\u00edstica.<\/p>\n\n\n\n<p>Adicionalmente, el plan contempla <strong>la construcci\u00f3n de una v\u00eda paralela a la pista<\/strong>, infraestructura que contribuir\u00e1 a mejorar la eficiencia de las operaciones aeroportuarias.<\/p>\n\n\n\n<p>La implementaci\u00f3n de esta v\u00eda permitir\u00e1 optimizar el desplazamiento de aeronaves dentro del aeropuerto, reduciendo tiempos de operaci\u00f3n y fortaleciendo la seguridad en los movimientos en tierra.<\/p>\n\n\n<div class=\"wp-block-image\">\n<figure class=\"aligncenter size-large\"><img decoding=\"async\" width=\"1024\" height=\"683\" src=\"https:\/\/cartagenaaldia.com\/wp-content\/uploads\/2026\/03\/ANI-OINAC-Licencia-ANLA-2-1024x683.webp\" alt=\"\" class=\"wp-image-12972\"\/><figcaption class=\"wp-element-caption\">Foto Cortes\u00eda ANI<\/figcaption><\/figure><\/div>\n\n\n<p>El proyecto de ampliaci\u00f3n y modernizaci\u00f3n del Aeropuerto Internacional Rafael N\u00fa\u00f1ez representa un paso clave para fortalecer la conectividad a\u00e9rea de Cartagena y responder al crecimiento del turismo y del transporte de pasajeros en la regi\u00f3n Caribe. Con nuevas terminales, mayor capacidad operativa y mejoras en infraestructura, esta iniciativa busca consolidar al aeropuerto como una plataforma estrat\u00e9gica para el desarrollo econ\u00f3mico, el comercio y la proyecci\u00f3n internacional de la ciudad.<\/p>\n","protected":false},"excerpt":{"rendered":"<p>Autorizaci\u00f3n ambiental permite avanzar en ampliaci\u00f3n del Aeropuerto Rafael N\u00fa\u00f1ez que aumentar\u00e1 su capacidad a 11 millones de pasajeros<\/p>\n","protected":false},"author":2,"featured_media":12971,"comment_status":"closed","ping_status":"closed","sticky":false,"template":"","format":"standard","meta":{"om_disable_all_campaigns":false,"_monsterinsights_skip_tracking":false,"_monsterinsights_sitenote_active":false,"_monsterinsights_sitenote_note":"","_monsterinsights_sitenote_category":0,"footnotes":""},"categories":[103,102],"tags":[348,456,1060,342,829,440],"class_list":["post-12968","post","type-post","status-publish","format-standard","has-post-thumbnail","hentry","category-economia","category-generales","tag-aeropuerto-internacional-rafael-nunez","tag-agencia-nacional-infraestructura","tag-agencia-nacional-licencias-ambietales","tag-ani","tag-anla","tag-oinac"],"_links":{"self":[{"href":"https:\/\/cartagenaaldia.com\/index.php\/wp-json\/wp\/v2\/posts\/12968","targetHints":{"allow":["GET"]}}],"collection":[{"href":"https:\/\/cartagenaaldia.com\/index.php\/wp-json\/wp\/v2\/posts"}],"about":[{"href":"https:\/\/cartagenaaldia.com\/index.php\/wp-json\/wp\/v2\/types\/post"}],"author":[{"embeddable":true,"href":"https:\/\/cartagenaaldia.com\/index.php\/wp-json\/wp\/v2\/users\/2"}],"replies":[{"embeddable":true,"href":"https:\/\/cartagenaaldia.com\/index.php\/wp-json\/wp\/v2\/comments?post=12968"}],"version-history":[{"count":3,"href":"https:\/\/cartagenaaldia.com\/index.php\/wp-json\/wp\/v2\/posts\/12968\/revisions"}],"predecessor-version":[{"id":12974,"href":"https:\/\/cartagenaaldia.com\/index.php\/wp-json\/wp\/v2\/posts\/12968\/revisions\/12974"}],"wp:featuredmedia":[{"embeddable":true,"href":"https:\/\/cartagenaaldia.com\/index.php\/wp-json\/wp\/v2\/media\/12971"}],"wp:attachment":[{"href":"https:\/\/cartagenaaldia.com\/index.php\/wp-json\/wp\/v2\/media?parent=12968"}],"wp:term":[{"taxonomy":"category","embeddable":true,"href":"https:\/\/cartagenaaldia.com\/index.php\/wp-json\/wp\/v2\/categories?post=12968"},{"taxonomy":"post_tag","embeddable":true,"href":"https:\/\/cartagenaaldia.com\/index.php\/wp-json\/wp\/v2\/tags?post=12968"}],"curies":[{"name":"wp","href":"https:\/\/api.w.org\/{rel}","templated":true}]}}