{"id":12955,"date":"2026-03-12T19:55:51","date_gmt":"2026-03-13T00:55:51","guid":{"rendered":"https:\/\/cartagenaaldia.com\/?p=12955"},"modified":"2026-03-12T19:57:55","modified_gmt":"2026-03-13T00:57:55","slug":"paloma-valencia-es-tiempo-de-que-una-mujer-gobierne-colombia","status":"publish","type":"post","link":"https:\/\/cartagenaaldia.com\/index.php\/2026\/03\/12\/paloma-valencia-es-tiempo-de-que-una-mujer-gobierne-colombia\/","title":{"rendered":"Paloma Valencia: es tiempo de que una mujer gobierne Colombia"},"content":{"rendered":"\n<p><strong>Paloma Valencia habl\u00f3 en Congreso de Municipios 2026 y defendi\u00f3 una propuesta pol\u00edtica inclusiva<\/strong><\/p>\n\n\n\n<hr class=\"wp-block-separator has-alpha-channel-opacity\"\/>\n\n\n\n<p>La candidata presidencial <strong>Paloma Valencia<\/strong> afirm\u00f3 que Colombia vive un momento hist\u00f3rico en el que el pa\u00eds debe abrir la puerta a un nuevo liderazgo femenino en la Presidencia de la Rep\u00fablica. La declaraci\u00f3n fue realizada durante su intervenci\u00f3n en el <strong>Congreso de la Federaci\u00f3n Colombiana de Municipios 2026<\/strong>, donde expuso su visi\u00f3n pol\u00edtica y se refiri\u00f3 a la construcci\u00f3n de una alianza con <strong>Juan Daniel Oviedo<\/strong>.<\/p>\n\n\n\n<p>Durante el encuentro, Valencia se\u00f1al\u00f3 que el pa\u00eds necesita avanzar hacia una nueva etapa pol\u00edtica basada en la reconciliaci\u00f3n y la capacidad de construir acuerdos entre sectores con posiciones distintas. En ese contexto, la candidata destac\u00f3 la elecci\u00f3n de Oviedo como su f\u00f3rmula vicepresidencial, decisi\u00f3n que calific\u00f3 como una se\u00f1al de que es posible construir proyectos pol\u00edticos m\u00e1s amplios.<\/p>\n\n\n\n<p>\u201c<strong>La elecci\u00f3n de Juan Daniel Oviedo como nuestra f\u00f3rmula vicepresidencial es la muestra de que los colombianos no tenemos que concentrarnos en nuestras diferencias<\/strong>\u201d, afirm\u00f3 Valencia.<\/p>\n\n\n\n<p>Seg\u00fan la candidata, el mensaje principal de esta alianza es que el pa\u00eds debe enfocarse en el futuro y no en los conflictos del pasado. En su intervenci\u00f3n sostuvo que Colombia tiene la posibilidad de avanzar si los distintos sectores pol\u00edticos logran trabajar de manera conjunta.<\/p>\n\n\n\n<p>\u201c<strong>Podemos caminar juntos hacia el futuro que Colombia se merece<\/strong>\u201d, expres\u00f3.<\/p>\n\n\n\n<p>Valencia insisti\u00f3 en que la construcci\u00f3n de acuerdos no implica renunciar a las convicciones propias, sino aprender a convivir con posiciones distintas dentro de un proyecto pol\u00edtico com\u00fan.<\/p>\n\n\n\n<p><strong>Una alianza pol\u00edtica basada en las diferencias<\/strong><\/p>\n\n\n\n<p>Durante su intervenci\u00f3n en el Congreso de Municipios, la candidata tambi\u00e9n se refiri\u00f3 a las diferencias que existen entre ella y su f\u00f3rmula vicepresidencial en temas pol\u00edticos, entre ellos el acuerdo de paz.<\/p>\n\n\n\n<p>Seg\u00fan explic\u00f3, el consenso alcanzado no implica que ambas posiciones deban coincidir en todos los temas. Por el contrario, el acuerdo consiste en reconocer las diferencias y encontrar mecanismos para trabajar conjuntamente.<\/p>\n\n\n\n<p>\u201c<strong>Acordamos que cada uno sigue defendiendo lo que piensa. Acordamos que la diferencia es ser diferente y que la diferencia tiene que tramitarse aprendiendo a caminar juntos<\/strong>\u201d, afirm\u00f3.<\/p>\n\n\n\n<p>Valencia sostuvo que Colombia enfrenta profundas heridas sociales y pol\u00edticas que deben ser superadas mediante una visi\u00f3n orientada hacia el futuro.<\/p>\n\n\n\n<p>\u201c<strong>Este es un pa\u00eds que tiene muchas heridas y muchos dolores<\/strong>\u201d, expres\u00f3, al insistir en que la construcci\u00f3n de un proyecto nacional debe centrarse en las oportunidades y en las posibilidades de desarrollo.<\/p>\n\n\n\n<p>Para la candidata, la alianza con Oviedo representa precisamente esa capacidad de construir acuerdos entre sectores con visiones diferentes, pero con un objetivo com\u00fan de avanzar hacia un pa\u00eds con mayor estabilidad y desarrollo.<\/p>\n\n\n\n<p><strong>Apoyo pol\u00edtico y unidad en la consulta<\/strong><\/p>\n\n\n\n<p>Durante el evento, Valencia tambi\u00e9n se refiri\u00f3 al respaldo que ha recibido tras la consulta pol\u00edtica en la que fue elegida como candidata presidencial.<\/p>\n\n\n\n<p>En ese contexto, mencion\u00f3 la reacci\u00f3n del expresidente <strong>\u00c1lvaro Uribe V\u00e9lez<\/strong>, quien, seg\u00fan explic\u00f3, ha recibido con satisfacci\u00f3n la decisi\u00f3n ciudadana que llev\u00f3 a Oviedo a acompa\u00f1arla como f\u00f3rmula vicepresidencial.<\/p>\n\n\n\n<p>\u201c<strong>Est\u00e1 muy contento porque la ciudadan\u00eda eligi\u00f3 a Oviedo en esa consulta<\/strong>\u201d, asegur\u00f3 la candidata.<\/p>\n\n\n\n<p>Valencia se\u00f1al\u00f3 que el acuerdo pol\u00edtico contempla el compromiso de acompa\u00f1ar al ganador del proceso democr\u00e1tico, independientemente del resultado.<\/p>\n\n\n\n<p>\u201c<strong>Si \u00e9l me hubiera ganado nosotros lo hubi\u00e9ramos acompa\u00f1ado. Hoy nosotros ganamos y \u00e9l nos acompa\u00f1a<\/strong>\u201d, afirm\u00f3.<\/p>\n\n\n\n<p>La candidata tambi\u00e9n mencion\u00f3 la adhesi\u00f3n de <strong>Juan Carlos Pinz\u00f3n<\/strong> y su equipo pol\u00edtico al proyecto que encabeza, lo que considera una se\u00f1al de unidad dentro de la coalici\u00f3n.<\/p>\n\n\n\n<p>Valencia asegur\u00f3 que el objetivo es mantener cohesionados a los diferentes sectores que participaron en la consulta.<\/p>\n\n\n\n<p>\u201c<strong>Vamos a mantenernos unidos<\/strong>\u201d, expres\u00f3, al se\u00f1alar que el proyecto pol\u00edtico busca demostrar que es posible trabajar juntos incluso cuando existen diferencias ideol\u00f3gicas.<\/p>\n\n\n\n<p><strong>Propuestas para las regiones y Antioquia<\/strong><\/p>\n\n\n\n<p>En su intervenci\u00f3n, Valencia tambi\u00e9n abord\u00f3 algunos de los desaf\u00edos que enfrentan las regiones del pa\u00eds, en particular el departamento de <strong>Antioquia<\/strong>.<\/p>\n\n\n\n<p>La candidata record\u00f3 que esta regi\u00f3n ha tenido un papel importante en su trayectoria pol\u00edtica y manifest\u00f3 su gratitud por el respaldo electoral recibido en diferentes ocasiones.<\/p>\n\n\n\n<p>\u201c<strong>Con Antioquia tengo una gratitud porque me ha elegido siempre<\/strong>\u201d, afirm\u00f3.<\/p>\n\n\n\n<p>No obstante, asegur\u00f3 que su eventual gobierno tendr\u00eda un enfoque nacional orientado a gobernar para todos los colombianos.<\/p>\n\n\n\n<p>\u201c<strong>Voy a gobernar para todos los colombianos, para todas las regiones de Colombia, voten o no voten por m\u00ed<\/strong>\u201d, expres\u00f3.<\/p>\n\n\n\n<p>Entre los retos que mencion\u00f3 para Antioquia se encuentran la culminaci\u00f3n de importantes proyectos de infraestructura.<\/p>\n\n\n\n<p>Uno de ellos es la terminaci\u00f3n del <strong>T\u00fanel del Toyo<\/strong>, as\u00ed como la conexi\u00f3n vial necesaria para <strong>Puerto Antioquia<\/strong>.<\/p>\n\n\n\n<p>Adem\u00e1s, Valencia destac\u00f3 la necesidad de avanzar en el fortalecimiento de la infraestructura aeroportuaria de <strong>Medell\u00edn<\/strong>, incluyendo el desarrollo de una nueva terminal y posteriormente la construcci\u00f3n de una segunda pista.<\/p>\n\n\n\n<p>Otro de los temas que resalt\u00f3 fue la seguridad, asunto que consider\u00f3 fundamental para Antioquia y para todo el pa\u00eds.<\/p>\n\n\n\n<p>\u201c<strong>Antioquia necesita seguridad como la necesita toda Colombia<\/strong>\u201d, afirm\u00f3.<\/p>\n\n\n\n<hr class=\"wp-block-separator has-alpha-channel-opacity\"\/>\n\n\n\n<figure class=\"wp-block-image size-large\"><img fetchpriority=\"high\" decoding=\"async\" width=\"1024\" height=\"682\" src=\"https:\/\/cartagenaaldia.com\/wp-content\/uploads\/2026\/03\/Fedemunicipios-Paloma-Valencia-1-1024x682.webp\" alt=\"\" class=\"wp-image-12958\"\/><\/figure>\n\n\n\n<p>La participaci\u00f3n de Paloma Valencia en el Congreso de la Federaci\u00f3n Colombiana de Municipios dej\u00f3 claro que su propuesta pol\u00edtica se centra en la construcci\u00f3n de alianzas amplias, el respeto por las diferencias y el impulso de proyectos de infraestructura y desarrollo regional. Con el respaldo de nuevos sectores pol\u00edticos y la apuesta por un liderazgo femenino, la candidata busca consolidar una propuesta que, seg\u00fan sus palabras, pretende abrir una nueva etapa en la pol\u00edtica nacional, marcada por la unidad y la mirada hacia el futuro de Colombia.<\/p>\n\n\n\n<figure class=\"wp-block-embed aligncenter is-type-video is-provider-youtube wp-block-embed-youtube wp-embed-aspect-4-3 wp-has-aspect-ratio\"><div class=\"wp-block-embed__wrapper\">\n<iframe title=\"Paloma Valencia afirma que una mujer debe gobernar Colombia\" width=\"500\" height=\"375\" src=\"https:\/\/www.youtube.com\/embed\/JBGk1mf6U2c?feature=oembed\" frameborder=\"0\" allow=\"accelerometer; autoplay; clipboard-write; encrypted-media; gyroscope; picture-in-picture; web-share\" referrerpolicy=\"strict-origin-when-cross-origin\" allowfullscreen><\/iframe>\n<\/div><\/figure>\n","protected":false},"excerpt":{"rendered":"<p>Paloma Valencia propone uni\u00f3n pol\u00edtica con Juan Daniel Oviedo y afirma que Colombia necesita una mujer presidente<\/p>\n","protected":false},"author":2,"featured_media":12957,"comment_status":"closed","ping_status":"closed","sticky":false,"template":"","format":"standard","meta":{"om_disable_all_campaigns":false,"_monsterinsights_skip_tracking":false,"_monsterinsights_sitenote_active":false,"_monsterinsights_sitenote_note":"","_monsterinsights_sitenote_category":0,"footnotes":""},"categories":[102,105],"tags":[1059,160,1014],"class_list":["post-12955","post","type-post","status-publish","format-standard","has-post-thumbnail","hentry","category-generales","category-politica","tag-paloma-valencia","tag-podcast","tag-precandidatos-presidenciales"],"_links":{"self":[{"href":"https:\/\/cartagenaaldia.com\/index.php\/wp-json\/wp\/v2\/posts\/12955","targetHints":{"allow":["GET"]}}],"collection":[{"href":"https:\/\/cartagenaaldia.com\/index.php\/wp-json\/wp\/v2\/posts"}],"about":[{"href":"https:\/\/cartagenaaldia.com\/index.php\/wp-json\/wp\/v2\/types\/post"}],"author":[{"embeddable":true,"href":"https:\/\/cartagenaaldia.com\/index.php\/wp-json\/wp\/v2\/users\/2"}],"replies":[{"embeddable":true,"href":"https:\/\/cartagenaaldia.com\/index.php\/wp-json\/wp\/v2\/comments?post=12955"}],"version-history":[{"count":2,"href":"https:\/\/cartagenaaldia.com\/index.php\/wp-json\/wp\/v2\/posts\/12955\/revisions"}],"predecessor-version":[{"id":12959,"href":"https:\/\/cartagenaaldia.com\/index.php\/wp-json\/wp\/v2\/posts\/12955\/revisions\/12959"}],"wp:featuredmedia":[{"embeddable":true,"href":"https:\/\/cartagenaaldia.com\/index.php\/wp-json\/wp\/v2\/media\/12957"}],"wp:attachment":[{"href":"https:\/\/cartagenaaldia.com\/index.php\/wp-json\/wp\/v2\/media?parent=12955"}],"wp:term":[{"taxonomy":"category","embeddable":true,"href":"https:\/\/cartagenaaldia.com\/index.php\/wp-json\/wp\/v2\/categories?post=12955"},{"taxonomy":"post_tag","embeddable":true,"href":"https:\/\/cartagenaaldia.com\/index.php\/wp-json\/wp\/v2\/tags?post=12955"}],"curies":[{"name":"wp","href":"https:\/\/api.w.org\/{rel}","templated":true}]}}