{"id":12928,"date":"2026-03-11T18:24:10","date_gmt":"2026-03-11T23:24:10","guid":{"rendered":"https:\/\/cartagenaaldia.com\/?p=12928"},"modified":"2026-03-11T18:24:11","modified_gmt":"2026-03-11T23:24:11","slug":"ministro-de-salud-anuncia-inversion-para-fortalecer-el-hospital-universitario-del-caribe","status":"publish","type":"post","link":"https:\/\/cartagenaaldia.com\/index.php\/2026\/03\/11\/ministro-de-salud-anuncia-inversion-para-fortalecer-el-hospital-universitario-del-caribe\/","title":{"rendered":"Ministro de Salud anuncia inversi\u00f3n para fortalecer el Hospital Universitario del Caribe"},"content":{"rendered":"\n<p><strong>Ministro de Salud respalda importante inversi\u00f3n y nuevos proyectos para modernizar el Hospital Universitario del Caribe<\/strong><\/p>\n\n\n\n<hr class=\"wp-block-separator has-alpha-channel-opacity\"\/>\n\n\n\n<p>El ministro de Salud y Protecci\u00f3n Social, <strong>Guillermo Jaramillo Mart\u00ednez<\/strong>, realiz\u00f3 una visita oficial al <strong>Hospital Universitario del Caribe<\/strong>, donde anunci\u00f3 una serie de compromisos orientados a fortalecer la capacidad de atenci\u00f3n y modernizaci\u00f3n de esta instituci\u00f3n p\u00fablica de alta complejidad.<\/p>\n\n\n\n<p>La visita se realiz\u00f3 en el marco de la agenda del Gobierno Nacional en la regi\u00f3n Caribe y permiti\u00f3 al ministro conocer <strong>los avances en infraestructura, dotaci\u00f3n y calidad en la atenci\u00f3n que actualmente presta el hospital<\/strong>, considerado uno de los principales centros asistenciales del departamento de Bol\u00edvar.<\/p>\n\n\n\n<p>Durante el recorrido por las instalaciones, el jefe de la cartera de salud visit\u00f3 el <strong>octavo piso del hospital<\/strong>, \u00e1rea que recientemente fue dotada con recursos gestionados ante el Gobierno Nacional y que actualmente presta servicios de hospitalizaci\u00f3n con est\u00e1ndares de calidad para los pacientes.<\/p>\n\n\n\n<p>El ministro destac\u00f3 que durante su visita pudo dialogar con pacientes y familiares, quienes manifestaron su satisfacci\u00f3n con la atenci\u00f3n recibida.<\/p>\n\n\n\n<p>\u201c<strong>Tuve la oportunidad de dialogar tanto con pacientes como con sus familiares y todos coincid\u00edan en algo muy importante: la atenci\u00f3n humanizada que se brinda en este hospital<\/strong>\u201d, se\u00f1al\u00f3 Jaramillo.<\/p>\n\n\n\n<p>El funcionario resalt\u00f3 que incluso personas que anteriormente hab\u00edan sido atendidas en cl\u00ednicas privadas expresaron sentirse complacidas con el servicio que actualmente reciben en la instituci\u00f3n p\u00fablica.<\/p>\n\n\n<div class=\"wp-block-image\">\n<figure class=\"aligncenter size-large\"><img fetchpriority=\"high\" decoding=\"async\" width=\"1024\" height=\"783\" src=\"https:\/\/cartagenaaldia.com\/wp-content\/uploads\/2026\/03\/HUC-Minsalud-Anuncia-Inversion-3-1024x783.webp\" alt=\"\" class=\"wp-image-12932\"\/><figcaption class=\"wp-element-caption\">_Durante el encuentro con el gerente Rodrigo Arzuza Jim\u00e9nez, el jefe de la cartera sanitaria anunci\u00f3 compromisos concretos como la entrega de una nueva ambulancia, la financiaci\u00f3n de un moderno angi\u00f3grafo y el acompa\u00f1amiento del Gobierno Nacional para sacar adelante proyectos de inversi\u00f3n que superan los $75.000 millones._<\/figcaption><\/figure><\/div>\n\n\n<p><strong>Inversiones para mejorar infraestructura y servicios<\/strong><\/p>\n\n\n\n<p>Durante su recorrido, el ministro de Salud tambi\u00e9n destac\u00f3 el proceso de fortalecimiento institucional que ha venido desarrollando el hospital en los \u00faltimos a\u00f1os.<\/p>\n\n\n\n<p>El funcionario se\u00f1al\u00f3 que <strong>las inversiones realizadas han permitido mejorar las condiciones de infraestructura hospitalaria y dignificar los espacios destinados a la atenci\u00f3n de pacientes<\/strong>.<\/p>\n\n\n\n<p>Uno de los avances m\u00e1s visibles es la dotaci\u00f3n del octavo piso del hospital, que hoy cuenta con equipos y condiciones adecuadas para la hospitalizaci\u00f3n de pacientes.<\/p>\n\n\n\n<p>\u201c<strong>Es muy satisfactorio ver c\u00f3mo la inversi\u00f3n realizada para la dotaci\u00f3n del octavo piso se traduce en mejores condiciones para los usuarios<\/strong>\u201d, afirm\u00f3 el ministro.<\/p>\n\n\n\n<p>Adem\u00e1s, la instituci\u00f3n ha adelantado con recursos propios un proceso de mejoramiento de diferentes \u00e1reas del hospital.<\/p>\n\n\n\n<p>Entre las intervenciones se encuentran <strong>la renovaci\u00f3n de la fachada, adecuaci\u00f3n de pisos, instalaci\u00f3n de cielorrasos y mejoras en los sistemas de aire acondicionado<\/strong>, acciones que contribuyen a fortalecer el entorno hospitalario y mejorar la experiencia de atenci\u00f3n de los pacientes.<\/p>\n\n\n\n<p>El ministro tambi\u00e9n reconoci\u00f3 el trabajo que ha realizado la administraci\u00f3n del hospital junto con su equipo humano para avanzar en este proceso de transformaci\u00f3n institucional.<\/p>\n\n\n\n<p><strong>Nuevos compromisos para fortalecer la atenci\u00f3n especializada<\/strong><\/p>\n\n\n\n<p>Durante la reuni\u00f3n de trabajo sostenida con el gerente del hospital, <strong>Rodrigo Arzuza Jim\u00e9nez<\/strong>, el ministro anunci\u00f3 nuevos compromisos destinados a ampliar la capacidad de respuesta del centro asistencial.<\/p>\n\n\n\n<p>Uno de los principales anuncios fue <strong>la entrega de una nueva ambulancia<\/strong>, que permitir\u00e1 fortalecer el sistema de traslado asistencial y mejorar la atenci\u00f3n de pacientes provenientes de diferentes municipios del departamento de Bol\u00edvar.<\/p>\n\n\n\n<p>Adem\u00e1s, el Ministerio de Salud confirm\u00f3 <strong>la financiaci\u00f3n de un angi\u00f3grafo<\/strong>, un equipo m\u00e9dico de alta tecnolog\u00eda que permitir\u00e1 al hospital desarrollar servicios especializados de hemodinamia y cirug\u00eda cardiovascular.<\/p>\n\n\n\n<p>Este tipo de tecnolog\u00eda es fundamental para el tratamiento de diversas enfermedades cardiovasculares, ya que facilita la realizaci\u00f3n de <strong>cateterismos, colocaci\u00f3n de stents y otros procedimientos relacionados con obstrucciones coronarias<\/strong>.<\/p>\n\n\n\n<p>La incorporaci\u00f3n de este equipo permitir\u00e1 ampliar la oferta de servicios especializados del hospital y mejorar la atenci\u00f3n de pacientes que requieren tratamientos cardiovasculares de alta complejidad.<\/p>\n\n\n<div class=\"wp-block-image\">\n<figure class=\"aligncenter size-large\"><img decoding=\"async\" width=\"768\" height=\"1024\" src=\"https:\/\/cartagenaaldia.com\/wp-content\/uploads\/2026\/03\/HUC-Minsalud-Anuncia-Inversion-2-768x1024.webp\" alt=\"\" class=\"wp-image-12933\"\/><figcaption class=\"wp-element-caption\">_En una visita institucional que dej\u00f3 importantes anuncios para el fortalecimiento de la red p\u00fablica hospitalaria de la regi\u00f3n Caribe, el ministro de Salud, Guillermo Jaramillo Mart\u00ednez, recorri\u00f3 las instalaciones del Hospital Universitario del Caribe en Cartagena y destac\u00f3 la transformaci\u00f3n que ha vivido la instituci\u00f3n._<\/figcaption><\/figure><\/div>\n\n\n<p><strong>Proyectos de inversi\u00f3n por $75.000 millones<\/strong><\/p>\n\n\n\n<p>Otro de los anuncios realizados durante la visita del ministro fue el acompa\u00f1amiento del Gobierno Nacional en la revisi\u00f3n de un paquete de proyectos de modernizaci\u00f3n hospitalaria.<\/p>\n\n\n\n<p>Seg\u00fan explic\u00f3 Jaramillo, el hospital ha presentado cerca de <strong>doce iniciativas de inversi\u00f3n que en conjunto suman aproximadamente 75.000 millones de pesos<\/strong>.<\/p>\n\n\n\n<p>El objetivo del Ministerio de Salud es evaluar estos proyectos con el fin de apoyar financieramente una parte significativa de las iniciativas.<\/p>\n\n\n\n<p>\u201c<strong>Vamos a analizar cerca de doce proyectos presentados por el hospital. La idea es que el Ministerio pueda apoyar al menos el 50 % de estas iniciativas<\/strong>\u201d, explic\u00f3 el ministro.<\/p>\n\n\n\n<p>Con este respaldo se busca <strong>evitar que la instituci\u00f3n tenga que recurrir a endeudamientos de gran magnitud<\/strong>, permitiendo avanzar en su proceso de modernizaci\u00f3n institucional.<\/p>\n\n\n\n<p><strong>Llamado a las EPS para garantizar sostenibilidad<\/strong><\/p>\n\n\n\n<p>Durante su visita, el ministro tambi\u00e9n hizo un llamado a las <strong>Empresas Promotoras de Salud (EPS)<\/strong> para que cumplan oportunamente con sus obligaciones financieras con el hospital.<\/p>\n\n\n\n<p>Seg\u00fan explic\u00f3 el funcionario, el pago oportuno de los servicios prestados es fundamental para garantizar la sostenibilidad de los hospitales p\u00fablicos.<\/p>\n\n\n\n<p>\u201c<strong>No puede haber situaciones en las que una EPS pague apenas el 10 % de lo facturado<\/strong>\u201d, afirm\u00f3.<\/p>\n\n\n\n<p>El ministro reiter\u00f3 que, de acuerdo con la normativa vigente, <strong>las EPS deben pagar por lo menos el 90 % de lo facturado<\/strong>, con el fin de garantizar la estabilidad financiera de las instituciones de salud.<\/p>\n\n\n\n<p><strong>Un hospital clave para la regi\u00f3n Caribe<\/strong><\/p>\n\n\n\n<p>El gerente del Hospital Universitario del Caribe, Rodrigo Arzuza Jim\u00e9nez, agradeci\u00f3 el respaldo del Gobierno Nacional y destac\u00f3 que los compromisos anunciados permitir\u00e1n continuar fortaleciendo la atenci\u00f3n especializada.<\/p>\n\n\n\n<p>El directivo se\u00f1al\u00f3 que la visita del ministro permiti\u00f3 mostrar de manera directa los avances que ha tenido el hospital en su proceso de transformaci\u00f3n institucional.<\/p>\n\n\n\n<p>\u201c<strong>Los compromisos anunciados hoy, especialmente el angi\u00f3grafo y el apoyo a los proyectos de inversi\u00f3n, representan un paso fundamental para seguir fortaleciendo la atenci\u00f3n especializada<\/strong>\u201d, afirm\u00f3.<\/p>\n\n\n\n<p>Arzuza tambi\u00e9n destac\u00f3 que el hospital contin\u00faa avanzando en procesos de <strong>modernizaci\u00f3n institucional, sostenibilidad ambiental y fortalecimiento financiero<\/strong>, con el objetivo de garantizar servicios de salud oportunos y de calidad.<\/p>\n\n\n\n<p>Actualmente, el hospital se consolida como <strong>centro de referencia para el departamento de Bol\u00edvar y para diversas regiones del Caribe colombiano<\/strong>.<\/p>\n\n\n\n<p>La instituci\u00f3n atiende pacientes provenientes de distintos municipios del departamento e incluso de territorios insulares como <strong>San Andr\u00e9s<\/strong>, <strong>Providencia<\/strong> y <strong>Santa Catalina<\/strong>.<\/p>\n\n\n<div class=\"wp-block-image\">\n<figure class=\"aligncenter size-large\"><img decoding=\"async\" width=\"1024\" height=\"768\" src=\"https:\/\/cartagenaaldia.com\/wp-content\/uploads\/2026\/03\/HUC-Minsalud-Anuncia-Inversion-1-1024x768.webp\" alt=\"\" class=\"wp-image-12934\"\/><figcaption class=\"wp-element-caption\">Foto Cortes\u00eda Hospital Universitario del Caribe \u2014 HUC<\/figcaption><\/figure><\/div>\n\n\n<p>Los compromisos anunciados durante la visita del ministro de Salud reflejan una apuesta por <strong>fortalecer la red p\u00fablica hospitalaria en la regi\u00f3n Caribe<\/strong>. Con nuevas inversiones, equipamiento especializado y proyectos de modernizaci\u00f3n en evaluaci\u00f3n, el Hospital Universitario del Caribe avanza en su consolidaci\u00f3n como un centro asistencial estrat\u00e9gico para miles de pacientes que requieren atenci\u00f3n m\u00e9dica especializada y servicios hospitalarios de alta complejidad.<\/p>\n","protected":false},"excerpt":{"rendered":"<p>Gobierno Nacional anuncia inversiones, nueva ambulancia y equipo m\u00e9dico para fortalecer atenci\u00f3n del Hospital Universitario del Caribe<\/p>\n","protected":false},"author":2,"featured_media":12931,"comment_status":"closed","ping_status":"closed","sticky":false,"template":"","format":"standard","meta":{"om_disable_all_campaigns":false,"_monsterinsights_skip_tracking":false,"_monsterinsights_sitenote_active":false,"_monsterinsights_sitenote_note":"","_monsterinsights_sitenote_category":0,"footnotes":""},"categories":[102,109],"tags":[662,343,1057,426],"class_list":["post-12928","post","type-post","status-publish","format-standard","has-post-thumbnail","hentry","category-generales","category-salud","tag-hospital-universitario-caribe","tag-huc","tag-ministerio-salud","tag-minsalud"],"_links":{"self":[{"href":"https:\/\/cartagenaaldia.com\/index.php\/wp-json\/wp\/v2\/posts\/12928","targetHints":{"allow":["GET"]}}],"collection":[{"href":"https:\/\/cartagenaaldia.com\/index.php\/wp-json\/wp\/v2\/posts"}],"about":[{"href":"https:\/\/cartagenaaldia.com\/index.php\/wp-json\/wp\/v2\/types\/post"}],"author":[{"embeddable":true,"href":"https:\/\/cartagenaaldia.com\/index.php\/wp-json\/wp\/v2\/users\/2"}],"replies":[{"embeddable":true,"href":"https:\/\/cartagenaaldia.com\/index.php\/wp-json\/wp\/v2\/comments?post=12928"}],"version-history":[{"count":3,"href":"https:\/\/cartagenaaldia.com\/index.php\/wp-json\/wp\/v2\/posts\/12928\/revisions"}],"predecessor-version":[{"id":12935,"href":"https:\/\/cartagenaaldia.com\/index.php\/wp-json\/wp\/v2\/posts\/12928\/revisions\/12935"}],"wp:featuredmedia":[{"embeddable":true,"href":"https:\/\/cartagenaaldia.com\/index.php\/wp-json\/wp\/v2\/media\/12931"}],"wp:attachment":[{"href":"https:\/\/cartagenaaldia.com\/index.php\/wp-json\/wp\/v2\/media?parent=12928"}],"wp:term":[{"taxonomy":"category","embeddable":true,"href":"https:\/\/cartagenaaldia.com\/index.php\/wp-json\/wp\/v2\/categories?post=12928"},{"taxonomy":"post_tag","embeddable":true,"href":"https:\/\/cartagenaaldia.com\/index.php\/wp-json\/wp\/v2\/tags?post=12928"}],"curies":[{"name":"wp","href":"https:\/\/api.w.org\/{rel}","templated":true}]}}