{"id":12564,"date":"2026-01-26T23:59:09","date_gmt":"2026-01-27T04:59:09","guid":{"rendered":"https:\/\/cartagenaaldia.com\/?p=12564"},"modified":"2026-01-26T23:59:10","modified_gmt":"2026-01-27T04:59:10","slug":"cemento-pais-felicita-historica-trayectoria-de-ladrillera-clay","status":"publish","type":"post","link":"https:\/\/cartagenaaldia.com\/index.php\/2026\/01\/26\/cemento-pais-felicita-historica-trayectoria-de-ladrillera-clay\/","title":{"rendered":"Cemento Pa\u00eds felicita hist\u00f3rica trayectoria de Ladrillera Clay"},"content":{"rendered":"\n<p><strong>Cemento Pa\u00eds reconoce admirable compromiso de Ladrillera Clay por sus 43 a\u00f1os de servicio confiable regional<\/strong><\/p>\n\n\n\n<hr class=\"wp-block-separator has-alpha-channel-opacity\"\/>\n\n\n\n<p>Cemento Pa\u00eds celebr\u00f3 p\u00fablicamente los <strong>43 a\u00f1os de trayectoria de Ladrillera Clay<\/strong>, una empresa que se ha consolidado como referente de calidad, confianza y compromiso en la regi\u00f3n Caribe. El reconocimiento se convirti\u00f3 en un espacio para resaltar el aporte constante de la ladrillera al desarrollo productivo, social y empresarial del territorio.<\/p>\n\n\n\n<p>La compa\u00f1\u00eda destac\u00f3 que Ladrillera Clay ha demostrado durante m\u00e1s de cuatro d\u00e9cadas un <strong>compromiso inquebrantable con la excelencia<\/strong>, construyendo relaciones s\u00f3lidas con sus clientes y fortaleciendo una reputaci\u00f3n basada en la calidad de sus productos y la seriedad de su servicio.<\/p>\n\n\n\n<p>Este aniversario no solo marca un hito empresarial, sino que refleja una historia de trabajo continuo, adaptaci\u00f3n a los cambios del mercado y responsabilidad con el crecimiento sostenible de la regi\u00f3n. Para Cemento Pa\u00eds, reconocer esta trayectoria significa tambi\u00e9n valorar el impacto positivo que empresas como Ladrillera Clay generan en la cadena de valor de la construcci\u00f3n.<\/p>\n\n\n\n<p><strong>Reconocimiento a una historia de calidad y confianza<\/strong><\/p>\n\n\n\n<p>Desde Cemento Pa\u00eds se destac\u00f3 que la celebraci\u00f3n de estos 43 a\u00f1os es una oportunidad para subrayar la importancia de las alianzas estrat\u00e9gicas en el fortalecimiento del sector. Ladrillera Clay ha construido su camino sobre principios de calidad, cumplimiento y cercan\u00eda con sus clientes, factores que hoy la posicionan como una empresa l\u00edder en el Caribe colombiano.<\/p>\n\n\n\n<p>\u201c<strong>Estamos orgullosos de reconocer el esfuerzo y dedicaci\u00f3n de Ladrillera Clay en la construcci\u00f3n de una regi\u00f3n m\u00e1s pr\u00f3spera y sostenible<\/strong>\u201d, afirm\u00f3 Carlos Espinosa Osorio, gerente comercial de Cemento Pa\u00eds. El directivo resalt\u00f3 que el trabajo constante de la ladrillera ha sido clave para impulsar proyectos, generar empleo y consolidar un tejido empresarial s\u00f3lido.<\/p>\n\n\n\n<p>El mensaje subraya que el crecimiento empresarial no se mide \u00fanicamente en cifras, sino tambi\u00e9n en impacto social, reputaci\u00f3n y confianza construida a lo largo del tiempo.<\/p>\n\n\n\n<p><strong>Un compromiso compartido con la excelencia<\/strong><\/p>\n\n\n\n<p>Cemento Pa\u00eds y Ladrillera Clay comparten una visi\u00f3n empresarial centrada en la <strong>calidad y el servicio<\/strong>, dos pilares que sostienen su permanencia en el mercado. Esta coincidencia de valores ha permitido fortalecer una relaci\u00f3n basada en el respeto mutuo, la colaboraci\u00f3n y la b\u00fasqueda permanente de soluciones innovadoras.<\/p>\n\n\n\n<p>Carlos Espinosa Osorio destac\u00f3 que \u201c<strong>su compromiso con la excelencia es un ejemplo para toda la industria y nos inspira a seguir trabajando juntos para ofrecer soluciones innovadoras y de alta calidad a nuestros clientes<\/strong>\u201d. Estas palabras reflejan una apuesta clara por la cooperaci\u00f3n como motor de competitividad y desarrollo.<\/p>\n\n\n\n<p>El reconocimiento tambi\u00e9n evidencia que la innovaci\u00f3n y la mejora continua son elementos esenciales para mantener la vigencia en un sector altamente competitivo. Ladrillera Clay ha sabido adaptarse a los cambios, fortalecer sus procesos y mantener est\u00e1ndares elevados que hoy la distinguen en la regi\u00f3n.<\/p>\n\n\n\n<p><strong>Liderazgo que trasciende generaciones<\/strong><\/p>\n\n\n\n<p>Celebrar 43 a\u00f1os de historia implica reconocer una trayectoria que ha atravesado distintos ciclos econ\u00f3micos, transformaciones tecnol\u00f3gicas y cambios en las din\u00e1micas del mercado. Ladrillera Clay ha logrado mantenerse vigente gracias a una gesti\u00f3n coherente, una cultura organizacional s\u00f3lida y una relaci\u00f3n cercana con sus clientes.<\/p>\n\n\n\n<p>Para Cemento Pa\u00eds, este aniversario es tambi\u00e9n un mensaje al sector: el liderazgo se construye con constancia, responsabilidad y visi\u00f3n de largo plazo. Las empresas que perduran son aquellas que entienden su rol en el desarrollo regional y asumen compromisos reales con la sostenibilidad y el bienestar colectivo.<\/p>\n\n\n\n<p>La celebraci\u00f3n refuerza la idea de que el crecimiento empresarial debe ir de la mano con el fortalecimiento de la comunidad y la generaci\u00f3n de oportunidades para las nuevas generaciones.<\/p>\n\n\n\n<p>Con este reconocimiento, Cemento Pa\u00eds reafirma su respaldo a una empresa que ha dejado huella en la regi\u00f3n Caribe. <strong>Ladrillera Clay celebra 43 a\u00f1os de \u00e9xito<\/strong>, y su historia se proyecta como ejemplo de calidad, confianza y liderazgo que seguir\u00e1 construyendo futuro para la industria y para toda una regi\u00f3n.<\/p>\n\n\n<div class=\"wp-block-image\">\n<figure class=\"aligncenter size-large\"><img fetchpriority=\"high\" decoding=\"async\" width=\"820\" height=\"1024\" src=\"https:\/\/cartagenaaldia.com\/wp-content\/uploads\/2026\/01\/Cemento-Pais-Ladrillera-La-Clay-1-820x1024.webp\" alt=\"\" class=\"wp-image-12566\"\/><figcaption class=\"wp-element-caption\">Foto Cortes\u00eda Cemento Pa\u00eds<\/figcaption><\/figure><\/div>","protected":false},"excerpt":{"rendered":"<p>Cemento Pa\u00eds destac\u00f3 43 a\u00f1os de Ladrillera Clay como referente regional de calidad, confianza y liderazgo industrial sostenible<\/p>\n","protected":false},"author":2,"featured_media":12565,"comment_status":"closed","ping_status":"closed","sticky":false,"template":"","format":"standard","meta":{"om_disable_all_campaigns":false,"_monsterinsights_skip_tracking":false,"_monsterinsights_sitenote_active":false,"_monsterinsights_sitenote_note":"","_monsterinsights_sitenote_category":0,"footnotes":""},"categories":[103,102],"tags":[843,353],"class_list":["post-12564","post","type-post","status-publish","format-standard","has-post-thumbnail","hentry","category-economia","category-generales","tag-carlos-espinosa","tag-cemento-pais"],"_links":{"self":[{"href":"https:\/\/cartagenaaldia.com\/index.php\/wp-json\/wp\/v2\/posts\/12564","targetHints":{"allow":["GET"]}}],"collection":[{"href":"https:\/\/cartagenaaldia.com\/index.php\/wp-json\/wp\/v2\/posts"}],"about":[{"href":"https:\/\/cartagenaaldia.com\/index.php\/wp-json\/wp\/v2\/types\/post"}],"author":[{"embeddable":true,"href":"https:\/\/cartagenaaldia.com\/index.php\/wp-json\/wp\/v2\/users\/2"}],"replies":[{"embeddable":true,"href":"https:\/\/cartagenaaldia.com\/index.php\/wp-json\/wp\/v2\/comments?post=12564"}],"version-history":[{"count":1,"href":"https:\/\/cartagenaaldia.com\/index.php\/wp-json\/wp\/v2\/posts\/12564\/revisions"}],"predecessor-version":[{"id":12567,"href":"https:\/\/cartagenaaldia.com\/index.php\/wp-json\/wp\/v2\/posts\/12564\/revisions\/12567"}],"wp:featuredmedia":[{"embeddable":true,"href":"https:\/\/cartagenaaldia.com\/index.php\/wp-json\/wp\/v2\/media\/12565"}],"wp:attachment":[{"href":"https:\/\/cartagenaaldia.com\/index.php\/wp-json\/wp\/v2\/media?parent=12564"}],"wp:term":[{"taxonomy":"category","embeddable":true,"href":"https:\/\/cartagenaaldia.com\/index.php\/wp-json\/wp\/v2\/categories?post=12564"},{"taxonomy":"post_tag","embeddable":true,"href":"https:\/\/cartagenaaldia.com\/index.php\/wp-json\/wp\/v2\/tags?post=12564"}],"curies":[{"name":"wp","href":"https:\/\/api.w.org\/{rel}","templated":true}]}}