{"id":12550,"date":"2026-01-26T17:14:17","date_gmt":"2026-01-26T22:14:17","guid":{"rendered":"https:\/\/cartagenaaldia.com\/?p=12550"},"modified":"2026-01-26T17:14:18","modified_gmt":"2026-01-26T22:14:18","slug":"media-maraton-del-mar-regresa-y-abre-calendario-atletico-en-cartagena","status":"publish","type":"post","link":"https:\/\/cartagenaaldia.com\/index.php\/2026\/01\/26\/media-maraton-del-mar-regresa-y-abre-calendario-atletico-en-cartagena\/","title":{"rendered":"Media Marat\u00f3n del Mar regresa y abre calendario atl\u00e9tico en Cartagena"},"content":{"rendered":"\n<p><strong>Hist\u00f3rica carrera deportiva reunir\u00e1 miles de corredores nacionales e internacionales el 22 de febrero en Cartagena vibrante<\/strong><\/p>\n\n\n\n<hr class=\"wp-block-separator has-alpha-channel-opacity\"\/>\n\n\n\n<p>Cartagena volver\u00e1 a ser escenario principal del atletismo nacional con el regreso de la <strong>Media Marat\u00f3n del Mar en su novena versi\u00f3n<\/strong>, una competencia que abrir\u00e1 oficialmente el calendario del running en Colombia y que reunir\u00e1 a miles de corredores nacionales e internacionales el pr\u00f3ximo <strong>22 de febrero<\/strong>, partiendo desde el entorno portuario del <strong>Grupo Puerto Cartagena, en Manga<\/strong>.<\/p>\n\n\n\n<p>La ciudad amurallada recibir\u00e1 a <strong>9.500 atletas<\/strong> que recorrer\u00e1n las distancias de <strong>10 y 21 kil\u00f3metros<\/strong>, en un trazado que combina <strong>exigencia deportiva, paisaje urbano y proyecci\u00f3n tur\u00edstica<\/strong>. Con esta edici\u00f3n, Cartagena se consolida como uno de los escenarios m\u00e1s relevantes del Caribe para el atletismo y como punto de partida de las grandes carreras del pa\u00eds.<\/p>\n\n\n\n<p><strong>La Media Marat\u00f3n del Mar se ha convertido en una cita obligada para corredores recreativos y atletas de alto nivel<\/strong>, marcando el inicio del a\u00f1o atl\u00e9tico en Colombia y fortaleciendo una tradici\u00f3n que integra deporte, ciudad y experiencia internacional.<\/p>\n\n\n\n<p><strong>Una carrera que conecta deporte y ciudad<\/strong><\/p>\n\n\n\n<p>La competencia recorrer\u00e1 algunas de las principales v\u00edas de Cartagena y permitir\u00e1 a los participantes <strong>correr junto al mar Caribe, atravesar sectores hist\u00f3ricos y partir desde un entorno portuario<\/strong>, una caracter\u00edstica que distingue a esta carrera frente a muchas otras en el mundo.<\/p>\n\n\n\n<p>De hecho, <strong>la Media Marat\u00f3n del Mar es una de las pocas competencias internacionales que inicia en un puerto<\/strong>, condici\u00f3n que comparte \u00fanicamente con ciudades como Valpara\u00edso, en Chile, y Rotterdam, en los Pa\u00edses Bajos. Este detalle convierte la salida desde Manga en un atractivo adicional que une identidad portuaria y experiencia deportiva.<\/p>\n\n\n\n<p><strong>Cartagena no es solo el escenario, sino parte central de la experiencia<\/strong>, donde cada kil\u00f3metro se convierte en un recorrido por la historia, el paisaje y la esencia cultural de la ciudad.<\/p>\n\n\n\n<p><strong>Crecimiento sostenido y participaci\u00f3n internacional<\/strong><\/p>\n\n\n\n<p>Las cifras confirman la consolidaci\u00f3n del evento. <strong>M\u00e1s del 80 % de los corredores llegar\u00e1n desde m\u00e1s de 30 departamentos de Colombia<\/strong>, reflejando el alcance nacional de la competencia. A ellos se suman <strong>cerca de 400 corredores internacionales provenientes de 15 pa\u00edses<\/strong>, quienes se integrar\u00e1n a la fiesta deportiva y tur\u00edstica de la ciudad.<\/p>\n\n\n\n<p>La distribuci\u00f3n por g\u00e9nero tambi\u00e9n destaca por su equilibrio. <strong>El 50,2 % de los inscritos son hombres y el 49,8 % mujeres<\/strong>, un indicador que ratifica al running como un deporte incluyente, sin distinci\u00f3n y con una participaci\u00f3n femenina cada vez m\u00e1s protag\u00f3nica.<\/p>\n\n\n\n<p>Este balance reafirma a la Media Marat\u00f3n del Mar como <strong>un evento abierto, diverso y representativo<\/strong>, que re\u00fane distintas edades, niveles de competencia y procedencias en un mismo recorrido.<\/p>\n\n\n\n<p><strong>Expo, familia y deporte formativo<\/strong><\/p>\n\n\n\n<p>Como antesala a la carrera, los d\u00edas <strong>20 y 21 de febrero<\/strong> se realizar\u00e1 la <strong>Expo Media Marat\u00f3n del Mar<\/strong> en el <strong>Centro de Convenciones Cartagena de Indias<\/strong>. La feria reunir\u00e1 <strong>85 marcas<\/strong> vinculadas al deporte, la salud, el bienestar y el estilo de vida, y espera recibir <strong>alrededor de 20.000 visitantes<\/strong>.<\/p>\n\n\n\n<p>Durante la Expo se realizar\u00e1 la <strong>entrega oficial de kits<\/strong>, de manera personal e intransferible, con presentaci\u00f3n obligatoria de documento de identidad f\u00edsico y en jornada continua, garantizando orden y organizaci\u00f3n para todos los participantes.<\/p>\n\n\n\n<p>La programaci\u00f3n se complementa con la carrera <strong>MMM Kids<\/strong>, dirigida a ni\u00f1as y ni\u00f1os, con recorridos de <strong>1 y 2 kil\u00f3metros seg\u00fan la edad<\/strong>, que se realizar\u00e1 el s\u00e1bado <strong>21 de febrero<\/strong>. Esta iniciativa fortalece el enfoque familiar del evento y promueve el <strong>deporte formativo desde edades tempranas<\/strong>, ampliando el impacto m\u00e1s all\u00e1 de la alta competencia.<\/p>\n\n\n\n<p><strong>Una plataforma que integra deporte, turismo y cultura<\/strong><\/p>\n\n\n\n<p>Para los organizadores, la carrera representa mucho m\u00e1s que una prueba atl\u00e9tica.<br><strong>\u201cLa Media Marat\u00f3n del Mar es una plataforma que conecta deporte, ciudad y turismo. No se trata solo de correr 21 kil\u00f3metros, sino de vivir Cartagena desde otra perspectiva\u201d<\/strong>, explic\u00f3 <strong>Carlos Mart\u00ednez, director del evento<\/strong>.<\/p>\n\n\n\n<p>Seg\u00fan Mart\u00ednez, la competencia integra el esfuerzo deportivo con la riqueza cultural y la identidad regional, proyectando a Cartagena como <strong>un destino donde el deporte se convierte en experiencia tur\u00edstica y narrativa urbana<\/strong>.<\/p>\n\n\n\n<p><strong>Impacto econ\u00f3mico y proyecci\u00f3n de ciudad<\/strong><\/p>\n\n\n\n<p>El impacto de la Media Marat\u00f3n del Mar trasciende lo deportivo. La llegada de miles de corredores y acompa\u00f1antes <strong>dinamiza sectores como la hoteler\u00eda, la gastronom\u00eda, el comercio y el transporte<\/strong>, generando un movimiento econ\u00f3mico significativo y fortaleciendo a Cartagena como destino de turismo deportivo.<\/p>\n\n\n\n<p>A este efecto se suma su aporte en la <strong>promoci\u00f3n de h\u00e1bitos de vida activa<\/strong> y en la construcci\u00f3n de una imagen de ciudad asociada al bienestar, la disciplina y la experiencia internacional.<\/p>\n\n\n\n<p>La carrera cuenta con el respaldo de aliados estrat\u00e9gicos como <strong>Grupo Puerto de Cartagena, Sociedad Portuaria Regional de Cartagena, Contecar, ASICS, Sistecr\u00e9dito, Gatorade y Agua Cristal<\/strong>, adem\u00e1s del apoyo institucional de la <strong>Alcald\u00eda Mayor de Cartagena de Indias, la Polic\u00eda y la Armada Nacional<\/strong>, una articulaci\u00f3n p\u00fablico-privada que sostiene su crecimiento y proyecci\u00f3n.<\/p>\n\n\n\n<p><strong>Una cita que posiciona a Cartagena en el running internacional<\/strong><\/p>\n\n\n\n<p>Con cada edici\u00f3n, <strong>la Media Marat\u00f3n del Mar afianza su lugar como plataforma de ciudad<\/strong>, integrando deporte, turismo y experiencia internacional, y posicionando a Cartagena como <strong>uno de los escenarios relevantes del running en el Caribe<\/strong>.<\/p>\n\n\n\n<p>Este 22 de febrero, La Heroica volver\u00e1 a abrir el calendario atl\u00e9tico del pa\u00eds con una carrera que no solo mide tiempos y kil\u00f3metros, sino que <strong>construye identidad, impulsa econom\u00eda y proyecta ciudad<\/strong>.<\/p>\n\n\n\n<p>Porque en Cartagena, correr no es solo competir: <strong>es recorrer historia, paisaje y futuro en cada zancada.<\/strong><\/p>\n","protected":false},"excerpt":{"rendered":"<p>La Media Marat\u00f3n del Mar reunir\u00e1 9.500 corredores en Cartagena con rutas portuarias, turismo deportivo y amplia proyecci\u00f3n internacional<\/p>\n","protected":false},"author":2,"featured_media":12553,"comment_status":"closed","ping_status":"closed","sticky":false,"template":"","format":"standard","meta":{"om_disable_all_campaigns":false,"_monsterinsights_skip_tracking":false,"_monsterinsights_sitenote_active":false,"_monsterinsights_sitenote_note":"","_monsterinsights_sitenote_category":0,"footnotes":""},"categories":[106,102],"tags":[345,306,377,378,304],"class_list":["post-12550","post","type-post","status-publish","format-standard","has-post-thumbnail","hentry","category-deporte","category-generales","tag-gpc","tag-grupo-puerto-cartagena","tag-media-maraton-mar","tag-sociedad-portuaria-regional-cartagena","tag-sprc"],"_links":{"self":[{"href":"https:\/\/cartagenaaldia.com\/index.php\/wp-json\/wp\/v2\/posts\/12550","targetHints":{"allow":["GET"]}}],"collection":[{"href":"https:\/\/cartagenaaldia.com\/index.php\/wp-json\/wp\/v2\/posts"}],"about":[{"href":"https:\/\/cartagenaaldia.com\/index.php\/wp-json\/wp\/v2\/types\/post"}],"author":[{"embeddable":true,"href":"https:\/\/cartagenaaldia.com\/index.php\/wp-json\/wp\/v2\/users\/2"}],"replies":[{"embeddable":true,"href":"https:\/\/cartagenaaldia.com\/index.php\/wp-json\/wp\/v2\/comments?post=12550"}],"version-history":[{"count":2,"href":"https:\/\/cartagenaaldia.com\/index.php\/wp-json\/wp\/v2\/posts\/12550\/revisions"}],"predecessor-version":[{"id":12552,"href":"https:\/\/cartagenaaldia.com\/index.php\/wp-json\/wp\/v2\/posts\/12550\/revisions\/12552"}],"wp:featuredmedia":[{"embeddable":true,"href":"https:\/\/cartagenaaldia.com\/index.php\/wp-json\/wp\/v2\/media\/12553"}],"wp:attachment":[{"href":"https:\/\/cartagenaaldia.com\/index.php\/wp-json\/wp\/v2\/media?parent=12550"}],"wp:term":[{"taxonomy":"category","embeddable":true,"href":"https:\/\/cartagenaaldia.com\/index.php\/wp-json\/wp\/v2\/categories?post=12550"},{"taxonomy":"post_tag","embeddable":true,"href":"https:\/\/cartagenaaldia.com\/index.php\/wp-json\/wp\/v2\/tags?post=12550"}],"curies":[{"name":"wp","href":"https:\/\/api.w.org\/{rel}","templated":true}]}}