{"id":12542,"date":"2026-01-26T14:29:51","date_gmt":"2026-01-26T19:29:51","guid":{"rendered":"https:\/\/cartagenaaldia.com\/?p=12542"},"modified":"2026-01-26T14:29:52","modified_gmt":"2026-01-26T19:29:52","slug":"salvo-basile-fallece-en-cartagena-tras-vida-dedicada-al-cine","status":"publish","type":"post","link":"https:\/\/cartagenaaldia.com\/index.php\/2026\/01\/26\/salvo-basile-fallece-en-cartagena-tras-vida-dedicada-al-cine\/","title":{"rendered":"Salvo Basile fallece en Cartagena tras vida dedicada al cine"},"content":{"rendered":"\n<p><strong>El actor italiano muere a los 85 a\u00f1os dejando valioso legado art\u00edstico, solidario y cinematogr\u00e1fico en la cultura colombiana contempor\u00e1nea<\/strong><\/p>\n\n\n\n<hr class=\"wp-block-separator has-alpha-channel-opacity\"\/>\n\n\n\n<p>El actor, productor y asistente de direcci\u00f3n <strong>Salvo Basile falleci\u00f3 en la madrugada de este lunes 26 de enero<\/strong> en la ciudad de <strong>Cartagena<\/strong>, donde residi\u00f3 durante m\u00e1s de cinco d\u00e9cadas y desde donde construy\u00f3 una de las trayectorias m\u00e1s s\u00f3lidas y respetadas del cine, el teatro y la televisi\u00f3n colombiana.<\/p>\n\n\n\n<p><strong>Basile muri\u00f3 a los 85 a\u00f1os<\/strong> como consecuencia de complicaciones de salud derivadas de un <strong>c\u00e1ncer de est\u00f3mago<\/strong>, enfermedad que enfrentaba desde hac\u00eda alg\u00fan tiempo. La noticia fue confirmada por el alcalde de Cartagena, <strong>Dumek Turbay<\/strong>, quien public\u00f3 en su cuenta de \u201cX\u201d un mensaje de despedida en el que lament\u00f3 profundamente el fallecimiento del actor y resalt\u00f3 su v\u00ednculo permanente con la ciudad.<\/p>\n\n\n\n<figure class=\"wp-block-embed aligncenter is-type-rich is-provider-twitter wp-block-embed-twitter\"><div class=\"wp-block-embed__wrapper\">\n<blockquote class=\"twitter-tweet\" data-width=\"500\" data-dnt=\"true\"><p lang=\"es\" dir=\"ltr\">El &#39;Italiano m\u00e1s cartagenero&#39; de todos, el gran Salvo Basile, falleci\u00f3 esta madrugada. Lleg\u00f3 a <a href=\"https:\/\/twitter.com\/hashtag\/Cartagena?src=hash&amp;ref_src=twsrc%5Etfw\">#Cartagena<\/a> en el 68 y aqu\u00ed se qued\u00f3.<br><br>En alguna oportunidad dijo que Cartagena era la ciudad donde iba a morir y \u00abdonde me van a enterrar con una pepa de mango entre las piernas\u00bb. Buen\u2026 <a href=\"https:\/\/t.co\/R9W4iKC97D\">pic.twitter.com\/R9W4iKC97D<\/a><\/p>&mdash; Dumek Turbay Paz (@dumek_turbay) <a href=\"https:\/\/twitter.com\/dumek_turbay\/status\/2015777205670879526?ref_src=twsrc%5Etfw\">January 26, 2026<\/a><\/blockquote><script async src=\"https:\/\/platform.twitter.com\/widgets.js\" charset=\"utf-8\"><\/script>\n<\/div><\/figure>\n\n\n\n<p>La informaci\u00f3n sobre la causa de su muerte fue ratificada por su amigo <strong>Poncho Renter\u00eda<\/strong>, quien en declaraciones a Blu Radio se\u00f1al\u00f3 que el italiano padec\u00eda esta enfermedad y que las complicaciones m\u00e9dicas terminaron por ocasionar su deceso.<\/p>\n\n\n\n<p><strong>Una vida que encontr\u00f3 destino en Cartagena<\/strong><\/p>\n\n\n\n<p>Salvo Basile lleg\u00f3 a Colombia en <strong>1968<\/strong> como <strong>asistente de producci\u00f3n de la pel\u00edcula <em>Quemada<\/em><\/strong>, dirigida por el cineasta italiano <strong>Gillo Pontecorvo<\/strong> y protagonizada por <strong>Marlon Brando<\/strong>, filmada en Cartagena. Aquella experiencia marcar\u00eda el inicio de una relaci\u00f3n definitiva con el pa\u00eds.<\/p>\n\n\n\n<p>Fue en ese rodaje donde <strong>Basile se enamor\u00f3 de Colombia y de Cartagena<\/strong>, ciudad que adopt\u00f3 como su hogar y en la que vivi\u00f3 hasta el final de su vida. Desde entonces, desarroll\u00f3 una carrera prol\u00edfica que lo convirti\u00f3 en una figura central de la industria audiovisual colombiana y en un puente entre el cine nacional y las producciones internacionales.<\/p>\n\n\n\n<p>Durante d\u00e9cadas, <strong>dedic\u00f3 parte de su trabajo a internacionalizar el cine colombiano<\/strong>, a atraer rodajes extranjeros y a consolidar a Cartagena como escenario cinematogr\u00e1fico, contribuyendo de manera decisiva al posicionamiento cultural de la ciudad.<\/p>\n\n\n\n<p><strong>Una trayectoria marcada por la televisi\u00f3n y el cine<\/strong><\/p>\n\n\n\n<p>En la televisi\u00f3n colombiana, <strong>Salvo Basile dej\u00f3 una huella imborrable<\/strong> con su participaci\u00f3n en producciones emblem\u00e1ticas que forman parte de la memoria colectiva del pa\u00eds. Entre las telenovelas en las que actu\u00f3 se destacan <strong>La mujer en el espejo<\/strong>, <strong>Prisioneros del amor<\/strong>, <strong>\u00a1Ay cosita linda, mam\u00e1!<\/strong>, <strong>Pobre Pablo<\/strong>, <strong>Sof\u00eda, dame tiempo<\/strong> y <strong>Las noches de Luciana<\/strong>.<\/p>\n\n\n\n<p>Estas producciones consolidaron su presencia en la pantalla chica y lo acercaron a varias generaciones de televidentes que reconocieron en \u00e9l a un actor vers\u00e1til, disciplinado y comprometido con su oficio.<\/p>\n\n\n\n<p>En el cine, su nombre aparece vinculado a obras fundamentales del s\u00e9ptimo arte colombiano e internacional. <strong>Particip\u00f3 en pel\u00edculas como <em>El amor en los tiempos del c\u00f3lera<\/em><\/strong>, basada en la novela hom\u00f3nima del nobel <strong>Gabriel Garc\u00eda M\u00e1rquez<\/strong>; en <strong><em>Ilona llega con la lluvia<\/em><\/strong>, inspirada en la obra de <strong>\u00c1lvaro Mutis<\/strong>; en <strong><em>D\u00edas de fortuna<\/em><\/strong>, <strong><em>Banana Joe<\/em><\/strong>, <strong><em>Un amigo es un tesoro<\/em><\/strong> y en la aclamada <strong><em>La estrategia del caracol<\/em><\/strong>, producci\u00f3n que realiz\u00f3 junto al director <strong>Sergio Cabrera<\/strong>.<\/p>\n\n\n\n<p><strong>Un gestor cultural al servicio del cine colombiano<\/strong><\/p>\n\n\n\n<p>M\u00e1s all\u00e1 de su trabajo como actor y productor, <strong>Salvo Basile fue un gestor cultural clave<\/strong> en la historia reciente del cine nacional. Durante <strong>dos d\u00e9cadas hizo parte de la junta directiva del Festival Internacional de Cine de Cartagena de Indias \u2013 FICCI<\/strong>, una labor desde la cual impuls\u00f3 el crecimiento del festival y fortaleci\u00f3 su proyecci\u00f3n internacional.<\/p>\n\n\n\n<p>Su experiencia, su red de contactos y su compromiso con la formaci\u00f3n de nuevas generaciones lo convirtieron en un referente obligado dentro de la industria audiovisual del pa\u00eds. <strong>Basile fue, al mismo tiempo, creador, formador y promotor del cine colombiano<\/strong>, dejando una huella que trasciende sus propias interpretaciones.<\/p>\n\n\n\n<p><strong>Compromiso social y legado humano<\/strong><\/p>\n\n\n\n<p>Hasta sus \u00faltimos d\u00edas, <strong>Salvo Basile mantuvo un compromiso activo con la Fundaci\u00f3n Coraz\u00f3n Contento<\/strong>, organizaci\u00f3n dedicada a apoyar a ni\u00f1os cartageneros de escasos recursos. Esta labor solidaria complement\u00f3 su carrera art\u00edstica y reflej\u00f3 una vocaci\u00f3n de servicio que fue ampliamente reconocida por la comunidad.<\/p>\n\n\n\n<p>Se espera que, al igual que su trabajo en el cine y la televisi\u00f3n, <strong>su legado social contin\u00fae en la ciudad que lo acogi\u00f3 y de la que nunca se fue<\/strong>. Cartagena no solo fue su lugar de residencia, sino el escenario donde sembr\u00f3 proyectos culturales, amistades y acciones solidarias que perduran.<\/p>\n\n\n\n<p><strong>Un adi\u00f3s que deja memoria y gratitud<\/strong><\/p>\n\n\n\n<p>Conocido popularmente como <strong>Salvo<\/strong>, Basile ser\u00e1 recordado como <strong>una de las grandes figuras del arte y la cultura en Colombia<\/strong>, un italiano que eligi\u00f3 este pa\u00eds para vivir, crear y servir. Su nombre queda ligado a momentos fundamentales de la historia audiovisual nacional y a instituciones como el FICCI, que ayud\u00f3 a consolidar.<\/p>\n\n\n\n<p><strong>Cartagena despide hoy a uno de sus hijos adoptivos m\u00e1s ilustres<\/strong>, un hombre que lleg\u00f3 como asistente de producci\u00f3n y termin\u00f3 convertido en s\u00edmbolo de entrega art\u00edstica, gesti\u00f3n cultural y compromiso social. Su partida deja silencio en los escenarios, pero tambi\u00e9n una herencia que seguir\u00e1 viva en cada pel\u00edcula, cada serie, cada festival y cada ni\u00f1o beneficiado por su labor solidaria.<br><strong>Porque Salvo Basile no solo film\u00f3 historias: ayud\u00f3 a construirlas y a compartirlas con generaciones enteras.<\/strong><\/p>\n","protected":false},"excerpt":{"rendered":"<p>Salvo Basile muri\u00f3 en Cartagena a los 85 a\u00f1os tras complicaciones de salud, dejando amplio legado en cine, televisi\u00f3n y labor social<\/p>\n","protected":false},"author":2,"featured_media":12544,"comment_status":"closed","ping_status":"closed","sticky":false,"template":"","format":"standard","meta":{"om_disable_all_campaigns":false,"_monsterinsights_skip_tracking":false,"_monsterinsights_sitenote_active":false,"_monsterinsights_sitenote_note":"","_monsterinsights_sitenote_category":0,"footnotes":""},"categories":[114,102],"tags":[244,409],"class_list":["post-12542","post","type-post","status-publish","format-standard","has-post-thumbnail","hentry","category-entretenimiento","category-generales","tag-dumek-turbay","tag-ficci"],"_links":{"self":[{"href":"https:\/\/cartagenaaldia.com\/index.php\/wp-json\/wp\/v2\/posts\/12542","targetHints":{"allow":["GET"]}}],"collection":[{"href":"https:\/\/cartagenaaldia.com\/index.php\/wp-json\/wp\/v2\/posts"}],"about":[{"href":"https:\/\/cartagenaaldia.com\/index.php\/wp-json\/wp\/v2\/types\/post"}],"author":[{"embeddable":true,"href":"https:\/\/cartagenaaldia.com\/index.php\/wp-json\/wp\/v2\/users\/2"}],"replies":[{"embeddable":true,"href":"https:\/\/cartagenaaldia.com\/index.php\/wp-json\/wp\/v2\/comments?post=12542"}],"version-history":[{"count":2,"href":"https:\/\/cartagenaaldia.com\/index.php\/wp-json\/wp\/v2\/posts\/12542\/revisions"}],"predecessor-version":[{"id":12545,"href":"https:\/\/cartagenaaldia.com\/index.php\/wp-json\/wp\/v2\/posts\/12542\/revisions\/12545"}],"wp:featuredmedia":[{"embeddable":true,"href":"https:\/\/cartagenaaldia.com\/index.php\/wp-json\/wp\/v2\/media\/12544"}],"wp:attachment":[{"href":"https:\/\/cartagenaaldia.com\/index.php\/wp-json\/wp\/v2\/media?parent=12542"}],"wp:term":[{"taxonomy":"category","embeddable":true,"href":"https:\/\/cartagenaaldia.com\/index.php\/wp-json\/wp\/v2\/categories?post=12542"},{"taxonomy":"post_tag","embeddable":true,"href":"https:\/\/cartagenaaldia.com\/index.php\/wp-json\/wp\/v2\/tags?post=12542"}],"curies":[{"name":"wp","href":"https:\/\/api.w.org\/{rel}","templated":true}]}}