{"id":12528,"date":"2026-01-24T17:46:24","date_gmt":"2026-01-24T22:46:24","guid":{"rendered":"https:\/\/cartagenaaldia.com\/?p=12528"},"modified":"2026-01-24T17:46:24","modified_gmt":"2026-01-24T22:46:24","slug":"hay-festival-cartagena-anuncia-nuevos-eventos-culturales","status":"publish","type":"post","link":"https:\/\/cartagenaaldia.com\/index.php\/2026\/01\/24\/hay-festival-cartagena-anuncia-nuevos-eventos-culturales\/","title":{"rendered":"Hay Festival Cartagena anuncia nuevos eventos culturales"},"content":{"rendered":"\n<p><strong>Cartagena suma ambiciosa agenda internacional que integra cine, literatura, filosof\u00eda y debates globales en programaci\u00f3n ampliada del festival<\/strong><\/p>\n\n\n\n<hr class=\"wp-block-separator has-alpha-channel-opacity\"\/>\n\n\n\n<p>El Hay Festival Cartagena de Indias 2026 anuncia la incorporaci\u00f3n de nuevos eventos a su programaci\u00f3n y refuerza su condici\u00f3n como uno de los encuentros culturales m\u00e1s relevantes de Am\u00e9rica Latina. <strong>El festival ampl\u00eda su agenda con conversaciones sobre cine, literatura, filosof\u00eda y orden global<\/strong>, en una edici\u00f3n que se celebrar\u00e1 del 29 de enero al 1 de febrero y que reunir\u00e1 a algunas de las voces m\u00e1s influyentes del pensamiento contempor\u00e1neo.<\/p>\n\n\n\n<p>La organizaci\u00f3n integra estas nuevas actividades como una apuesta por profundizar el di\u00e1logo cr\u00edtico y plural. <strong>Cartagena recibe una programaci\u00f3n que cruza narrativa, cine, pensamiento pol\u00edtico y reflexi\u00f3n filos\u00f3fica<\/strong>, en conversaciones que abordan los grandes debates del presente: el universalismo, el imperialismo, las din\u00e1micas de poder y la violencia en Am\u00e9rica Latina.<\/p>\n\n\n\n<p>El Hay Festival mantiene as\u00ed su vocaci\u00f3n de convertir la ciudad en un espacio de encuentro entre autores, pensadores y p\u00fablicos diversos. <strong>La literatura, el periodismo, el cine y la filosof\u00eda se consolidan como herramientas para comprender el mundo actual<\/strong>, en un contexto marcado por la polarizaci\u00f3n, las crisis pol\u00edticas y los dilemas morales.<\/p>\n\n\n\n<p><strong>Cine, literatura y narrativas contempor\u00e1neas<\/strong><\/p>\n\n\n\n<p>El cine ocupa un lugar destacado dentro de esta ampliaci\u00f3n de la programaci\u00f3n. <strong>Jorge Perugorr\u00eda y Leonardo Padura protagonizan una conversaci\u00f3n que explora su complicidad creativa y su pasi\u00f3n compartida por el cine<\/strong>, en un di\u00e1logo que conecta arte, cultura y realidad social cubana.<\/p>\n\n\n\n<p>El encuentro se complementa con la proyecci\u00f3n de <em>Neur\u00f3tica an\u00f3nima<\/em>, pel\u00edcula dirigida por Perugorr\u00eda. <strong>La sesi\u00f3n combina conversaci\u00f3n y experiencia cinematogr\u00e1fica<\/strong>, ofreciendo al p\u00fablico una aproximaci\u00f3n directa al proceso creativo y al di\u00e1logo entre literatura, actuaci\u00f3n y direcci\u00f3n.<\/p>\n\n\n\n<p>La narrativa contempor\u00e1nea se aborda desde m\u00faltiples formatos. <strong>Daniel Alarc\u00f3n conversa sobre su trabajo entre la ficci\u00f3n literaria y el p\u00f3dcast narrativo<\/strong>, proponiendo una reflexi\u00f3n sobre el arte de contar historias en distintos lenguajes. Como autor reconocido y director de Radio Ambulante Estudios, Alarc\u00f3n comparte su experiencia en los cruces entre literatura, periodismo y audio.<\/p>\n\n\n\n<p>Este espacio permite comprender c\u00f3mo <strong>la narrativa se transforma y se expande en formatos sonoros<\/strong>, y c\u00f3mo el p\u00f3dcast se consolida como un lenguaje central para contar las historias de Am\u00e9rica Latina.<\/p>\n\n\n\n<p><strong>Pensar el universalismo y el mundo que habitamos<\/strong><\/p>\n\n\n\n<p>La filosof\u00eda y el pensamiento pol\u00edtico ocupan un espacio central en los nuevos eventos del festival. <strong>Omri Boehm propone una revisi\u00f3n profunda del universalismo<\/strong>, alej\u00e1ndose de sus interpretaciones cl\u00e1sicas y planteando una emancipaci\u00f3n radical que permita un compromiso real de la humanidad frente a los retos actuales.<\/p>\n\n\n\n<p>Boehm invita a repensar el universalismo sin caer en los l\u00edmites excluyentes de los posicionamientos identitarios. <strong>Su propuesta abre una reflexi\u00f3n sobre \u00e9tica, pol\u00edtica y responsabilidad global<\/strong>, en un momento hist\u00f3rico marcado por la fragmentaci\u00f3n y la confrontaci\u00f3n ideol\u00f3gica.<\/p>\n\n\n\n<p>Estas ideas se ampl\u00edan en una conversaci\u00f3n de alto nivel. <strong>Boehm dialoga con Pankaj Mishra y Philippe Sands sobre el orden mundial contempor\u00e1neo<\/strong>, en un encuentro que analiza si el sistema internacional que conoc\u00edamos ha llegado a su fin.<\/p>\n\n\n\n<p>En un contexto atravesado por crisis legales, conflictos armados y dilemas morales, <strong>los autores examinan qu\u00e9 significa hoy defender un universalismo humanista<\/strong>, y cu\u00e1les son los l\u00edmites y posibilidades de ese proyecto frente a las tensiones actuales.<\/p>\n\n\n\n<p><strong>Imperialismo, poder y violencia en el siglo XXI<\/strong><\/p>\n\n\n\n<p>Otro eje fundamental de esta ampliaci\u00f3n de la programaci\u00f3n es el an\u00e1lisis de las relaciones de poder global. <strong>Un grupo de expertos examina c\u00f3mo los imperialismos contin\u00faan moldeando el mundo actual<\/strong>, desafiando el orden internacional, las normas jur\u00eddicas y los equilibrios geopol\u00edticos.<\/p>\n\n\n\n<p>La conversaci\u00f3n parte de una premisa clara: <strong>los imperialismos no desaparecieron<\/strong>, sino que se transformaron y siguen influyendo en las din\u00e1micas econ\u00f3micas, pol\u00edticas y militares del siglo XXI. Este enfoque permite comprender los conflictos actuales desde una perspectiva hist\u00f3rica y estructural.<\/p>\n\n\n\n<p>La mirada se traslada a Am\u00e9rica Latina con un an\u00e1lisis sobre gobernanza criminal y ejercicio real del poder. <strong>Javier Moreno presenta una conversaci\u00f3n centrada en la violencia y la debilidad institucional<\/strong>, a partir de su libro <em>\u00bfQui\u00e9n manda aqu\u00ed?<\/em>.<\/p>\n\n\n\n<p>El periodista examina el alcance de los grupos criminales y la sensaci\u00f3n de impotencia frente a la espiral de violencia que atraviesa varios pa\u00edses de la regi\u00f3n. <strong>La conversaci\u00f3n ofrece claves para entender un fen\u00f3meno complejo y urgente<\/strong>, que afecta de manera directa la vida cotidiana y la estabilidad democr\u00e1tica.<\/p>\n\n\n\n<p><strong>Un festival para pensar el presente y el futuro<\/strong><\/p>\n\n\n\n<p>Con estos nuevos eventos, el Hay Festival Cartagena de Indias 2026 reafirma su vocaci\u00f3n como un espacio donde la cultura dialoga con la actualidad. <strong>El festival integra literatura, cine, filosof\u00eda y periodismo como herramientas para comprender el mundo que habitamos<\/strong>.<\/p>\n\n\n\n<p>Durante cuatro d\u00edas, Cartagena vuelve a convertirse en punto de encuentro para autores, pensadores y p\u00fablicos diversos. <strong>Las conversaciones invitan a escuchar, cuestionar y reflexionar colectivamente<\/strong>, en un escenario que privilegia el pensamiento cr\u00edtico y el intercambio de ideas.<\/p>\n\n\n\n<p>El Hay Festival consolida as\u00ed una programaci\u00f3n que combina creaci\u00f3n art\u00edstica y reflexi\u00f3n pol\u00edtica, memoria cultural y an\u00e1lisis contempor\u00e1neo. <strong>La ciudad se proyecta como un laboratorio de ideas abierto al mundo<\/strong>, donde la cultura no solo se celebra, sino que se convierte en instrumento para imaginar futuros posibles.<\/p>\n","protected":false},"excerpt":{"rendered":"<p>Hay Festival Cartagena 2026 incorpora conversaciones sobre cine, literatura, universalismo, poder e imperialismo en una programaci\u00f3n cultural ampliada internacional<\/p>\n","protected":false},"author":2,"featured_media":12529,"comment_status":"closed","ping_status":"closed","sticky":false,"template":"","format":"standard","meta":{"om_disable_all_campaigns":false,"_monsterinsights_skip_tracking":false,"_monsterinsights_sitenote_active":false,"_monsterinsights_sitenote_note":"","_monsterinsights_sitenote_category":0,"footnotes":""},"categories":[107,102],"tags":[289,288],"class_list":["post-12528","post","type-post","status-publish","format-standard","has-post-thumbnail","hentry","category-cultura","category-generales","tag-hay-festival","tag-hay-festival-cartagena"],"_links":{"self":[{"href":"https:\/\/cartagenaaldia.com\/index.php\/wp-json\/wp\/v2\/posts\/12528","targetHints":{"allow":["GET"]}}],"collection":[{"href":"https:\/\/cartagenaaldia.com\/index.php\/wp-json\/wp\/v2\/posts"}],"about":[{"href":"https:\/\/cartagenaaldia.com\/index.php\/wp-json\/wp\/v2\/types\/post"}],"author":[{"embeddable":true,"href":"https:\/\/cartagenaaldia.com\/index.php\/wp-json\/wp\/v2\/users\/2"}],"replies":[{"embeddable":true,"href":"https:\/\/cartagenaaldia.com\/index.php\/wp-json\/wp\/v2\/comments?post=12528"}],"version-history":[{"count":1,"href":"https:\/\/cartagenaaldia.com\/index.php\/wp-json\/wp\/v2\/posts\/12528\/revisions"}],"predecessor-version":[{"id":12530,"href":"https:\/\/cartagenaaldia.com\/index.php\/wp-json\/wp\/v2\/posts\/12528\/revisions\/12530"}],"wp:featuredmedia":[{"embeddable":true,"href":"https:\/\/cartagenaaldia.com\/index.php\/wp-json\/wp\/v2\/media\/12529"}],"wp:attachment":[{"href":"https:\/\/cartagenaaldia.com\/index.php\/wp-json\/wp\/v2\/media?parent=12528"}],"wp:term":[{"taxonomy":"category","embeddable":true,"href":"https:\/\/cartagenaaldia.com\/index.php\/wp-json\/wp\/v2\/categories?post=12528"},{"taxonomy":"post_tag","embeddable":true,"href":"https:\/\/cartagenaaldia.com\/index.php\/wp-json\/wp\/v2\/tags?post=12528"}],"curies":[{"name":"wp","href":"https:\/\/api.w.org\/{rel}","templated":true}]}}