{"id":12525,"date":"2026-01-24T17:29:09","date_gmt":"2026-01-24T22:29:09","guid":{"rendered":"https:\/\/cartagenaaldia.com\/?p=12525"},"modified":"2026-01-24T17:29:09","modified_gmt":"2026-01-24T22:29:09","slug":"hay-festival-jerico-desarrolla-segunda-jornada-cultural","status":"publish","type":"post","link":"https:\/\/cartagenaaldia.com\/index.php\/2026\/01\/24\/hay-festival-jerico-desarrolla-segunda-jornada-cultural\/","title":{"rendered":"Hay Festival Jeric\u00f3 desarrolla segunda jornada cultural"},"content":{"rendered":"\n<p><strong>Jeric\u00f3 acoge vibrante programaci\u00f3n literaria, reflexiva y diversa que consolida al municipio como epicentro cultural del suroeste antioque\u00f1o<\/strong><\/p>\n\n\n\n<hr class=\"wp-block-separator has-alpha-channel-opacity\"\/>\n\n\n\n<p>La segunda jornada del Hay Festival Jeric\u00f3 2026 despliega hoy una programaci\u00f3n amplia que confirma al municipio como uno de los principales escenarios culturales del suroeste antioque\u00f1o. <strong>Jeric\u00f3 recibe nuevas conversaciones sobre literatura, memoria, justicia y mundo contempor\u00e1neo<\/strong>, luego de una jornada inaugural marcada por alta participaci\u00f3n ciudadana y una intensa agenda art\u00edstica y acad\u00e9mica.<\/p>\n\n\n\n<p>El festival inici\u00f3 el viernes 23 de enero con una apertura que integr\u00f3 creaci\u00f3n literaria, cine y m\u00fasica. <strong>La premiaci\u00f3n del concurso Antioquia Reimaginada abri\u00f3 oficialmente la programaci\u00f3n<\/strong>, reconociendo nuevas voces narrativas del departamento y reafirmando el compromiso del Hay Festival con la escritura como herramienta para imaginar y narrar los territorios.<\/p>\n\n\n\n<p>La tarde continu\u00f3 con la proyecci\u00f3n del documental <em>El extraordinario viaje de Carlos y Alvin<\/em>, seguida de una conversaci\u00f3n sobre amistad, inclusi\u00f3n y transformaci\u00f3n social desde el arte. <strong>La noche cerr\u00f3 con el concierto del Grupo Suram\u00e9rica<\/strong>, que celebr\u00f3 50 a\u00f1os de trayectoria musical y convirti\u00f3 la plaza principal en un espacio de encuentro colectivo alrededor de la memoria y la canci\u00f3n popular.<\/p>\n\n\n\n<p>Con este contexto, el s\u00e1bado 24 de enero presenta una agenda diversa que recorre literatura, periodismo, historia, ciencia, tecnolog\u00eda y cultura popular. <strong>Los encuentros se desarrollan en escenarios emblem\u00e1ticos como el Teatro Santamar\u00eda, el Museo de Arte Religioso, el Museo MAJA, la Casa Jericoana y el Parque Principal<\/strong>, integrando espacios patrimoniales a la experiencia cultural.<\/p>\n\n\n\n<p><strong>La literatura como eje central<\/strong><\/p>\n\n\n\n<p>La literatura ocupa un lugar protag\u00f3nico en esta segunda jornada. <strong>La escritora Pilar Quintana conversa sobre <em>Noche negra<\/em><\/strong>, una novela que regresa al Pac\u00edfico colombiano para explorar soledad, naturaleza y fragilidad humana en contextos extremos.<\/p>\n\n\n\n<p>Desde el periodismo narrativo, <strong>Yolanda Ruiz propone una reflexi\u00f3n profunda sobre las huellas emocionales de la violencia en Colombia<\/strong>, centrando la conversaci\u00f3n en quienes sobreviven y cargan con las cicatrices del conflicto. Su intervenci\u00f3n sit\u00faa la memoria como un ejercicio necesario para comprender el presente.<\/p>\n\n\n\n<p>La narrativa \u00edntima y la memoria familiar aparecen con el escritor peruano <strong>Gustavo Rodr\u00edguez<\/strong>, quien dialoga sobre <em>Mamita<\/em>, una obra que entrelaza homenaje personal y reconstrucci\u00f3n hist\u00f3rica. <strong>La escritora danesa Janne Teller regresa al festival con <em>Justicia<\/em><\/strong>, su primera novela en m\u00e1s de una d\u00e9cada, para abordar responsabilidad individual, dilemas \u00e9ticos y moral en escenarios de conflicto.<\/p>\n\n\n\n<p><strong>Pensamiento contempor\u00e1neo y mundo actual<\/strong><\/p>\n\n\n\n<p>El pensamiento contempor\u00e1neo atraviesa varias conversaciones clave de la jornada. <strong>Carlos Gran\u00e9s y Bruce Mac Master analizan las tensiones ideol\u00f3gicas, econ\u00f3micas y geopol\u00edticas del presente<\/strong>, aportando miradas desde el ensayo y el liderazgo empresarial sobre los desaf\u00edos actuales.<\/p>\n\n\n\n<p>La periodista estadounidense <strong>Karen Hao invita a observar cr\u00edticamente la inteligencia artificial<\/strong>, revelando din\u00e1micas de poder, trabajo y desigualdad ocultas detr\u00e1s de estas tecnolog\u00edas. Su conversaci\u00f3n abre un espacio de reflexi\u00f3n sobre los impactos sociales de la innovaci\u00f3n digital.<\/p>\n\n\n\n<p>La relaci\u00f3n entre literatura y naturaleza tambi\u00e9n tiene un espacio destacado. <strong>Andr\u00e9s Cota Hiriart y Andrea Mej\u00eda exploran c\u00f3mo la naturaleza se convierte en personaje central de la narrativa contempor\u00e1nea<\/strong>, integrando ciencia, literatura y conciencia ambiental. Esta mirada se complementa con actividades que buscan acercar el conocimiento cient\u00edfico y ambiental a p\u00fablicos diversos.<\/p>\n\n\n\n<p><strong>Imagen, memoria y cultura popular<\/strong><\/p>\n\n\n\n<p>El periodismo visual adquiere relevancia con la conversaci\u00f3n del fotoperiodista <strong>Federico R\u00edos Escobar<\/strong>, quien comparte su experiencia documentando las rutas migratorias a trav\u00e9s del Dari\u00e9n. <strong>Su testimonio pone rostro y contexto a una de las crisis humanitarias m\u00e1s complejas de nuestro tiempo<\/strong>, resaltando el valor del relato visual como herramienta de comprensi\u00f3n social.<\/p>\n\n\n\n<p>Desde otro registro, el deporte se convierte en excusa para hablar de identidad y memoria colectiva a partir del f\u00fatbol colombiano. <strong>La cultura popular se integra as\u00ed a la reflexi\u00f3n sobre naci\u00f3n, territorio y pertenencia<\/strong>.<\/p>\n\n\n\n<p>La m\u00fasica y el audiovisual dialogan con la literatura. <strong>Sim\u00f3n Vargas, integrante de Morat, presenta su faceta como escritor<\/strong>, compartiendo su tr\u00e1nsito creativo entre la canci\u00f3n y el relato ilustrado. Creadores y actores reflexionan adem\u00e1s sobre la adaptaci\u00f3n de personajes de la cultura popular antioque\u00f1a a la pantalla, destacando el valor de estas historias en la construcci\u00f3n de identidad regional.<\/p>\n\n\n\n<p>El s\u00e1bado cerrar\u00e1 con un ambiente festivo y musical en el Parque Principal, reafirmando la vocaci\u00f3n del Hay Festival Jeric\u00f3 como <strong>un espacio donde conviven reflexi\u00f3n y celebraci\u00f3n, pensamiento cr\u00edtico y disfrute colectivo<\/strong>. Con esta segunda jornada, el festival contin\u00faa invitando al p\u00fablico a participar activamente en un escenario donde las ideas circulan con libertad y donde la cultura se vive tanto en los auditorios como en las calles del municipio.<\/p>\n","protected":false},"excerpt":{"rendered":"<p>Segunda jornada del Hay Festival Jeric\u00f3 re\u00fane literatura, memoria, justicia, ciencia y m\u00fasica en m\u00faltiples escenarios culturales del municipio<\/p>\n","protected":false},"author":2,"featured_media":12526,"comment_status":"closed","ping_status":"closed","sticky":false,"template":"","format":"standard","meta":{"om_disable_all_campaigns":false,"_monsterinsights_skip_tracking":false,"_monsterinsights_sitenote_active":false,"_monsterinsights_sitenote_note":"","_monsterinsights_sitenote_category":0,"footnotes":""},"categories":[107,102],"tags":[289,661],"class_list":["post-12525","post","type-post","status-publish","format-standard","has-post-thumbnail","hentry","category-cultura","category-generales","tag-hay-festival","tag-hay-festival-jerico"],"_links":{"self":[{"href":"https:\/\/cartagenaaldia.com\/index.php\/wp-json\/wp\/v2\/posts\/12525","targetHints":{"allow":["GET"]}}],"collection":[{"href":"https:\/\/cartagenaaldia.com\/index.php\/wp-json\/wp\/v2\/posts"}],"about":[{"href":"https:\/\/cartagenaaldia.com\/index.php\/wp-json\/wp\/v2\/types\/post"}],"author":[{"embeddable":true,"href":"https:\/\/cartagenaaldia.com\/index.php\/wp-json\/wp\/v2\/users\/2"}],"replies":[{"embeddable":true,"href":"https:\/\/cartagenaaldia.com\/index.php\/wp-json\/wp\/v2\/comments?post=12525"}],"version-history":[{"count":1,"href":"https:\/\/cartagenaaldia.com\/index.php\/wp-json\/wp\/v2\/posts\/12525\/revisions"}],"predecessor-version":[{"id":12527,"href":"https:\/\/cartagenaaldia.com\/index.php\/wp-json\/wp\/v2\/posts\/12525\/revisions\/12527"}],"wp:featuredmedia":[{"embeddable":true,"href":"https:\/\/cartagenaaldia.com\/index.php\/wp-json\/wp\/v2\/media\/12526"}],"wp:attachment":[{"href":"https:\/\/cartagenaaldia.com\/index.php\/wp-json\/wp\/v2\/media?parent=12525"}],"wp:term":[{"taxonomy":"category","embeddable":true,"href":"https:\/\/cartagenaaldia.com\/index.php\/wp-json\/wp\/v2\/categories?post=12525"},{"taxonomy":"post_tag","embeddable":true,"href":"https:\/\/cartagenaaldia.com\/index.php\/wp-json\/wp\/v2\/tags?post=12525"}],"curies":[{"name":"wp","href":"https:\/\/api.w.org\/{rel}","templated":true}]}}