{"id":12520,"date":"2026-01-24T17:14:00","date_gmt":"2026-01-24T22:14:00","guid":{"rendered":"https:\/\/cartagenaaldia.com\/?p=12520"},"modified":"2026-01-24T17:14:04","modified_gmt":"2026-01-24T22:14:04","slug":"hay-festival-cartagena-reune-grandes-voces-literarias","status":"publish","type":"post","link":"https:\/\/cartagenaaldia.com\/index.php\/2026\/01\/24\/hay-festival-cartagena-reune-grandes-voces-literarias\/","title":{"rendered":"Hay Festival Cartagena re\u00fane grandes voces literarias"},"content":{"rendered":"\n<p><strong>Cartagena acoge ambiciosa edici\u00f3n internacional del Hay Festival 2026 con escritores influyentes y di\u00e1logos culturales decisivos contempor\u00e1neos<\/strong><\/p>\n\n\n\n<hr class=\"wp-block-separator has-alpha-channel-opacity\"\/>\n\n\n\n<p>El Hay Festival Cartagena de Indias celebrar\u00e1 su vig\u00e9sima primera edici\u00f3n entre el 29 de enero y el 1 de febrero de 2026 con una ambiciosa programaci\u00f3n internacional que reunir\u00e1 a algunas de las voces m\u00e1s influyentes de la literatura contempor\u00e1nea. <strong>Cartagena volver\u00e1 a convertirse en epicentro del pensamiento y la cultura del mundo hispanohablante<\/strong>, consolidando al festival como uno de los espacios m\u00e1s relevantes del di\u00e1logo intelectual global.<\/p>\n\n\n\n<p>Autores provenientes de Europa, Am\u00e9rica Latina y Norteam\u00e9rica participar\u00e1n en conversaciones que abordan <strong>memoria hist\u00f3rica, justicia, democracia, identidad y experimentaci\u00f3n narrativa<\/strong>, reafirmando a la literatura como eje central del encuentro cultural. La edici\u00f3n 2026 contar\u00e1 con <strong>m\u00e1s de 180 invitados de 25 pa\u00edses<\/strong> y una programaci\u00f3n que se desplegar\u00e1 durante cuatro d\u00edas en distintos escenarios de la ciudad.<\/p>\n\n\n\n<p>Las actividades literarias internacionales combinar\u00e1n conversaci\u00f3n, an\u00e1lisis de obra y reflexi\u00f3n cr\u00edtica. <strong>Cartagena ser\u00e1 nuevamente punto de convergencia para escritores, lectores y pensadores<\/strong> que buscan comprender el mundo contempor\u00e1neo a trav\u00e9s de las historias.<\/p>\n\n\n\n<p><strong>Grandes autores, grandes conversaciones<\/strong><\/p>\n\n\n\n<p>Uno de los momentos centrales del festival tendr\u00e1 lugar el s\u00e1bado 31 de enero con la participaci\u00f3n del escritor espa\u00f1ol <strong>Javier Cercas<\/strong>, protagonista de dos encuentros clave. Primero conversar\u00e1 con Juan Gabriel V\u00e1squez sobre su obra, incluyendo su m\u00e1s reciente publicaci\u00f3n <em>El loco de Dios en el fin del mundo<\/em>. Luego dialogar\u00e1 junto a Leila Guerriero y Mabel Lara sobre memoria, verdad e historia.<\/p>\n\n\n\n<p>Cercas, autor de novelas fundamentales como <em>Soldados de Salamina<\/em>, <em>Anatom\u00eda de un instante<\/em> y <em>El impostor<\/em>, es una de las voces m\u00e1s influyentes de la literatura europea actual. <strong>Su obra desdibuja las fronteras entre historia y ficci\u00f3n para interrogar la memoria colectiva y los relatos oficiales del pasado<\/strong>.<\/p>\n\n\n\n<p>Desde Espa\u00f1a tambi\u00e9n llegar\u00e1 el novelista <strong>Santiago Posteguillo<\/strong>, quien reflexionar\u00e1 sobre el poder de la novela hist\u00f3rica para acercar el pasado a nuevos p\u00fablicos a partir de su obra sobre la antigua Roma. <strong>La historia se convertir\u00e1 en puente entre \u00e9pocas y lectores contempor\u00e1neos<\/strong>.<\/p>\n\n\n\n<p><strong>Justicia, memoria y orden mundial<\/strong><\/p>\n\n\n\n<p>Se destaca la participaci\u00f3n del jurista y escritor brit\u00e1nico <strong>Philippe Sands<\/strong>, quien el viernes 30 conversar\u00e1 sobre la justicia ante lo irreparable junto a Julieta Lemaitre y Anna Rubesame, con moderaci\u00f3n de Juanita Goebertus. Sands ha desarrollado una obra que combina investigaci\u00f3n jur\u00eddica y narraci\u00f3n literaria para analizar cr\u00edmenes de lesa humanidad, responsabilidad estatal y los l\u00edmites de la justicia.<\/p>\n\n\n\n<p>Ese mismo d\u00eda compartir\u00e1 mesa con Omra Boehm y Pankaj Mishra, con moderaci\u00f3n de H\u00e9ctor Abad Faciolince, para debatir sobre <strong>el final del orden mundial como lo conocemos<\/strong>. El s\u00e1bado 31, Sands abordar\u00e1 los v\u00ednculos entre las dictaduras de Pinochet y la Alemania nazi presentes en su libro <em>Calle Londres 38<\/em>.<\/p>\n\n\n\n<p><strong>Filosof\u00eda, \u00e9tica y literatura contempor\u00e1nea<\/strong><\/p>\n\n\n\n<p>La programaci\u00f3n internacional incluye a la fil\u00f3sofa y escritora <strong>Lea Ypi<\/strong>, reconocida por articular experiencia personal y pensamiento pol\u00edtico. Ypi reflexionar\u00e1 sobre libertad, desigualdad y democracia a partir de obras como <em>Libre<\/em>, <em>Fronteras de clase<\/em> e <em>Indignidad. Una vida recreada<\/em>. <strong>Su escritura entreteje historia familiar y pol\u00edtica para explorar dignidad individual y colectiva<\/strong>.<\/p>\n\n\n\n<p>Desde Francia llegar\u00e1 la dramaturga y novelista <strong>Yasmina Reza<\/strong>, figura central del teatro contempor\u00e1neo. En su libro <em>Casos reales<\/em> explora la fragilidad moral y la imperfecci\u00f3n cotidiana a trav\u00e9s de recuerdos personales y cr\u00f3nicas judiciales. <strong>Su mirada psicol\u00f3gica y mordaz indaga en las din\u00e1micas de poder y la condici\u00f3n humana<\/strong>.<\/p>\n\n\n\n<p>El autor alem\u00e1n <strong>Daniel Kehlmann<\/strong> participar\u00e1 en conversaciones sobre los cruces entre historia, ciencia y ficci\u00f3n. Con novelas como <em>La medida del mundo<\/em> y <em>Tyll<\/em>, Kehlmann combina rigor intelectual, iron\u00eda y experimentaci\u00f3n formal. En Cartagena abordar\u00e1 el dilema \u00e9tico del director G. W. Pabst y su relaci\u00f3n con Joseph Goebbels.<\/p>\n\n\n\n<p><strong>Narrativas globales y voces diversas<\/strong><\/p>\n\n\n\n<p>Desde Estados Unidos llegar\u00e1 <strong>Amor Towles<\/strong>, uno de los novelistas m\u00e1s le\u00eddos de la \u00faltima d\u00e9cada. En <em>Mesa para dos<\/em> explora felicidad, dinero y convenciones sociales a trav\u00e9s de relatos ambientados en el a\u00f1o 2000 y en la Edad de Oro de Hollywood. <strong>Sus historias revelan c\u00f3mo el tiempo transforma vidas y aspiraciones<\/strong>.<\/p>\n\n\n\n<p>La escritora <strong>Katie Kitamura<\/strong> aportar\u00e1 una mirada sobria sobre intimidad, lenguaje y relaciones de poder, mientras que la autora danesa <strong>Janne Teller<\/strong> regresar\u00e1 con una propuesta marcada por la reflexi\u00f3n \u00e9tica y filos\u00f3fica. Teller es reconocida por plantear preguntas inc\u00f3modas sobre el sentido de la vida y la moral contempor\u00e1nea.<\/p>\n\n\n\n<p><strong>Am\u00e9rica Latina, historia y memoria<\/strong><\/p>\n\n\n\n<p>La literatura latinoamericana tendr\u00e1 presencia destacada con <strong>Leonardo Padura<\/strong>, quien conversar\u00e1 con Juan Gabriel V\u00e1squez sobre historia, memoria y novela pol\u00edtica. Padura ha desarrollado una obra que examina cr\u00edticamente la realidad cubana y latinoamericana, consolid\u00e1ndose como una de las voces m\u00e1s relevantes en espa\u00f1ol.<\/p>\n\n\n\n<p>Tambi\u00e9n estar\u00e1 el argentino <strong>Pedro Mairal<\/strong>, quien abordar\u00e1 juventud, deseo y transformaciones de la vida adulta. <strong>Su escritura \u00edntima y aguda explora tensiones emocionales y generacionales<\/strong> que atraviesan la experiencia contempor\u00e1nea.<\/p>\n\n\n\n<p><strong>Narrativa expandida y experimentaci\u00f3n<\/strong><\/p>\n\n\n\n<p>La programaci\u00f3n se ampl\u00eda con propuestas que desaf\u00edan los l\u00edmites tradicionales de la narrativa. El autor y artista visual <strong>Richard McGuire<\/strong> conversar\u00e1 sobre <em>Here<\/em>, una obra que integra imagen, tiempo y espacio para redefinir la experiencia de lectura. <strong>La literatura se abre a nuevos lenguajes y formas de narrar<\/strong>.<\/p>\n\n\n\n<p>Con esta programaci\u00f3n internacional, el Hay Festival Cartagena de Indias 2026 reafirma su vocaci\u00f3n como <strong>espacio de di\u00e1logo global donde la literatura se convierte en herramienta de an\u00e1lisis cr\u00edtico, memoria y encuentro cultural<\/strong>, consolidando a Cartagena como capital de ideas, historias y pensamiento contempor\u00e1neo.<\/p>\n","protected":false},"excerpt":{"rendered":"<p>Hay Festival Cartagena 2026 re\u00fane escritores influyentes, m\u00e1s de 180 invitados, di\u00e1logos literarios globales y reflexi\u00f3n cultural durante cuatro d\u00edas<\/p>\n","protected":false},"author":2,"featured_media":12523,"comment_status":"closed","ping_status":"closed","sticky":false,"template":"","format":"standard","meta":{"om_disable_all_campaigns":false,"_monsterinsights_skip_tracking":false,"_monsterinsights_sitenote_active":false,"_monsterinsights_sitenote_note":"","_monsterinsights_sitenote_category":0,"footnotes":""},"categories":[107,102,1],"tags":[289,288],"class_list":["post-12520","post","type-post","status-publish","format-standard","has-post-thumbnail","hentry","category-cultura","category-generales","category-uncategorized","tag-hay-festival","tag-hay-festival-cartagena"],"_links":{"self":[{"href":"https:\/\/cartagenaaldia.com\/index.php\/wp-json\/wp\/v2\/posts\/12520","targetHints":{"allow":["GET"]}}],"collection":[{"href":"https:\/\/cartagenaaldia.com\/index.php\/wp-json\/wp\/v2\/posts"}],"about":[{"href":"https:\/\/cartagenaaldia.com\/index.php\/wp-json\/wp\/v2\/types\/post"}],"author":[{"embeddable":true,"href":"https:\/\/cartagenaaldia.com\/index.php\/wp-json\/wp\/v2\/users\/2"}],"replies":[{"embeddable":true,"href":"https:\/\/cartagenaaldia.com\/index.php\/wp-json\/wp\/v2\/comments?post=12520"}],"version-history":[{"count":3,"href":"https:\/\/cartagenaaldia.com\/index.php\/wp-json\/wp\/v2\/posts\/12520\/revisions"}],"predecessor-version":[{"id":12524,"href":"https:\/\/cartagenaaldia.com\/index.php\/wp-json\/wp\/v2\/posts\/12520\/revisions\/12524"}],"wp:featuredmedia":[{"embeddable":true,"href":"https:\/\/cartagenaaldia.com\/index.php\/wp-json\/wp\/v2\/media\/12523"}],"wp:attachment":[{"href":"https:\/\/cartagenaaldia.com\/index.php\/wp-json\/wp\/v2\/media?parent=12520"}],"wp:term":[{"taxonomy":"category","embeddable":true,"href":"https:\/\/cartagenaaldia.com\/index.php\/wp-json\/wp\/v2\/categories?post=12520"},{"taxonomy":"post_tag","embeddable":true,"href":"https:\/\/cartagenaaldia.com\/index.php\/wp-json\/wp\/v2\/tags?post=12520"}],"curies":[{"name":"wp","href":"https:\/\/api.w.org\/{rel}","templated":true}]}}