{"id":12517,"date":"2026-01-24T16:52:52","date_gmt":"2026-01-24T21:52:52","guid":{"rendered":"https:\/\/cartagenaaldia.com\/?p=12517"},"modified":"2026-01-24T16:52:53","modified_gmt":"2026-01-24T21:52:53","slug":"jerico-inaugura-vibrante-hay-festival-2026","status":"publish","type":"post","link":"https:\/\/cartagenaaldia.com\/index.php\/2026\/01\/24\/jerico-inaugura-vibrante-hay-festival-2026\/","title":{"rendered":"Jeric\u00f3 inaugura vibrante Hay Festival 2026"},"content":{"rendered":"\n<p><strong>Jeric\u00f3 inaugura vibrante Hay Festival 2026 con agenda plural, gratuita y participativa que celebra memoria, m\u00fasica y conversaci\u00f3n<\/strong><\/p>\n\n\n\n<hr class=\"wp-block-separator has-alpha-channel-opacity\"\/>\n\n\n\n<p>El Hay Festival Jeric\u00f3 abri\u00f3 oficialmente su edici\u00f3n 2026 con una agenda inaugural que celebra la memoria, la m\u00fasica y el poder de la conversaci\u00f3n. <strong>El municipio de Jeric\u00f3 se convierte del 23 al 25 de enero en escenario privilegiado para el di\u00e1logo cultural<\/strong>, consolidando este encuentro como uno de los eventos m\u00e1s relevantes del pa\u00eds.<\/p>\n\n\n\n<p>Desde hoy, escritores, periodistas, cient\u00edficos, artistas, m\u00fasicos y pensadores de Colombia y el mundo se re\u00fanen alrededor de los libros, las ideas y las artes. <strong>M\u00e1s de 50 actividades y cerca de 30 invitados nacionales e internacionales<\/strong> ocupar\u00e1n espacios emblem\u00e1ticos como el Parque Principal, el Teatro Santamar\u00eda, el Museo de Arte Religioso, el Museo MAJA y la Casa Jericoana.<\/p>\n\n\n\n<p>El festival reafirma su car\u00e1cter abierto, cercano y participativo. <strong>Jeric\u00f3 vuelve a ser un territorio de encuentro ciudadano donde la conversaci\u00f3n plural marca el centro de la programaci\u00f3n<\/strong>.<\/p>\n\n\n\n<p><strong>Un festival para repensar el presente y construir futuro<\/strong><\/p>\n\n\n\n<p>La edici\u00f3n 2026 invita a reflexionar sobre el presente e imaginar futuros posibles. Las conversaciones abordan temas como <strong>memoria colectiva, tecnolog\u00eda e inteligencia artificial, literatura contempor\u00e1nea, naturaleza, periodismo, m\u00fasica y cultura popular<\/strong>.<\/p>\n\n\n\n<p>Cristina Fuentes La Roche, directora internacional del Hay Festival, destac\u00f3 el esp\u00edritu del encuentro. \u201c<strong>Qu\u00e9 mejor forma de iniciar el a\u00f1o que disfrutando de un festival que nos invita a conversar y a reunirnos en Jeric\u00f3 alrededor de los libros y las ideas para repensar el mundo e imaginar otros futuros<\/strong>\u201d, afirm\u00f3.<\/p>\n\n\n\n<p>La directora subray\u00f3 que el Hay Festival es un espacio para buscar esperanza, donde las ideas se encuentran y las comunidades dialogan. <strong>El festival se consolida como plataforma de reflexi\u00f3n cr\u00edtica y convivencia cultural<\/strong>.<\/p>\n\n\n\n<p><strong>Una jornada inaugural abierta y gratuita<\/strong><\/p>\n\n\n\n<p>La programaci\u00f3n del viernes 23 de enero marca el inicio oficial con una agenda mayoritariamente gratuita y al aire libre. <strong>El Parque Principal se convierte en epicentro de una celebraci\u00f3n cultural pensada para p\u00fablicos diversos<\/strong>.<\/p>\n\n\n\n<p>A las 4:30 p. m., inicia la jornada con la premiaci\u00f3n del concurso de cuentos <strong>\u201cAntioquia Reimaginada\u201d<\/strong>, una iniciativa que reconoce nuevas voces narrativas del departamento y reafirma el compromiso del festival con la creaci\u00f3n literaria regional.<\/p>\n\n\n\n<p>A las 6:30 p. m., el p\u00fablico disfruta de la proyecci\u00f3n del documental <strong>El extraordinario viaje de Carlos y Alvin<\/strong>, una historia \u00edntima sobre amistad, m\u00fasica y superaci\u00f3n de estigmas alrededor de la ceguera.<\/p>\n\n\n\n<p>Posteriormente, a las 7:00 p. m., la directora Andrea D\u00edaz Cardona conversa con el periodista Jos\u00e9 Carlos Cueto sobre el proceso creativo y las historias que dieron origen a esta producci\u00f3n. <strong>El di\u00e1logo se instala como eje central de la experiencia festivalera<\/strong>.<\/p>\n\n\n\n<p><strong>Memoria, m\u00fasica y tradici\u00f3n en el cierre inaugural<\/strong><\/p>\n\n\n\n<p>La jornada culmina a las 8:00 p. m. con un concierto especial del <strong>Grupo Suram\u00e9rica<\/strong>, que celebra 50 a\u00f1os de trayectoria art\u00edstica. En un recorrido musical que conecta memoria, poes\u00eda y tradici\u00f3n popular colombiana, <strong>la m\u00fasica se convierte en lenguaje com\u00fan entre generaciones<\/strong>.<\/p>\n\n\n\n<p>Este concierto, al igual que buena parte de la agenda del viernes, ser\u00e1 de entrada libre. <strong>El festival reafirma su vocaci\u00f3n democr\u00e1tica y su apuesta por el acceso abierto a la cultura<\/strong>.<\/p>\n\n\n\n<p><strong>Un festival que dialoga con su territorio<\/strong><\/p>\n\n\n\n<p>Desde su llegada a Jeric\u00f3 en 2019, el Hay Festival ha contribuido de manera decisiva a consolidar al municipio como destino cultural. <strong>M\u00e1s de 70 mil asistencias acumuladas y ocupaci\u00f3n hotelera plena<\/strong> evidencian su impacto sostenido.<\/p>\n\n\n\n<p>El evento ha fortalecido el ecosistema local de librer\u00edas, restaurantes y espacios culturales. <strong>La cultura se integra a la vida econ\u00f3mica y social del municipio<\/strong>, generando beneficios directos para la comunidad.<\/p>\n\n\n\n<p>En 2026, con el apoyo de Comfama, el festival extiende su programaci\u00f3n a la zona rural. <strong>La cultura circula, se comparte y se integra al territorio<\/strong>, reafirmando su vocaci\u00f3n de inclusi\u00f3n y descentralizaci\u00f3n.<\/p>\n\n\n\n<p>Con una agenda plural, gratuita y abierta, el Hay Festival Jeric\u00f3 2026 ratifica que <strong>la conversaci\u00f3n sigue siendo una herramienta poderosa para construir comunidad, memoria y futuro<\/strong>, consolidando a Jeric\u00f3 como un faro cultural donde las ideas transforman territorios y conectan generaciones.<\/p>\n","protected":false},"excerpt":{"rendered":"<p>Hay Festival Jeric\u00f3 2026 abre con agenda gratuita, m\u00e1s de 50 actividades, memoria, m\u00fasica, conversaci\u00f3n plural y proyecci\u00f3n cultural territorial<\/p>\n","protected":false},"author":2,"featured_media":12518,"comment_status":"closed","ping_status":"closed","sticky":false,"template":"","format":"standard","meta":{"om_disable_all_campaigns":false,"_monsterinsights_skip_tracking":false,"_monsterinsights_sitenote_active":false,"_monsterinsights_sitenote_note":"","_monsterinsights_sitenote_category":0,"footnotes":""},"categories":[107,102],"tags":[289,661],"class_list":["post-12517","post","type-post","status-publish","format-standard","has-post-thumbnail","hentry","category-cultura","category-generales","tag-hay-festival","tag-hay-festival-jerico"],"_links":{"self":[{"href":"https:\/\/cartagenaaldia.com\/index.php\/wp-json\/wp\/v2\/posts\/12517","targetHints":{"allow":["GET"]}}],"collection":[{"href":"https:\/\/cartagenaaldia.com\/index.php\/wp-json\/wp\/v2\/posts"}],"about":[{"href":"https:\/\/cartagenaaldia.com\/index.php\/wp-json\/wp\/v2\/types\/post"}],"author":[{"embeddable":true,"href":"https:\/\/cartagenaaldia.com\/index.php\/wp-json\/wp\/v2\/users\/2"}],"replies":[{"embeddable":true,"href":"https:\/\/cartagenaaldia.com\/index.php\/wp-json\/wp\/v2\/comments?post=12517"}],"version-history":[{"count":1,"href":"https:\/\/cartagenaaldia.com\/index.php\/wp-json\/wp\/v2\/posts\/12517\/revisions"}],"predecessor-version":[{"id":12519,"href":"https:\/\/cartagenaaldia.com\/index.php\/wp-json\/wp\/v2\/posts\/12517\/revisions\/12519"}],"wp:featuredmedia":[{"embeddable":true,"href":"https:\/\/cartagenaaldia.com\/index.php\/wp-json\/wp\/v2\/media\/12518"}],"wp:attachment":[{"href":"https:\/\/cartagenaaldia.com\/index.php\/wp-json\/wp\/v2\/media?parent=12517"}],"wp:term":[{"taxonomy":"category","embeddable":true,"href":"https:\/\/cartagenaaldia.com\/index.php\/wp-json\/wp\/v2\/categories?post=12517"},{"taxonomy":"post_tag","embeddable":true,"href":"https:\/\/cartagenaaldia.com\/index.php\/wp-json\/wp\/v2\/tags?post=12517"}],"curies":[{"name":"wp","href":"https:\/\/api.w.org\/{rel}","templated":true}]}}