{"id":12510,"date":"2026-01-23T14:12:02","date_gmt":"2026-01-23T19:12:02","guid":{"rendered":"https:\/\/cartagenaaldia.com\/?p=12510"},"modified":"2026-01-23T14:12:03","modified_gmt":"2026-01-23T19:12:03","slug":"sura-impulsa-dialogo-cultural-en-hay-festival-2026","status":"publish","type":"post","link":"https:\/\/cartagenaaldia.com\/index.php\/2026\/01\/23\/sura-impulsa-dialogo-cultural-en-hay-festival-2026\/","title":{"rendered":"SURA impulsa di\u00e1logo cultural en Hay Festival 2026"},"content":{"rendered":"\n<p><strong>SURA lidera valiosa conversaci\u00f3n cultural sobre democracia, literatura, inteligencia artificial y diversidad en Hay Festival Cartagena 2026<\/strong><\/p>\n\n\n\n<hr class=\"wp-block-separator has-alpha-channel-opacity\"\/>\n\n\n\n<p>SURA reafirma su compromiso con la cultura y el di\u00e1logo al invitar oficialmente al Hay Festival 2026, una edici\u00f3n concebida como un espacio de encuentro para hablar de democracia, literatura, inteligencia artificial y diversidad. <strong>Desde hace m\u00e1s de 14 a\u00f1os, SURA es aliado del Hay Festival en Am\u00e9rica Latina<\/strong>, una relaci\u00f3n que se ha consolidado como parte de su apuesta por promover la conversaci\u00f3n, el pensamiento cr\u00edtico y la construcci\u00f3n de ciudadan\u00eda.<\/p>\n\n\n\n<p>Este v\u00ednculo se fortalece una vez m\u00e1s en la edici\u00f3n 2026 del festival, un escenario internacional donde converger\u00e1n voces diversas para reflexionar sobre los desaf\u00edos contempor\u00e1neos. <strong>Escuchar, dialogar y compartir conocimiento se convierten en ejes centrales<\/strong> de una programaci\u00f3n que busca generar consensos, abrir debates y ampliar perspectivas.<\/p>\n\n\n\n<p>Ricardo Jaramillo Mej\u00eda, presidente de Grupo SURA, destac\u00f3 el valor de estos espacios como motores de transformaci\u00f3n social. \u201c<strong>El di\u00e1logo es esencial para comprender nuestro entorno y transformarlo<\/strong>. En SURA creemos profundamente en estos espacios donde las ideas se encuentran y se contrastan; por eso, hemos acompa\u00f1ado al Hay Festival por m\u00e1s de una d\u00e9cada en Am\u00e9rica Latina, como parte de nuestro compromiso con la promoci\u00f3n de la cultura, el arte y el conocimiento para todos\u201d, afirm\u00f3.<\/p>\n\n\n\n<p>La convicci\u00f3n de SURA se basa en una idea clara: <strong>en la conversaci\u00f3n diversa se encuentran las claves para avanzar como pa\u00eds y como regi\u00f3n<\/strong>. El festival se convierte as\u00ed en un laboratorio de pensamiento donde la cultura dialoga con la pol\u00edtica, la tecnolog\u00eda y la \u00e9tica.<\/p>\n\n\n\n<p><strong>Un festival para pensar la democracia y el mundo contempor\u00e1neo<\/strong><\/p>\n\n\n\n<p>La edici\u00f3n del Hay Festival en Cartagena de Indias se realizar\u00e1 del 29 de enero al 1 de febrero y reunir\u00e1 a <strong>m\u00e1s de 180 invitados de 25 pa\u00edses<\/strong>. La programaci\u00f3n tendr\u00e1 un marcado acento en la conversaci\u00f3n pol\u00edtica y p\u00fablica, abordando temas como los retos de la democracia contempor\u00e1nea, la geopol\u00edtica, los derechos humanos y la \u00e9tica tecnol\u00f3gica.<\/p>\n\n\n\n<p>Uno de los ejes centrales ser\u00e1 la inteligencia artificial. <strong>No ser\u00e1 tratada solo como fen\u00f3meno t\u00e9cnico<\/strong>, sino como un asunto que impacta directamente la econom\u00eda, la cultura y los escenarios democr\u00e1ticos. La reflexi\u00f3n girar\u00e1 en torno a privacidad, poder, concentraci\u00f3n de datos y ciudadan\u00eda digital, mostrando c\u00f3mo la tecnolog\u00eda redefine las relaciones sociales y pol\u00edticas.<\/p>\n\n\n\n<p>Entre los momentos m\u00e1s destacados se encuentra el evento inaugural, una conversaci\u00f3n entre Diego Luna, actor, director y productor, y Andr\u00e9s Mompotes. <strong>El di\u00e1logo entre arte y periodismo abrir\u00e1 una edici\u00f3n marcada por la pluralidad de miradas<\/strong>.<\/p>\n\n\n\n<p>Tambi\u00e9n se anuncian conversaciones sobre inteligencia artificial con Carissa V\u00e9liz y Karen Hao; un di\u00e1logo entre el escritor Amor Towels y Santiago \u00c1ngel; y un encuentro entre Leila Guerriero, Juan Gabriel V\u00e1squez, Leonardo Padura y Javier Moreno, grandes referentes de la literatura y el periodismo.<\/p>\n\n\n\n<p><strong>Literatura, periodismo y pensamiento cr\u00edtico en el centro<\/strong><\/p>\n\n\n\n<p>La programaci\u00f3n incluye adem\u00e1s una conversaci\u00f3n entre Carlos Gran\u00e9s, Cristina Bendek y Cristina Fuentes de la Roche. <strong>El festival propone un recorrido por las narrativas del presente<\/strong>, donde literatura, periodismo y reflexi\u00f3n p\u00fablica se entrelazan para comprender mejor el mundo actual.<\/p>\n\n\n\n<p>Cada encuentro busca algo m\u00e1s que informar. <strong>Busca provocar preguntas, contrastar ideas y generar pensamiento cr\u00edtico<\/strong>. En este escenario, SURA reafirma su papel como facilitador de espacios donde la diversidad de opiniones se convierte en valor.<\/p>\n\n\n\n<p><strong>Hay Forum Medell\u00edn y el protagonismo de SURA<\/strong><\/p>\n\n\n\n<p>De forma complementaria, el Hay Forum Medell\u00edn se realizar\u00e1 los d\u00edas 27 y 28 de enero, con una agenda gratuita y abierta al p\u00fablico. La programaci\u00f3n contar\u00e1 con voces destacadas de la literatura, la ciencia, el periodismo y la cultura contempor\u00e1nea, con \u00e9nfasis en creatividad, narrativas del presente, ciudad, memoria e industria cultural.<\/p>\n\n\n\n<p>En este marco, <strong>SURA recibir\u00e1 por primera vez en m\u00e1s de una d\u00e9cada de alianza dos de las m\u00e1s importantes conversaciones en su Teatro<\/strong>, ubicado en la tradicional sede de la compa\u00f1\u00eda en la Calle Colombia. Este gesto simboliza la profundidad de una relaci\u00f3n que trasciende el patrocinio y se convierte en participaci\u00f3n activa.<\/p>\n\n\n\n<p>Entre los eventos m\u00e1s relevantes se encuentran el acto de apertura, un homenaje al Maestro Rodrigo Arenas Betancourt con el Ballet Folkl\u00f3rico de Antioquia, con entrada gratuita. Tambi\u00e9n se destaca la conversaci\u00f3n con Leonardo Padura sobre su obra y la memoria de Cuba, y la participaci\u00f3n de Janne Teller con <em>Justicia<\/em>, una reflexi\u00f3n literaria sobre la condici\u00f3n humana y la ley.<\/p>\n\n\n\n<p><strong>Diversidad de voces para una ciudadan\u00eda m\u00e1s fuerte<\/strong><\/p>\n\n\n\n<p>Con esta programaci\u00f3n, SURA afianza una relaci\u00f3n de largo plazo con el Hay Festival y <strong>demuestra su compromiso con el acceso a la cultura y el fomento a la diversidad de opiniones<\/strong>. La apuesta es clara: construir escenarios donde la ciudadan\u00eda pueda escuchar, debatir y comprender los grandes temas de nuestro tiempo.<\/p>\n\n\n\n<p>El Hay Festival 2026 se proyecta as\u00ed como un espacio donde la cultura se cruza con la democracia, la tecnolog\u00eda con la \u00e9tica y la literatura con la memoria. <strong>Un festival que no solo celebra la palabra, sino que la convierte en herramienta de transformaci\u00f3n social<\/strong>.<\/p>\n\n\n\n<p><strong>Remate<\/strong><\/p>\n\n\n\n<p>Desde Cartagena hasta Medell\u00edn, SURA y el Hay Festival proponen una edici\u00f3n para pensar el presente y dialogar sobre el futuro. <strong>M\u00e1s que un evento cultural, el festival se consolida como un espacio de ciudadan\u00eda activa<\/strong>, donde la conversaci\u00f3n diversa se transforma en una apuesta por una sociedad m\u00e1s cr\u00edtica, plural y consciente.<\/p>\n\n\n\n<hr class=\"wp-block-separator has-alpha-channel-opacity\"\/>\n\n\n\n<h2 class=\"wp-block-heading\">\ud83c\udf99\ufe0f <strong>PARA PODCAST Y RADIO<\/strong><\/h2>\n\n\n\n<p><strong>Titular<\/strong><br><strong>SURA impulsa di\u00e1logo cultural en Hay Festival<\/strong><\/p>\n\n\n\n<p><strong>Texto \u2013 50 palabras<\/strong><\/p>\n\n\n\n<p>SURA invita al Hay Festival 2026, una edici\u00f3n dedicada a democracia, literatura, inteligencia artificial y diversidad. M\u00e1s de 180 invitados de 25 pa\u00edses participar\u00e1n en Cartagena y Medell\u00edn. La alianza de m\u00e1s de 14 a\u00f1os reafirma el compromiso de SURA con el di\u00e1logo, la cultura y la construcci\u00f3n de ciudadan\u00eda.<\/p>\n\n\n\n<hr class=\"wp-block-separator has-alpha-channel-opacity\"\/>\n\n\n\n<h2 class=\"wp-block-heading\">\ud83d\udcf2 <strong>PARA FACEBOOK E INSTAGRAM<\/strong><\/h2>\n\n\n\n<p>SURA invita al Hay Festival 2026, una edici\u00f3n para hablar de democracia, literatura, inteligencia artificial y diversidad. M\u00e1s de 180 invitados de 25 pa\u00edses se reunir\u00e1n en Cartagena y Medell\u00edn para dialogar sobre los desaf\u00edos del presente. Una alianza de m\u00e1s de 14 a\u00f1os que reafirma el compromiso con la cultura, el pensamiento cr\u00edtico y la ciudadan\u00eda.<\/p>\n\n\n\n<p>#HayFestival2026 #SURA #Cultura #Democracia #Literatura #InteligenciaArtificial #Diversidad #Cartagena #Medell\u00edn #Di\u00e1logo #cgena_aldia<\/p>\n","protected":false},"excerpt":{"rendered":"<p>SURA refuerza alianza cultural con Hay Festival 2026 y promueve di\u00e1logo sobre democracia, literatura, inteligencia artificial y diversidad<\/p>\n","protected":false},"author":2,"featured_media":12513,"comment_status":"closed","ping_status":"closed","sticky":false,"template":"","format":"standard","meta":{"om_disable_all_campaigns":false,"_monsterinsights_skip_tracking":false,"_monsterinsights_sitenote_active":false,"_monsterinsights_sitenote_note":"","_monsterinsights_sitenote_category":0,"footnotes":""},"categories":[107,102],"tags":[289,288,1021],"class_list":["post-12510","post","type-post","status-publish","format-standard","has-post-thumbnail","hentry","category-cultura","category-generales","tag-hay-festival","tag-hay-festival-cartagena","tag-sura"],"_links":{"self":[{"href":"https:\/\/cartagenaaldia.com\/index.php\/wp-json\/wp\/v2\/posts\/12510","targetHints":{"allow":["GET"]}}],"collection":[{"href":"https:\/\/cartagenaaldia.com\/index.php\/wp-json\/wp\/v2\/posts"}],"about":[{"href":"https:\/\/cartagenaaldia.com\/index.php\/wp-json\/wp\/v2\/types\/post"}],"author":[{"embeddable":true,"href":"https:\/\/cartagenaaldia.com\/index.php\/wp-json\/wp\/v2\/users\/2"}],"replies":[{"embeddable":true,"href":"https:\/\/cartagenaaldia.com\/index.php\/wp-json\/wp\/v2\/comments?post=12510"}],"version-history":[{"count":2,"href":"https:\/\/cartagenaaldia.com\/index.php\/wp-json\/wp\/v2\/posts\/12510\/revisions"}],"predecessor-version":[{"id":12512,"href":"https:\/\/cartagenaaldia.com\/index.php\/wp-json\/wp\/v2\/posts\/12510\/revisions\/12512"}],"wp:featuredmedia":[{"embeddable":true,"href":"https:\/\/cartagenaaldia.com\/index.php\/wp-json\/wp\/v2\/media\/12513"}],"wp:attachment":[{"href":"https:\/\/cartagenaaldia.com\/index.php\/wp-json\/wp\/v2\/media?parent=12510"}],"wp:term":[{"taxonomy":"category","embeddable":true,"href":"https:\/\/cartagenaaldia.com\/index.php\/wp-json\/wp\/v2\/categories?post=12510"},{"taxonomy":"post_tag","embeddable":true,"href":"https:\/\/cartagenaaldia.com\/index.php\/wp-json\/wp\/v2\/tags?post=12510"}],"curies":[{"name":"wp","href":"https:\/\/api.w.org\/{rel}","templated":true}]}}