{"id":12504,"date":"2026-01-23T13:11:06","date_gmt":"2026-01-23T18:11:06","guid":{"rendered":"https:\/\/cartagenaaldia.com\/?p=12504"},"modified":"2026-01-23T13:11:07","modified_gmt":"2026-01-23T18:11:07","slug":"hay-festival-comunitario-transforma-vidas-en-cartagena-y-bolivar","status":"publish","type":"post","link":"https:\/\/cartagenaaldia.com\/index.php\/2026\/01\/23\/hay-festival-comunitario-transforma-vidas-en-cartagena-y-bolivar\/","title":{"rendered":"Hay Festival Comunitario transforma vidas en Cartagena y Bol\u00edvar"},"content":{"rendered":"\n<p><strong>Hay Festival Comunitario impulsa valiosa inclusi\u00f3n cultural y educativa para comunidades vulnerables de Cartagena y municipios de Bol\u00edvar<\/strong><\/p>\n\n\n\n<hr class=\"wp-block-separator has-alpha-channel-opacity\"\/>\n\n\n\n<p>El Hay Festival Comunitario avanza como una de las iniciativas culturales de mayor impacto social en Cartagena y varios municipios de Bol\u00edvar. <strong>M\u00e1s de 18.000 vidas han sido transformadas<\/strong> a trav\u00e9s de una programaci\u00f3n gratuita que lleva literatura, arte y m\u00fasica a comunidades hist\u00f3ricamente excluidas, reafirmando que la cultura es una herramienta poderosa para el cambio social.<\/p>\n\n\n\n<p>En esta edici\u00f3n, <strong>Fundaci\u00f3n PLAN reafirma su compromiso con los derechos de la ni\u00f1ez y la igualdad de g\u00e9nero<\/strong>, participando activamente en una agenda que se vive en barrios, escuelas y espacios comunitarios donde la palabra, la m\u00fasica y la creaci\u00f3n se convierten en oportunidades reales de aprendizaje y protecci\u00f3n.<\/p>\n\n\n\n<p>El festival se instala directamente en los territorios. No espera a que las comunidades lleguen a los escenarios tradicionales: <strong>lleva los escenarios a las comunidades<\/strong>. All\u00ed, en colegios, bibliotecas populares y espacios barriales, se desarrollan 30 actividades pensadas para compartir, aprender y crear colectivamente.<\/p>\n\n\n\n<p><strong>Cultura que llega al coraz\u00f3n del territorio<\/strong><\/p>\n\n\n\n<p>El programa inicia con un evento inaugural musical en el Colegio Polit\u00e9cnico El Poz\u00f3n, junto a las infancias de la corporaci\u00f3n Ruleli, del barrio Olaya Herrera, y una intervenci\u00f3n especial de la Orquesta La Pambel\u00e9. <strong>La m\u00fasica abre la puerta a la alegr\u00eda, la convivencia y el encuentro<\/strong>, marcando el tono de una edici\u00f3n que prioriza el bienestar emocional y la participaci\u00f3n comunitaria.<\/p>\n\n\n\n<p>Durante el desarrollo del festival, ni\u00f1as, ni\u00f1os, adolescentes y personas adultas participan en talleres participativos, presentaciones musicales y espacios de narraci\u00f3n. <strong>Cada actividad se dise\u00f1a como un acto pedag\u00f3gico y cultural<\/strong>, donde aprender, crear y compartir se convierten en experiencias transformadoras.<\/p>\n\n\n\n<p>El Hay Festival Comunitario se construye de la mano de organizaciones que trabajan y viven en los territorios. En esta edici\u00f3n, se realiza en alianza con Fundaci\u00f3n PLAN, colaborador del festival desde hace m\u00e1s de 20 a\u00f1os, junto a la corporaci\u00f3n Ruleli, La Canoa Literaria, la Biblioteca Popular de Playa Blanca, La Carreta Literaria y el Colegio Polit\u00e9cnico El Poz\u00f3n.<\/p>\n\n\n\n<p><strong>Voces que inspiran y abren caminos<\/strong><\/p>\n\n\n\n<p>La programaci\u00f3n re\u00fane voces destacadas del pa\u00eds. Participan Mary Grueso, primera mujer afrodescendiente en integrar la Academia Colombiana de la Lengua; el actor Jhon Narv\u00e1ez; y la periodista cient\u00edfica M\u00f3nica Diago, con su colecci\u00f3n infantil <em>Ciencia magn\u00e9tica<\/em>. <strong>La palabra se convierte en puente entre generaciones, saberes y territorios<\/strong>.<\/p>\n\n\n\n<p>Las comunidades reciben adem\u00e1s a la periodista y escritora Catalina G\u00f3mez \u00c1ngel con un taller de reporter\u00eda comunitaria; a Nicole S\u00e1nchez Castillo con espacios de lectura, juego y escritura; a Mary Grueso con encuentros de narraci\u00f3n y poes\u00eda; a Antonio Ortiz con di\u00e1logos para adolescentes sobre emociones y relaciones; a Rosmery Armenteros con talleres de creaci\u00f3n de cuentos; y a Jairo Ojeda con un taller musical para expresar emociones desde el canto.<\/p>\n\n\n\n<p><strong>Cada actividad busca algo m\u00e1s que ense\u00f1ar: busca escuchar, acompa\u00f1ar y fortalecer<\/strong>. La cultura se presenta como un espacio seguro donde ni\u00f1as y ni\u00f1os pueden expresarse, so\u00f1ar y construir proyectos de vida.<\/p>\n\n\n\n<p><strong>Son ni\u00f1as. No esposas: un mensaje que protege<\/strong><\/p>\n\n\n\n<p>Para esta edici\u00f3n, Fundaci\u00f3n PLAN llega con un mensaje contundente: <strong>\u201cSon ni\u00f1as. No esposas\u201d<\/strong>. La apuesta busca visibilizar y cuestionar pr\u00e1cticas nocivas como el matrimonio infantil, las uniones tempranas y el embarazo infantil forzado.<\/p>\n\n\n\n<p>A trav\u00e9s de actividades culturales y pedag\u00f3gicas, PLAN abre conversaciones necesarias en los territorios, escucha a las ni\u00f1as y fortalece entornos protectores donde puedan crecer libres, seguras y con oportunidades. <strong>La cultura se convierte en herramienta de prevenci\u00f3n, protecci\u00f3n y empoderamiento<\/strong>.<\/p>\n\n\n\n<p>Desde estos espacios, ni\u00f1as, adolescentes y familias reflexionan sobre derechos, igualdad y proyectos de vida. El objetivo es claro: que cada ni\u00f1a pueda decidir su futuro sin presiones, violencias ni limitaciones impuestas por pr\u00e1cticas culturales nocivas.<\/p>\n\n\n\n<p><strong>Alianzas que fortalecen la transformaci\u00f3n social<\/strong><\/p>\n\n\n\n<p>El Hay Festival Comunitario cuenta con el apoyo de la Universidad de Cartagena, la Universidad del Norte, la Universidad Tecnol\u00f3gica de Bol\u00edvar y Fundaci\u00f3n PLAN. <strong>Estas alianzas fortalecen el v\u00ednculo entre cultura, educaci\u00f3n y transformaci\u00f3n social<\/strong>, ampliando el alcance del festival y garantizando una programaci\u00f3n de calidad.<\/p>\n\n\n\n<p>Desde Fundaci\u00f3n PLAN, la participaci\u00f3n se celebra como parte de una misi\u00f3n que lleva m\u00e1s de seis d\u00e9cadas en Colombia promoviendo los derechos de la ni\u00f1ez. La organizaci\u00f3n trabaja hace m\u00e1s de 63 a\u00f1os para garantizar igualdad, protecci\u00f3n y desarrollo pleno para ni\u00f1as y ni\u00f1os en situaci\u00f3n de vulnerabilidad.<\/p>\n\n\n\n<p>Plan International, presente en m\u00e1s de 80 pa\u00edses, impulsa cambios de pr\u00e1cticas y pol\u00edticas a nivel local, nacional y global. <strong>La convicci\u00f3n es clara: no detenerse hasta lograr la igualdad<\/strong>.<\/p>\n\n\n\n<p>M\u00e1s de 18.000 vidas ya han sido tocadas por esta edici\u00f3n del Hay Festival Comunitario. Pero el impacto va m\u00e1s all\u00e1 de las cifras. <strong>Cada taller, cada canci\u00f3n y cada palabra siembra esperanza, conciencia y futuro<\/strong>. En los barrios y escuelas de Cartagena y Bol\u00edvar, la cultura no solo entretiene: protege, educa y transforma. Y ese es, hoy, uno de los legados m\u00e1s poderosos que puede dejar un festival.<\/p>\n","protected":false},"excerpt":{"rendered":"<p>Hay Festival Comunitario fortalece derechos de la ni\u00f1ez, igualdad de g\u00e9nero y transformaci\u00f3n social en barrios y municipios de Bol\u00edvar<\/p>\n","protected":false},"author":2,"featured_media":12507,"comment_status":"closed","ping_status":"closed","sticky":false,"template":"","format":"standard","meta":{"om_disable_all_campaigns":false,"_monsterinsights_skip_tracking":false,"_monsterinsights_sitenote_active":false,"_monsterinsights_sitenote_note":"","_monsterinsights_sitenote_category":0,"footnotes":""},"categories":[107,102],"tags":[312,289,288],"class_list":["post-12504","post","type-post","status-publish","format-standard","has-post-thumbnail","hentry","category-cultura","category-generales","tag-fundacion-plan","tag-hay-festival","tag-hay-festival-cartagena"],"_links":{"self":[{"href":"https:\/\/cartagenaaldia.com\/index.php\/wp-json\/wp\/v2\/posts\/12504","targetHints":{"allow":["GET"]}}],"collection":[{"href":"https:\/\/cartagenaaldia.com\/index.php\/wp-json\/wp\/v2\/posts"}],"about":[{"href":"https:\/\/cartagenaaldia.com\/index.php\/wp-json\/wp\/v2\/types\/post"}],"author":[{"embeddable":true,"href":"https:\/\/cartagenaaldia.com\/index.php\/wp-json\/wp\/v2\/users\/2"}],"replies":[{"embeddable":true,"href":"https:\/\/cartagenaaldia.com\/index.php\/wp-json\/wp\/v2\/comments?post=12504"}],"version-history":[{"count":2,"href":"https:\/\/cartagenaaldia.com\/index.php\/wp-json\/wp\/v2\/posts\/12504\/revisions"}],"predecessor-version":[{"id":12506,"href":"https:\/\/cartagenaaldia.com\/index.php\/wp-json\/wp\/v2\/posts\/12504\/revisions\/12506"}],"wp:featuredmedia":[{"embeddable":true,"href":"https:\/\/cartagenaaldia.com\/index.php\/wp-json\/wp\/v2\/media\/12507"}],"wp:attachment":[{"href":"https:\/\/cartagenaaldia.com\/index.php\/wp-json\/wp\/v2\/media?parent=12504"}],"wp:term":[{"taxonomy":"category","embeddable":true,"href":"https:\/\/cartagenaaldia.com\/index.php\/wp-json\/wp\/v2\/categories?post=12504"},{"taxonomy":"post_tag","embeddable":true,"href":"https:\/\/cartagenaaldia.com\/index.php\/wp-json\/wp\/v2\/tags?post=12504"}],"curies":[{"name":"wp","href":"https:\/\/api.w.org\/{rel}","templated":true}]}}