{"id":12495,"date":"2026-01-22T15:01:25","date_gmt":"2026-01-22T20:01:25","guid":{"rendered":"https:\/\/cartagenaaldia.com\/?p=12495"},"modified":"2026-01-22T15:01:25","modified_gmt":"2026-01-22T20:01:25","slug":"ibague-fortalece-turismo-interno-y-proyecta-su-destino-en-2026","status":"publish","type":"post","link":"https:\/\/cartagenaaldia.com\/index.php\/2026\/01\/22\/ibague-fortalece-turismo-interno-y-proyecta-su-destino-en-2026\/","title":{"rendered":"Ibagu\u00e9 fortalece turismo interno y proyecta su destino en 2026"},"content":{"rendered":"\n<p><strong>Ibagu\u00e9 impulsa estrategia tur\u00edstica aut\u00e9ntica en 2026 con naturaleza, cultura y gastronom\u00eda para viajeros colombianos exigentes<\/strong><\/p>\n\n\n\n<hr class=\"wp-block-separator has-alpha-channel-opacity\"\/>\n\n\n\n<p><strong>Ibagu\u00e9 fortalece su proyecci\u00f3n como uno de los destinos m\u00e1s atractivos del turismo interno colombiano en 2026.<\/strong> Con el inicio del nuevo a\u00f1o, la capital del Tolima consolida una estrategia que articula ubicaci\u00f3n estrat\u00e9gica, identidad cultural s\u00f3lida y diversidad de experiencias, posicion\u00e1ndose como una opci\u00f3n ideal para quienes buscan viajar dentro del pa\u00eds y comenzar el a\u00f1o explorando propuestas aut\u00e9nticas.<\/p>\n\n\n\n<p>La ciudad avanza con una narrativa clara: ofrecer experiencias genuinas que conecten al visitante con la naturaleza, la m\u00fasica, la gastronom\u00eda y el patrimonio. Esta visi\u00f3n integra paisajes naturales, agenda cultural y desarrollo urbano, elementos que convierten a Ibagu\u00e9 en un destino que se vive m\u00e1s all\u00e1 de una visita tradicional.<\/p>\n\n\n\n<p>Desde sus rutas ecol\u00f3gicas hasta sus escenarios culturales, <strong>Ibagu\u00e9 propone un turismo integral<\/strong>, pensado para escapadas cortas, viajes familiares y recorridos que priorizan el contacto con la identidad local. En este contexto, la capital tolimense impulsa una apuesta que responde a las nuevas din\u00e1micas del turismo interno, donde el viajero busca cercan\u00eda, autenticidad y experiencias memorables.<\/p>\n\n\n\n<p><strong>Naturaleza, cultura y sabores que construyen experiencia<\/strong><\/p>\n\n\n\n<p>Uno de los pilares de esta proyecci\u00f3n es su riqueza natural. Espacios como <strong>el Ca\u00f1\u00f3n del Combeima y el Ca\u00f1\u00f3n del Totumo<\/strong> se consolidan como escenarios ideales para quienes buscan conexi\u00f3n con el entorno, caminatas, contemplaci\u00f3n y descanso. Estos paisajes, cercanos al casco urbano, permiten integrar la experiencia natural con la oferta cultural y gastron\u00f3mica de la ciudad.<\/p>\n\n\n\n<p>En paralelo, la agenda cultural contin\u00faa siendo un sello distintivo. La m\u00fasica, las artes y el patrimonio hacen parte de una programaci\u00f3n que fortalece la identidad de Ibagu\u00e9 como ciudad creativa y musical. Esta dimensi\u00f3n cultural no solo dinamiza el turismo, sino que proyecta una imagen coherente con su historia y su vocaci\u00f3n art\u00edstica.<\/p>\n\n\n\n<p>La gastronom\u00eda, por su parte, refleja una combinaci\u00f3n entre tradici\u00f3n y nuevas propuestas. <strong>Sabores locales y propuestas contempor\u00e1neas<\/strong> conviven en una escena que acompa\u00f1a la evoluci\u00f3n del destino, ofreciendo alternativas para todos los gustos y fortaleciendo la experiencia del visitante.<\/p>\n\n\n\n<p><strong>\u201cDescubre Ibagu\u00e9, una experiencia viva\u201d<\/strong><\/p>\n\n\n\n<p>En este inicio de a\u00f1o, la ciudad impulsa la narrativa <strong>\u201cDescubre Ibagu\u00e9, una experiencia viva\u201d<\/strong>, una campa\u00f1a que invita a recorrer el destino desde los sentidos y a vivirlo como un conjunto de experiencias conectadas. Caminar sus rutas naturales, escuchar su m\u00fasica, disfrutar sus sabores y encontrarse con su gente son parte de una propuesta que busca posicionar a Ibagu\u00e9 como un destino que se siente y se recuerda.<\/p>\n\n\n\n<p>Para la secretaria de Desarrollo Econ\u00f3mico de Ibagu\u00e9, Nayd\u00fa Romero, esta estrategia responde a una visi\u00f3n clara de ciudad. \u201c<strong>Ibagu\u00e9 se proyecta en 2026 como un destino preparado para el turismo interno, con una oferta diversa, cercana y aut\u00e9ntica<\/strong>. Queremos que los colombianos reconozcan en nuestra ciudad un lugar para desconectarse, vivir experiencias reales y reconectar con la cultura, la naturaleza y la m\u00fasica que nos identifica\u201d, afirm\u00f3.<\/p>\n\n\n\n<p>Este enfoque fortalece una narrativa que prioriza la experiencia sobre la visita puntual y promueve un turismo consciente, sostenible y alineado con la identidad local.<\/p>\n\n\n\n<p><strong>Infraestructura y conectividad que impulsan el turismo<\/strong><\/p>\n\n\n\n<p>El posicionamiento de Ibagu\u00e9 se apoya tambi\u00e9n en una infraestructura consolidada. La ciudad cuenta con <strong>oferta hotelera fortalecida, conectividad vial eficiente e infraestructura adecuada<\/strong>, factores que facilitan viajes cortos, escapadas de fin de semana y planes familiares.<\/p>\n\n\n\n<p>Estas condiciones permiten dinamizar el turismo durante todo el a\u00f1o y atraer a viajeros que buscan destinos accesibles, cercanos y con servicios confiables. La conectividad se convierte as\u00ed en un valor estrat\u00e9gico que ampl\u00eda el alcance del destino y favorece su competitividad dentro del mapa tur\u00edstico nacional.<\/p>\n\n\n\n<p>La infraestructura, combinada con una propuesta cultural y natural s\u00f3lida, consolida a Ibagu\u00e9 como una ciudad preparada para recibir visitantes y ofrecer experiencias completas, desde el alojamiento hasta el disfrute del territorio.<\/p>\n\n\n\n<p><strong>Un destino que se vive a su propio ritmo<\/strong><\/p>\n\n\n\n<p>En 2026, <strong>Ibagu\u00e9 reafirma su vocaci\u00f3n como un destino que se vive a su propio ritmo<\/strong>. Una ciudad que no solo se recorre, sino que se siente, se escucha y se recuerda. Esta identidad, construida desde la m\u00fasica, la naturaleza y la cultura, la posiciona como una apuesta s\u00f3lida dentro del turismo interno colombiano.<\/p>\n\n\n\n<p>La capital del Tolima se proyecta como un escenario donde convergen tradici\u00f3n y renovaci\u00f3n, autenticidad y modernidad, cercan\u00eda y diversidad. Un destino pensado para quienes buscan desconectarse sin alejarse, vivir experiencias reales y reencontrarse con lo esencial.<\/p>\n\n\n\n<p><strong>Ibagu\u00e9 no solo se consolida como destino tur\u00edstico: se proyecta como una experiencia viva que invita a redescubrir Colombia desde adentro.<\/strong> Con naturaleza, cultura, gastronom\u00eda y conectividad, la ciudad avanza en 2026 como una de las apuestas m\u00e1s s\u00f3lidas del turismo interno, demostrando que viajar dentro del pa\u00eds tambi\u00e9n puede ser una experiencia profunda, memorable y transformadora.<\/p>\n","protected":false},"excerpt":{"rendered":"<p>Ibagu\u00e9 se consolida como destino clave del turismo interno con experiencias culturales, naturaleza, conectividad y oferta hotelera fortalecida en 2026<\/p>\n","protected":false},"author":2,"featured_media":12496,"comment_status":"closed","ping_status":"closed","sticky":false,"template":"","format":"standard","meta":{"om_disable_all_campaigns":false,"_monsterinsights_skip_tracking":false,"_monsterinsights_sitenote_active":false,"_monsterinsights_sitenote_note":"","_monsterinsights_sitenote_category":0,"footnotes":""},"categories":[102,104],"tags":[1019],"class_list":["post-12495","post","type-post","status-publish","format-standard","has-post-thumbnail","hentry","category-generales","category-turismo","tag-ibague"],"_links":{"self":[{"href":"https:\/\/cartagenaaldia.com\/index.php\/wp-json\/wp\/v2\/posts\/12495","targetHints":{"allow":["GET"]}}],"collection":[{"href":"https:\/\/cartagenaaldia.com\/index.php\/wp-json\/wp\/v2\/posts"}],"about":[{"href":"https:\/\/cartagenaaldia.com\/index.php\/wp-json\/wp\/v2\/types\/post"}],"author":[{"embeddable":true,"href":"https:\/\/cartagenaaldia.com\/index.php\/wp-json\/wp\/v2\/users\/2"}],"replies":[{"embeddable":true,"href":"https:\/\/cartagenaaldia.com\/index.php\/wp-json\/wp\/v2\/comments?post=12495"}],"version-history":[{"count":1,"href":"https:\/\/cartagenaaldia.com\/index.php\/wp-json\/wp\/v2\/posts\/12495\/revisions"}],"predecessor-version":[{"id":12497,"href":"https:\/\/cartagenaaldia.com\/index.php\/wp-json\/wp\/v2\/posts\/12495\/revisions\/12497"}],"wp:featuredmedia":[{"embeddable":true,"href":"https:\/\/cartagenaaldia.com\/index.php\/wp-json\/wp\/v2\/media\/12496"}],"wp:attachment":[{"href":"https:\/\/cartagenaaldia.com\/index.php\/wp-json\/wp\/v2\/media?parent=12495"}],"wp:term":[{"taxonomy":"category","embeddable":true,"href":"https:\/\/cartagenaaldia.com\/index.php\/wp-json\/wp\/v2\/categories?post=12495"},{"taxonomy":"post_tag","embeddable":true,"href":"https:\/\/cartagenaaldia.com\/index.php\/wp-json\/wp\/v2\/tags?post=12495"}],"curies":[{"name":"wp","href":"https:\/\/api.w.org\/{rel}","templated":true}]}}