{"id":12449,"date":"2026-01-20T22:23:11","date_gmt":"2026-01-21T03:23:11","guid":{"rendered":"https:\/\/cartagenaaldia.com\/?p=12449"},"modified":"2026-01-20T22:23:12","modified_gmt":"2026-01-21T03:23:12","slug":"colombo-americano-celebra-65-anos-generando-impacto-en-cartagena","status":"publish","type":"post","link":"https:\/\/cartagenaaldia.com\/index.php\/2026\/01\/20\/colombo-americano-celebra-65-anos-generando-impacto-en-cartagena\/","title":{"rendered":"Colombo Americano celebra 65 a\u00f1os generando impacto en Cartagena"},"content":{"rendered":"\n<p><strong>Instituci\u00f3n emblem\u00e1tica conmemora hist\u00f3rica trayectoria educativa impulsando proyectos sociales, formaci\u00f3n integral y transformaci\u00f3n comunitaria en Cartagena con liderazgo constante<\/strong><\/p>\n\n\n\n<hr class=\"wp-block-separator has-alpha-channel-opacity\"\/>\n\n\n\n<p>El <strong>Centro Colombo Americano celebr\u00f3 en Cartagena 65 a\u00f1os generando impacto, proyectos y transformaci\u00f3n en la comunidad<\/strong>, consolid\u00e1ndose como una instituci\u00f3n referente en formaci\u00f3n integral, cooperaci\u00f3n social y desarrollo humano. La conmemoraci\u00f3n destac\u00f3 una trayectoria que va m\u00e1s all\u00e1 de la ense\u00f1anza del idioma ingl\u00e9s y que se proyecta hacia la formaci\u00f3n de competencias clave para el siglo XXI.<\/p>\n\n\n\n<p>Durante el acto conmemorativo, la vicerrectora Mar\u00eda In\u00e9s Burbano resalt\u00f3 el enfoque integral que caracteriza a la instituci\u00f3n. <strong>\u201cPor una formaci\u00f3n integral basada en la ense\u00f1anza del idioma ingl\u00e9s, pero tambi\u00e9n de otras competencias muy importantes para la vida\u201d<\/strong>, se\u00f1al\u00f3, al explicar que la propuesta educativa incorpora \u00e1reas como administraci\u00f3n, marketing y, actualmente, la evoluci\u00f3n hacia la inteligencia artificial.<\/p>\n\n\n\n<p>La directiva subray\u00f3 que el prop\u00f3sito institucional es acompa\u00f1ar a la ciudad en la formaci\u00f3n del talento humano que exige el mundo contempor\u00e1neo. <strong>\u201cQueremos seguir trabajando de la mano con toda la ciudad de Cartagena y poder ofrecerle el personal que se requiere para el siglo XXI\u201d<\/strong>, afirm\u00f3, destacando la vocaci\u00f3n de servicio y el compromiso con el desarrollo local.<\/p>\n\n\n\n<p><strong>Formaci\u00f3n integral para un nuevo siglo<\/strong><\/p>\n\n\n\n<p>El Centro Colombo Americano ha construido una propuesta educativa que trasciende el aprendizaje del ingl\u00e9s. <strong>La instituci\u00f3n promueve una formaci\u00f3n integral orientada al fortalecimiento de habilidades acad\u00e9micas, profesionales y personales<\/strong>, alineadas con las necesidades actuales del entorno productivo y social.<\/p>\n\n\n\n<p>Este enfoque incluye competencias en administraci\u00f3n, marketing y nuevas \u00e1reas asociadas a la inteligencia artificial, entendidas como herramientas fundamentales para enfrentar los desaf\u00edos del mercado laboral moderno. La vicerrectora destac\u00f3 que esta evoluci\u00f3n responde a la responsabilidad institucional de preparar ciudadanos con visi\u00f3n global y capacidades adaptativas.<\/p>\n\n\n\n<p><strong>El esp\u00edritu social como eje institucional<\/strong><\/p>\n\n\n\n<p>Uno de los pilares m\u00e1s destacados de la celebraci\u00f3n fue el \u00e9nfasis en la contribuci\u00f3n social. <strong>\u201cNuestro esp\u00edritu es el de realizar una contribuci\u00f3n social\u201d<\/strong>, expres\u00f3 Burbano, al explicar que la instituci\u00f3n se vincula activamente a proyectos de alto impacto que benefician a poblaciones vulnerables y fortalecen el tejido comunitario.<\/p>\n\n\n\n<p>Programas como las <strong>becas Martin Luther King<\/strong> y el <strong>programa Access<\/strong> fueron se\u00f1alados como ejemplos concretos de esta misi\u00f3n. A trav\u00e9s de estas iniciativas, el Centro Colombo Americano lleva el idioma ingl\u00e9s a comunidades espec\u00edficas y complementa la formaci\u00f3n con liderazgo y actividades culturales.<\/p>\n\n\n\n<p><strong>Educaci\u00f3n, liderazgo y cultura para ampliar oportunidades<\/strong><\/p>\n\n\n\n<p>La directiva resalt\u00f3 que estos programas no solo ense\u00f1an ingl\u00e9s, sino que integran formaci\u00f3n en liderazgo y experiencias culturales. <strong>\u201cLlevamos el idioma ingl\u00e9s, pero tambi\u00e9n la formaci\u00f3n en liderazgo y muchas actividades culturales\u201d<\/strong>, explic\u00f3, al destacar que estas acciones ampl\u00edan el espectro de oportunidades y fortalecen el desarrollo personal de los beneficiarios.<\/p>\n\n\n\n<p>Este enfoque integral busca ofrecer herramientas que permitan a ni\u00f1os, j\u00f3venes y adultos proyectarse acad\u00e9mica y profesionalmente, al tiempo que fortalecen valores, identidad y participaci\u00f3n social.<\/p>\n\n\n\n<p><strong>Alianzas que multiplican el impacto<\/strong><\/p>\n\n\n\n<p>El impacto institucional se potencia gracias al trabajo conjunto con aliados estrat\u00e9gicos. <strong>El Centro Colombo Americano trabaja de la mano con fundaciones como la Fundaci\u00f3n Trasso<\/strong>, brazo social de empresas del sector industrial y comercial, as\u00ed como con otras organizaciones que comparten el prop\u00f3sito de generar transformaci\u00f3n comunitaria.<\/p>\n\n\n\n<p>Estas alianzas permiten ampliar la cobertura de los programas sociales, fortalecer los proyectos educativos y consolidar una red de cooperaci\u00f3n orientada al desarrollo sostenible de la ciudad.<\/p>\n\n\n\n<p><strong>65 a\u00f1os de proyectos, impacto y transformaci\u00f3n<\/strong><\/p>\n\n\n\n<p>La celebraci\u00f3n de los 65 a\u00f1os no solo record\u00f3 una historia institucional, sino que reafirm\u00f3 una visi\u00f3n de futuro. <strong>Generar impacto, proyectos y transformaci\u00f3n en la comunidad<\/strong> sigue siendo el eje central de una instituci\u00f3n que se proyecta como aliada estrat\u00e9gica del desarrollo humano en Cartagena. <\/p>\n\n\n\n<p>El remate de esta conmemoraci\u00f3n deja un mensaje claro: el Centro Colombo Americano avanza con la convicci\u00f3n de que la educaci\u00f3n integral, el liderazgo y la cooperaci\u00f3n social son herramientas decisivas para construir oportunidades reales. Con alianzas s\u00f3lidas, programas de alto impacto y una visi\u00f3n alineada con el siglo XXI, la instituci\u00f3n renueva su compromiso con Cartagena y su gente, convencida de que <strong>formar personas es transformar comunidades y construir futuro<\/strong>.<\/p>\n\n\n\n<figure class=\"wp-block-embed is-type-video is-provider-youtube wp-block-embed-youtube wp-embed-aspect-4-3 wp-has-aspect-ratio\"><div class=\"wp-block-embed__wrapper\">\n<iframe title=\"Colombo Americano celebra 65 a\u00f1os generando impacto en Cartagena\" width=\"500\" height=\"375\" src=\"https:\/\/www.youtube.com\/embed\/bbG-ZQta8FY?feature=oembed\" frameborder=\"0\" allow=\"accelerometer; autoplay; clipboard-write; encrypted-media; gyroscope; picture-in-picture; web-share\" referrerpolicy=\"strict-origin-when-cross-origin\" allowfullscreen><\/iframe>\n<\/div><\/figure>\n","protected":false},"excerpt":{"rendered":"<p>Colombo Americano celebra 65 a\u00f1os fortaleciendo formaci\u00f3n integral, proyectos sociales, liderazgo juvenil y alianzas que transforman comunidades en Cartagena<\/p>\n","protected":false},"author":2,"featured_media":12450,"comment_status":"closed","ping_status":"closed","sticky":false,"template":"","format":"standard","meta":{"om_disable_all_campaigns":false,"_monsterinsights_skip_tracking":false,"_monsterinsights_sitenote_active":false,"_monsterinsights_sitenote_note":"","_monsterinsights_sitenote_category":0,"footnotes":""},"categories":[112,102],"tags":[993,160],"class_list":["post-12449","post","type-post","status-publish","format-standard","has-post-thumbnail","hentry","category-educacion","category-generales","tag-centro-colombo-americano","tag-podcast"],"_links":{"self":[{"href":"https:\/\/cartagenaaldia.com\/index.php\/wp-json\/wp\/v2\/posts\/12449","targetHints":{"allow":["GET"]}}],"collection":[{"href":"https:\/\/cartagenaaldia.com\/index.php\/wp-json\/wp\/v2\/posts"}],"about":[{"href":"https:\/\/cartagenaaldia.com\/index.php\/wp-json\/wp\/v2\/types\/post"}],"author":[{"embeddable":true,"href":"https:\/\/cartagenaaldia.com\/index.php\/wp-json\/wp\/v2\/users\/2"}],"replies":[{"embeddable":true,"href":"https:\/\/cartagenaaldia.com\/index.php\/wp-json\/wp\/v2\/comments?post=12449"}],"version-history":[{"count":1,"href":"https:\/\/cartagenaaldia.com\/index.php\/wp-json\/wp\/v2\/posts\/12449\/revisions"}],"predecessor-version":[{"id":12451,"href":"https:\/\/cartagenaaldia.com\/index.php\/wp-json\/wp\/v2\/posts\/12449\/revisions\/12451"}],"wp:featuredmedia":[{"embeddable":true,"href":"https:\/\/cartagenaaldia.com\/index.php\/wp-json\/wp\/v2\/media\/12450"}],"wp:attachment":[{"href":"https:\/\/cartagenaaldia.com\/index.php\/wp-json\/wp\/v2\/media?parent=12449"}],"wp:term":[{"taxonomy":"category","embeddable":true,"href":"https:\/\/cartagenaaldia.com\/index.php\/wp-json\/wp\/v2\/categories?post=12449"},{"taxonomy":"post_tag","embeddable":true,"href":"https:\/\/cartagenaaldia.com\/index.php\/wp-json\/wp\/v2\/tags?post=12449"}],"curies":[{"name":"wp","href":"https:\/\/api.w.org\/{rel}","templated":true}]}}