{"id":12439,"date":"2026-01-20T19:34:37","date_gmt":"2026-01-21T00:34:37","guid":{"rendered":"https:\/\/cartagenaaldia.com\/?p=12439"},"modified":"2026-01-20T19:34:38","modified_gmt":"2026-01-21T00:34:38","slug":"centro-colombo-americano-celebra-65-anos-transformando-vidas-en-cartagena","status":"publish","type":"post","link":"https:\/\/cartagenaaldia.com\/index.php\/2026\/01\/20\/centro-colombo-americano-celebra-65-anos-transformando-vidas-en-cartagena\/","title":{"rendered":"Centro Colombo Americano celebra 65 a\u00f1os transformando vidas en Cartagena"},"content":{"rendered":"\n<p><strong>Instituci\u00f3n emblem\u00e1tica conmemora hist\u00f3rica trayectoria educativa, cultural y social que fortalece orgullosamente generaciones cartageneras mediante innovadora ense\u00f1anza biling\u00fce<\/strong><\/p>\n\n\n\n<hr class=\"wp-block-separator has-alpha-channel-opacity\"\/>\n\n\n\n<p>El <strong>Centro Colombo Americano de Cartagena celebra 65 a\u00f1os de historia educativa<\/strong>, consolid\u00e1ndose como una de las instituciones m\u00e1s influyentes en la formaci\u00f3n biling\u00fce, cultural y social de la ciudad y la regi\u00f3n. Esta conmemoraci\u00f3n no solo recuerda una fecha significativa, sino que confirma un presente activo, vigente y profundamente transformador para miles de cartageneros.<\/p>\n\n\n\n<p>Durante seis d\u00e9cadas y media, la instituci\u00f3n ha construido una trayectoria marcada por la excelencia acad\u00e9mica, la cooperaci\u00f3n internacional y el compromiso social. <strong>El Centro Colombo Americano de Cartagena ha mantenido una ense\u00f1anza de ingl\u00e9s de alta calidad<\/strong>, respaldada por docentes nativos y extranjeros altamente cualificados, metodolog\u00edas alineadas con est\u00e1ndares internacionales y programas dise\u00f1ados para responder a las exigencias del mundo contempor\u00e1neo.<\/p>\n\n\n\n<p>Desde sus inicios, la instituci\u00f3n asumi\u00f3 la educaci\u00f3n como un motor de transformaci\u00f3n. <strong>M\u00e1s que ense\u00f1ar un idioma, el Colombo Americano ha formado ciudadanos globales<\/strong>, capaces de interactuar en contextos culturales diversos y de proyectar su talento m\u00e1s all\u00e1 de las fronteras locales.<\/p>\n\n\n\n<p><strong>Excelencia acad\u00e9mica y conexi\u00f3n cultural<\/strong><\/p>\n\n\n\n<p>El car\u00e1cter binacional del Centro Colombo Americano de Cartagena ha sido un pilar fundamental en su crecimiento. <strong>La estrecha relaci\u00f3n con la Embajada de los Estados Unidos ha fortalecido el intercambio educativo y cultural<\/strong>, promoviendo el aprendizaje del ingl\u00e9s como una herramienta de integraci\u00f3n entre culturas y sociedades.<\/p>\n\n\n\n<p>Este v\u00ednculo se refleja en iniciativas acad\u00e9micas y culturales de alto impacto. Eventos como el <strong>American Colombo Song Festival<\/strong> y diversas celebraciones comunitarias han convertido a la instituci\u00f3n en un punto de encuentro cultural, donde el idioma se convierte en un puente para compartir valores, tradiciones y experiencias.<\/p>\n\n\n\n<p>A lo largo de los a\u00f1os, el centro ha desarrollado una propuesta educativa s\u00f3lida, con metodolog\u00edas modernas y un enfoque pr\u00e1ctico que facilita el aprendizaje efectivo del idioma. <strong>La ense\u00f1anza del ingl\u00e9s se ha posicionado como una herramienta estrat\u00e9gica para el desarrollo personal, acad\u00e9mico y profesional<\/strong> de ni\u00f1os, j\u00f3venes y adultos.<\/p>\n\n\n\n<p><strong>Impacto social que cierra brechas<\/strong><\/p>\n\n\n\n<p>Uno de los rasgos m\u00e1s destacados del Centro Colombo Americano de Cartagena ha sido su compromiso con la inclusi\u00f3n y el desarrollo social. <strong>Programas como las becas Martin Luther King, Access y otros proyectos comunitarios han beneficiado a poblaciones vulnerables<\/strong>, brindando oportunidades reales de formaci\u00f3n y contribuyendo al cierre de brechas educativas en la ciudad.<\/p>\n\n\n\n<p>Este enfoque social ha permitido que el aprendizaje del ingl\u00e9s llegue a sectores hist\u00f3ricamente excluidos, generando impacto directo en la movilidad social y en la construcci\u00f3n de nuevas oportunidades laborales y acad\u00e9micas.<\/p>\n\n\n\n<p>Gracias al relacionamiento estrat\u00e9gico con empresas, fundaciones y aliados locales y regionales, la instituci\u00f3n ha fortalecido su capacidad de llegar a m\u00e1s personas. <strong>La educaci\u00f3n se convierte as\u00ed en una herramienta de equidad, desarrollo y progreso colectivo<\/strong>, alineada con las necesidades actuales de Cartagena y su regi\u00f3n.<\/p>\n\n\n\n<p><strong>Infraestructura que ampl\u00eda horizontes<\/strong><\/p>\n\n\n\n<p>El crecimiento del Centro Colombo Americano de Cartagena tambi\u00e9n se refleja en su expansi\u00f3n territorial. Con sedes en el Centro, Turbaco y Gran Manzana, la instituci\u00f3n ha ampliado su cobertura y acercado el aprendizaje a distintos sectores urbanos y regionales.<\/p>\n\n\n\n<p>Estas sedes se han convertido en espacios de formaci\u00f3n, encuentro y proyecci\u00f3n cultural, donde convergen estudiantes de diferentes edades y contextos. <strong>La infraestructura moderna y funcional fortalece la experiencia educativa<\/strong> y facilita el acceso a programas de alta calidad.<\/p>\n\n\n\n<p><strong>Innovaci\u00f3n para el mundo laboral<\/strong><\/p>\n\n\n\n<p>En el marco de la celebraci\u00f3n de sus 65 a\u00f1os, la instituci\u00f3n contin\u00faa evolucionando. <strong>La incorporaci\u00f3n de nuevos programas t\u00e9cnicos laborales de corta duraci\u00f3n representa un valor agregado estrat\u00e9gico<\/strong>, dise\u00f1ado para complementar la formaci\u00f3n en ingl\u00e9s y facilitar una conexi\u00f3n m\u00e1s r\u00e1pida y efectiva con el mercado laboral.<\/p>\n\n\n\n<p>Estos programas responden a las din\u00e1micas actuales del empleo y buscan fortalecer las competencias de los estudiantes, alineando la formaci\u00f3n ling\u00fc\u00edstica con habilidades t\u00e9cnicas demandadas por el entorno productivo.<\/p>\n\n\n\n<p><strong>Un legado que conecta generaciones<\/strong><\/p>\n\n\n\n<p>Celebrar 65 a\u00f1os es reconocer miles de historias de transformaci\u00f3n, alianzas s\u00f3lidas y sue\u00f1os cumplidos. <strong>El Centro Colombo Americano de Cartagena ha acompa\u00f1ado generaciones enteras<\/strong>, convirti\u00e9ndose en un referente educativo y cultural que trasciende aulas y programas.<\/p>\n\n\n\n<p>La instituci\u00f3n avanza con la misma convicci\u00f3n que marc\u00f3 sus inicios: <strong>la educaci\u00f3n transforma, une culturas y abre puertas al mundo<\/strong>. Hoy, m\u00e1s que nunca, reafirma su compromiso con Cartagena y su gente, proyectando un futuro donde el ingl\u00e9s contin\u00faa siendo una herramienta de inclusi\u00f3n, progreso y oportunidades. <\/p>\n\n\n\n<p>Con 65 a\u00f1os de trayectoria, el Centro Colombo Americano de Cartagena no solo celebra su historia, sino que renueva su misi\u00f3n de seguir formando ciudadanos globales, fortaleciendo el tejido social y construyendo un futuro con m\u00e1s educaci\u00f3n, cultura y desarrollo para la regi\u00f3n.<\/p>\n","protected":false},"excerpt":{"rendered":"<p>Centro Colombo Americano de Cartagena celebra 65 a\u00f1os ense\u00f1ando ingl\u00e9s, promoviendo cultura, inclusi\u00f3n social y desarrollo educativo en la regi\u00f3n<\/p>\n","protected":false},"author":2,"featured_media":12440,"comment_status":"closed","ping_status":"closed","sticky":false,"template":"","format":"standard","meta":{"om_disable_all_campaigns":false,"_monsterinsights_skip_tracking":false,"_monsterinsights_sitenote_active":false,"_monsterinsights_sitenote_note":"","_monsterinsights_sitenote_category":0,"footnotes":""},"categories":[112,102],"tags":[993],"class_list":["post-12439","post","type-post","status-publish","format-standard","has-post-thumbnail","hentry","category-educacion","category-generales","tag-centro-colombo-americano"],"_links":{"self":[{"href":"https:\/\/cartagenaaldia.com\/index.php\/wp-json\/wp\/v2\/posts\/12439","targetHints":{"allow":["GET"]}}],"collection":[{"href":"https:\/\/cartagenaaldia.com\/index.php\/wp-json\/wp\/v2\/posts"}],"about":[{"href":"https:\/\/cartagenaaldia.com\/index.php\/wp-json\/wp\/v2\/types\/post"}],"author":[{"embeddable":true,"href":"https:\/\/cartagenaaldia.com\/index.php\/wp-json\/wp\/v2\/users\/2"}],"replies":[{"embeddable":true,"href":"https:\/\/cartagenaaldia.com\/index.php\/wp-json\/wp\/v2\/comments?post=12439"}],"version-history":[{"count":1,"href":"https:\/\/cartagenaaldia.com\/index.php\/wp-json\/wp\/v2\/posts\/12439\/revisions"}],"predecessor-version":[{"id":12441,"href":"https:\/\/cartagenaaldia.com\/index.php\/wp-json\/wp\/v2\/posts\/12439\/revisions\/12441"}],"wp:featuredmedia":[{"embeddable":true,"href":"https:\/\/cartagenaaldia.com\/index.php\/wp-json\/wp\/v2\/media\/12440"}],"wp:attachment":[{"href":"https:\/\/cartagenaaldia.com\/index.php\/wp-json\/wp\/v2\/media?parent=12439"}],"wp:term":[{"taxonomy":"category","embeddable":true,"href":"https:\/\/cartagenaaldia.com\/index.php\/wp-json\/wp\/v2\/categories?post=12439"},{"taxonomy":"post_tag","embeddable":true,"href":"https:\/\/cartagenaaldia.com\/index.php\/wp-json\/wp\/v2\/tags?post=12439"}],"curies":[{"name":"wp","href":"https:\/\/api.w.org\/{rel}","templated":true}]}}