{"id":12434,"date":"2026-01-19T16:09:28","date_gmt":"2026-01-19T21:09:28","guid":{"rendered":"https:\/\/cartagenaaldia.com\/?p=12434"},"modified":"2026-01-19T16:09:28","modified_gmt":"2026-01-19T21:09:28","slug":"gobernadores-rechazan-decreto-y-defienden-autonomia-regional","status":"publish","type":"post","link":"https:\/\/cartagenaaldia.com\/index.php\/2026\/01\/19\/gobernadores-rechazan-decreto-y-defienden-autonomia-regional\/","title":{"rendered":"Gobernadores rechazan decreto y defienden autonom\u00eda regional"},"content":{"rendered":"\n<p><strong>Gobernadores cuestionan pol\u00e9mico decreto fiscal del Gobierno por afectar gravemente finanzas territoriales y comprometer inversi\u00f3n regional esencial<\/strong><\/p>\n\n\n\n<hr class=\"wp-block-separator has-alpha-channel-opacity\"\/>\n\n\n\n<p>Los gobernadores del pa\u00eds, con el acompa\u00f1amiento de la <strong>Federaci\u00f3n Nacional de Departamentos (FND)<\/strong>, avanzan en la preparaci\u00f3n de <strong>acciones jur\u00eddicas contra el Decreto 1474 del 29 de diciembre de 2025<\/strong>, expedido en el marco del estado de emergencia declarado mediante el Decreto 1390 de 2025.<\/p>\n\n\n\n<p>La decisi\u00f3n se adopt\u00f3 tras considerar que la norma contempla medidas que <strong>impactan de manera directa las finanzas de los departamentos<\/strong>, especialmente por el aumento del <strong>Impuesto al Consumo y del IVA del 5 % al 19 %<\/strong>, una modificaci\u00f3n que, seg\u00fan los mandatarios, compromete la estabilidad fiscal de las entidades territoriales.<\/p>\n\n\n\n<p>Los gobernadores advirtieron que estas nuevas cargas impositivas <strong>reducen la capacidad de inversi\u00f3n regional<\/strong> y ponen en riesgo la financiaci\u00f3n de sectores estrat\u00e9gicos como <strong>salud, educaci\u00f3n y deporte<\/strong>, \u00e1reas sensibles para las comunidades y especialmente cr\u00edticas en regiones con mayores brechas sociales y econ\u00f3micas.<\/p>\n\n\n\n<p><strong>Impacto fiscal y preocupaci\u00f3n territorial<\/strong><\/p>\n\n\n\n<p>Los mandatarios departamentales se\u00f1alaron que las decisiones adoptadas desde el nivel central <strong>trasladan una carga fiscal excesiva a los territorios<\/strong>, debilitando la autonom\u00eda regional y afectando directamente los recursos destinados a programas sociales y proyectos de desarrollo.<\/p>\n\n\n\n<p>Seg\u00fan los gobernadores, el aumento de los tributos <strong>compromete seriamente la planeaci\u00f3n presupuestal<\/strong> de los departamentos, limita la ejecuci\u00f3n de obras y reduce la capacidad institucional para atender las necesidades b\u00e1sicas de la poblaci\u00f3n.<\/p>\n\n\n\n<p><strong>La estabilidad fiscal de las entidades territoriales qued\u00f3 en el centro del debate<\/strong>, al considerar que estas medidas no fueron concertadas con los gobiernos regionales y generan un impacto inmediato en las finanzas p\u00fablicas locales.<\/p>\n\n\n\n<p><strong>Respaldo pol\u00edtico y defensa de la autonom\u00eda<\/strong><\/p>\n\n\n\n<p>El candidato al Senado <strong>H\u00e9ctor Olimpo Espinosa<\/strong> expres\u00f3 su respaldo a los gobernadores y afirm\u00f3 que <strong>las decisiones tomadas desde el nivel central no pueden seguir trasladando la carga fiscal a las regiones<\/strong>.<\/p>\n\n\n\n<p>Espinosa sostuvo que estas medidas <strong>debilitan la autonom\u00eda territorial<\/strong> y afectan directamente a millones de colombianos que dependen de los recursos departamentales para acceder a servicios esenciales.<\/p>\n\n\n\n<p>\u201cEl Caribe y las regiones no pueden seguir asumiendo decisiones tomadas desde el centro que afectan directamente los recursos de los territorios. <strong>Defender la autonom\u00eda regional es defender el bienestar de millones de colombianos<\/strong>\u201d, afirm\u00f3 el candidato.<\/p>\n\n\n\n<p><strong>Acciones jur\u00eddicas ante la Corte Constitucional<\/strong><\/p>\n\n\n\n<p>Tras una <strong>reuni\u00f3n extraordinaria en la Federaci\u00f3n Nacional de Departamentos<\/strong>, los gobernadores acordaron solicitar un <strong>espacio de intervenci\u00f3n ante la Corte Constitucional<\/strong>, mientras el alto tribunal emite un pronunciamiento de fondo sobre la constitucionalidad de las medidas adoptadas en el decreto.<\/p>\n\n\n\n<p>Para este prop\u00f3sito se conform\u00f3 una <strong>comisi\u00f3n representativa<\/strong> integrada por:<\/p>\n\n\n\n<ul class=\"wp-block-list\">\n<li>Adriana Magali Matiz, gobernadora del Tolima<\/li>\n\n\n\n<li>Dilian Francisca Toro, gobernadora del Valle del Cauca<\/li>\n\n\n\n<li>Andr\u00e9s Juli\u00e1n Rend\u00f3n, gobernador de Antioquia<\/li>\n\n\n\n<li>Luis Francisco Ruiz, gobernador de Caquet\u00e1<\/li>\n\n\n\n<li>Luis Alfonso Escobar, gobernador de Nari\u00f1o<\/li>\n\n\n\n<li>Erasmo Zuleta, presidente de la FND y gobernador de C\u00f3rdoba<\/li>\n<\/ul>\n\n\n\n<p>Esta comisi\u00f3n ser\u00e1 la encargada de <strong>representar a los departamentos ante la Corte Constitucional<\/strong> y exponer los argumentos jur\u00eddicos que sustentan la solicitud de revisi\u00f3n de las medidas fiscales.<\/p>\n\n\n\n<p><strong>Institucionalidad y defensa territorial<\/strong><\/p>\n\n\n\n<p>H\u00e9ctor Olimpo Espinosa tambi\u00e9n respald\u00f3 la petici\u00f3n de los mandatarios de <strong>tener voz directa ante la Corte Constitucional<\/strong> y de exigir respeto por la institucionalidad territorial.<\/p>\n\n\n\n<p>El candidato destac\u00f3 que las acciones emprendidas <strong>se adelantan en cumplimiento de la Constituci\u00f3n<\/strong> y buscan proteger los intereses de las comunidades frente a decisiones que afectan de manera estructural el desarrollo regional.<\/p>\n\n\n\n<p><strong>La defensa de la autonom\u00eda territorial se convirti\u00f3 en uno de los ejes centrales del pronunciamiento pol\u00edtico<\/strong>, al considerar que el equilibrio entre el nivel central y los gobiernos regionales es clave para garantizar un modelo de descentralizaci\u00f3n efectivo.<\/p>\n\n\n\n<p><strong>Preocupaci\u00f3n por la seguridad regional<\/strong><\/p>\n\n\n\n<p>En materia de seguridad, Espinosa apoy\u00f3 el llamado de los gobernadores al Gobierno nacional para la <strong>realizaci\u00f3n urgente de Consejos Regionales de Seguridad<\/strong>.<\/p>\n\n\n\n<p>El objetivo de estos espacios es enfrentar la violencia, el control territorial ilegal y las amenazas que afectan de manera especial a regiones hist\u00f3ricamente golpeadas como el <strong>Caribe y el Pac\u00edfico<\/strong>.<\/p>\n\n\n\n<p>Los mandatarios insistieron en que <strong>la situaci\u00f3n de orden p\u00fablico requiere atenci\u00f3n inmediata<\/strong>, coordinaci\u00f3n interinstitucional y presencia efectiva del Estado en los territorios m\u00e1s vulnerables.<\/p>\n\n\n\n<p><strong>Unidad regional frente a los desaf\u00edos<\/strong><\/p>\n\n\n\n<p>Finalmente, Espinosa reiter\u00f3 su <strong>solidaridad con los departamentos afectados por la reciente ola de violencia<\/strong> y subray\u00f3 que la <strong>unidad entre los l\u00edderes regionales es clave<\/strong> para cerrar brechas, fortalecer la descentralizaci\u00f3n y avanzar hacia un pa\u00eds con m\u00e1s inversi\u00f3n, desarrollo y oportunidades para las regiones.<\/p>\n\n\n\n<p>Los gobernadores coincidieron en que <strong>la defensa de los recursos territoriales es una condici\u00f3n indispensable<\/strong> para garantizar servicios de calidad, fortalecer la institucionalidad y promover el bienestar de las comunidades.<\/p>\n\n\n\n<p><strong>La confrontaci\u00f3n jur\u00eddica entre los departamentos y el Gobierno abre un nuevo cap\u00edtulo en la defensa de la autonom\u00eda regional<\/strong>, donde la estabilidad fiscal, la descentralizaci\u00f3n y el bienestar social se consolidan como banderas centrales para proteger el desarrollo de las regiones y el futuro de millones de colombianos.<\/p>\n","protected":false},"excerpt":{"rendered":"<p>Mandatarios preparan acciones jur\u00eddicas contra decreto que aumenta impuestos y pone en riesgo estabilidad fiscal y sectores sociales clave<\/p>\n","protected":false},"author":2,"featured_media":12336,"comment_status":"closed","ping_status":"closed","sticky":false,"template":"","format":"standard","meta":{"om_disable_all_campaigns":false,"_monsterinsights_skip_tracking":false,"_monsterinsights_sitenote_active":false,"_monsterinsights_sitenote_note":"","_monsterinsights_sitenote_category":0,"footnotes":""},"categories":[102,105],"tags":[995,996],"class_list":["post-12434","post","type-post","status-publish","format-standard","has-post-thumbnail","hentry","category-generales","category-politica","tag-federacion-nacional-departamentos","tag-fnd"],"_links":{"self":[{"href":"https:\/\/cartagenaaldia.com\/index.php\/wp-json\/wp\/v2\/posts\/12434","targetHints":{"allow":["GET"]}}],"collection":[{"href":"https:\/\/cartagenaaldia.com\/index.php\/wp-json\/wp\/v2\/posts"}],"about":[{"href":"https:\/\/cartagenaaldia.com\/index.php\/wp-json\/wp\/v2\/types\/post"}],"author":[{"embeddable":true,"href":"https:\/\/cartagenaaldia.com\/index.php\/wp-json\/wp\/v2\/users\/2"}],"replies":[{"embeddable":true,"href":"https:\/\/cartagenaaldia.com\/index.php\/wp-json\/wp\/v2\/comments?post=12434"}],"version-history":[{"count":1,"href":"https:\/\/cartagenaaldia.com\/index.php\/wp-json\/wp\/v2\/posts\/12434\/revisions"}],"predecessor-version":[{"id":12435,"href":"https:\/\/cartagenaaldia.com\/index.php\/wp-json\/wp\/v2\/posts\/12434\/revisions\/12435"}],"wp:featuredmedia":[{"embeddable":true,"href":"https:\/\/cartagenaaldia.com\/index.php\/wp-json\/wp\/v2\/media\/12336"}],"wp:attachment":[{"href":"https:\/\/cartagenaaldia.com\/index.php\/wp-json\/wp\/v2\/media?parent=12434"}],"wp:term":[{"taxonomy":"category","embeddable":true,"href":"https:\/\/cartagenaaldia.com\/index.php\/wp-json\/wp\/v2\/categories?post=12434"},{"taxonomy":"post_tag","embeddable":true,"href":"https:\/\/cartagenaaldia.com\/index.php\/wp-json\/wp\/v2\/tags?post=12434"}],"curies":[{"name":"wp","href":"https:\/\/api.w.org\/{rel}","templated":true}]}}