{"id":12420,"date":"2026-01-19T13:15:35","date_gmt":"2026-01-19T18:15:35","guid":{"rendered":"https:\/\/cartagenaaldia.com\/?p=12420"},"modified":"2026-01-19T13:15:36","modified_gmt":"2026-01-19T18:15:36","slug":"gobernacion-impulsa-matricula-educativa-y-fortalece-cobertura-escolar-en-arjona","status":"publish","type":"post","link":"https:\/\/cartagenaaldia.com\/index.php\/2026\/01\/19\/gobernacion-impulsa-matricula-educativa-y-fortalece-cobertura-escolar-en-arjona\/","title":{"rendered":"Gobernaci\u00f3n impulsa matr\u00edcula educativa y fortalece cobertura escolar en Arjona"},"content":{"rendered":"\n<p><strong>Gobernaci\u00f3n de Bol\u00edvar fortalece matr\u00edcula en Arjona, ampl\u00eda cobertura educativa y reduce deserci\u00f3n con estrategia solidaria<\/strong><\/p>\n\n\n\n<hr class=\"wp-block-separator has-alpha-channel-opacity\"\/>\n\n\n\n<p>La Gobernaci\u00f3n de Bol\u00edvar, a trav\u00e9s de la Secretar\u00eda de Educaci\u00f3n Departamental, avanza con una estrategia integral para <strong>fortalecer los procesos de matr\u00edcula<\/strong> en las instituciones educativas de la provincia, con resultados que ya muestran un crecimiento significativo en la cobertura escolar.<\/p>\n\n\n\n<p>Las acciones se desarrollan de manera articulada con los establecimientos educativos del departamento y buscan garantizar el acceso, la permanencia y la continuidad de ni\u00f1os, ni\u00f1as y j\u00f3venes en el sistema educativo oficial.<\/p>\n\n\n\n<p>Uno de los escenarios donde se evidencian los avances es la <strong>Instituci\u00f3n Educativa T\u00e9cnica Industrial sede Don Bosco<\/strong>, uno de los Megacolegios del municipio de Arjona, cuyo rector, <strong>Jorge Guti\u00e9rrez<\/strong>, destac\u00f3 el buen comportamiento del proceso.<\/p>\n\n\n\n<p>\u201cEl proceso de matr\u00edcula, a Dios gracias, est\u00e1 avanzando excelente\u201d, afirm\u00f3 el directivo, al confirmar que las estrategias implementadas est\u00e1n dando resultados positivos en distintos niveles de formaci\u00f3n.<\/p>\n\n\n\n<p><strong>Cobertura educativa crece en preescolar y secundaria<\/strong><\/p>\n\n\n\n<p>El rector explic\u00f3 que el aumento de estudiantes se ha concentrado especialmente en <strong>preescolar<\/strong> y en la <strong>b\u00e1sica secundaria<\/strong>, donde los grados d\u00e9cimo y und\u00e9cimo registran una din\u00e1mica particular.<\/p>\n\n\n\n<p>\u201cSe ha aumentado la cobertura en los niveles de preescolar y sobre todo en la b\u00e1sica secundaria en los grados 10 y 11\u201d, precis\u00f3 Guti\u00e9rrez, al se\u00f1alar que estos niveles son clave dentro del proceso de formaci\u00f3n acad\u00e9mica.<\/p>\n\n\n\n<p>En el nivel de media, la matr\u00edcula presenta un comportamiento m\u00e1s estable debido a un requisito acad\u00e9mico espec\u00edfico que diferencia a la instituci\u00f3n.<\/p>\n\n\n\n<p>La Instituci\u00f3n Educativa T\u00e9cnica Industrial mantiene un <strong>convenio con el SENA<\/strong>, que condiciona la inscripci\u00f3n en grado once a la vinculaci\u00f3n directa con la formaci\u00f3n t\u00e9cnica ofrecida por esta entidad.<\/p>\n\n\n\n<p>Este modelo permite que los estudiantes egresen con <strong>dos t\u00edtulos<\/strong>: el diploma de bachiller t\u00e9cnico de la instituci\u00f3n y el t\u00edtulo de t\u00e9cnico o media t\u00e9cnica otorgado por el SENA, fortaleciendo su perfil acad\u00e9mico y laboral.<\/p>\n\n\n\n<p><strong>Meta institucional apunta a superar 2.600 estudiantes<\/strong><\/p>\n\n\n\n<p>La instituci\u00f3n actualmente cuenta con <strong>m\u00e1s de 2.600 estudiantes matriculados<\/strong>, una cifra que representa un reto y, al mismo tiempo, una oportunidad para consolidar el crecimiento educativo en el municipio.<\/p>\n\n\n\n<p>\u201cLa meta es superar los m\u00e1s de 2.600 estudiantes que tenemos actualmente\u201d, asegur\u00f3 el rector, al confirmar que la proyecci\u00f3n institucional es <strong>superar la matr\u00edcula del a\u00f1o anterior<\/strong>.<\/p>\n\n\n\n<p>Este objetivo se apoya en la aplicaci\u00f3n de la <strong>resoluci\u00f3n de cobertura emanada por la Secretar\u00eda de Educaci\u00f3n Departamental de Bol\u00edvar<\/strong>, que orienta las estrategias de ampliaci\u00f3n y fortalecimiento del sistema educativo.<\/p>\n\n\n\n<p>\u201cCreo que s\u00ed lo vamos a lograr, a superar la matr\u00edcula del a\u00f1o anterior, que es nuestra meta\u201d, reiter\u00f3 Guti\u00e9rrez, destacando el compromiso institucional con el acceso educativo.<\/p>\n\n\n\n<p><strong>Estrategia \u201cMejor Pal Colegio\u201d recorre el departamento<\/strong><\/p>\n\n\n\n<p>De manera paralela, la Secretar\u00eda de Educaci\u00f3n Departamental recorre distintos municipios de Bol\u00edvar con la estrategia <strong>\u201cMejor Pal Colegio\u201d<\/strong>, una iniciativa que busca incentivar la inscripci\u00f3n escolar y reducir la deserci\u00f3n.<\/p>\n\n\n\n<p>Esta estrategia incluye la <strong>entrega de kits escolares<\/strong>, donados por empresas y personas naturales, como una herramienta para apoyar a las familias y facilitar el ingreso y la permanencia de los estudiantes en las aulas.<\/p>\n\n\n\n<p>Los kits representan un alivio econ\u00f3mico para muchos hogares y se convierten en un incentivo directo para que los ni\u00f1os y ni\u00f1as contin\u00faen su proceso educativo sin interrupciones.<\/p>\n\n\n\n<p>La acci\u00f3n solidaria se complementa con jornadas pedag\u00f3gicas y acompa\u00f1amiento institucional que refuerzan el mensaje de la importancia de la educaci\u00f3n como motor de desarrollo social.<\/p>\n\n\n\n<p><strong>Educaci\u00f3n t\u00e9cnica fortalece oportunidades juveniles<\/strong><\/p>\n\n\n\n<p>El modelo educativo implementado en Arjona resalta la importancia de la <strong>educaci\u00f3n media t\u00e9cnica<\/strong> como una alternativa para mejorar la empleabilidad y las competencias productivas de los j\u00f3venes.<\/p>\n\n\n\n<p>El convenio con el SENA no solo eleva la calidad acad\u00e9mica, sino que permite que los estudiantes egresen con herramientas pr\u00e1cticas para integrarse al mercado laboral o continuar estudios superiores.<\/p>\n\n\n\n<p>Este enfoque responde a las necesidades del territorio y fortalece el v\u00ednculo entre educaci\u00f3n, formaci\u00f3n t\u00e9cnica y desarrollo regional.<\/p>\n\n\n\n<p><strong>La articulaci\u00f3n entre Gobernaci\u00f3n, Secretar\u00eda de Educaci\u00f3n e Instituciones Educativas consolida una estrategia integral que ampl\u00eda cobertura, reduce deserci\u00f3n y proyecta crecimiento escolar en Bol\u00edvar<\/strong>, con un modelo que apuesta por la educaci\u00f3n t\u00e9cnica, la inclusi\u00f3n y el bienestar de las comunidades.<\/p>\n\n\n\n<figure class=\"wp-block-embed is-type-video is-provider-youtube wp-block-embed-youtube wp-embed-aspect-4-3 wp-has-aspect-ratio\"><div class=\"wp-block-embed__wrapper\">\n<iframe title=\"Gobernaci\u00f3n impulsa matr\u00edcula y fortalece cobertura educativa\" width=\"500\" height=\"375\" src=\"https:\/\/www.youtube.com\/embed\/Wt6wga_et34?feature=oembed\" frameborder=\"0\" allow=\"accelerometer; autoplay; clipboard-write; encrypted-media; gyroscope; picture-in-picture; web-share\" referrerpolicy=\"strict-origin-when-cross-origin\" allowfullscreen><\/iframe>\n<\/div><\/figure>\n","protected":false},"excerpt":{"rendered":"<p>Gobernaci\u00f3n y Secretar\u00eda de Educaci\u00f3n fortalecen matr\u00edcula, ampl\u00edan cobertura y proyectan superar 2.600 estudiantes en instituciones de Arjona<\/p>\n","protected":false},"author":2,"featured_media":12421,"comment_status":"closed","ping_status":"closed","sticky":false,"template":"","format":"standard","meta":{"om_disable_all_campaigns":false,"_monsterinsights_skip_tracking":false,"_monsterinsights_sitenote_active":false,"_monsterinsights_sitenote_note":"","_monsterinsights_sitenote_category":0,"footnotes":""},"categories":[110,112,102],"tags":[364,380,1009,917],"class_list":["post-12420","post","type-post","status-publish","format-standard","has-post-thumbnail","hentry","category-bolivar","category-educacion","category-generales","tag-bolivar-mejor","tag-gobernacion-bolivar","tag-ieti-don-bosco","tag-sed-bolivar"],"_links":{"self":[{"href":"https:\/\/cartagenaaldia.com\/index.php\/wp-json\/wp\/v2\/posts\/12420","targetHints":{"allow":["GET"]}}],"collection":[{"href":"https:\/\/cartagenaaldia.com\/index.php\/wp-json\/wp\/v2\/posts"}],"about":[{"href":"https:\/\/cartagenaaldia.com\/index.php\/wp-json\/wp\/v2\/types\/post"}],"author":[{"embeddable":true,"href":"https:\/\/cartagenaaldia.com\/index.php\/wp-json\/wp\/v2\/users\/2"}],"replies":[{"embeddable":true,"href":"https:\/\/cartagenaaldia.com\/index.php\/wp-json\/wp\/v2\/comments?post=12420"}],"version-history":[{"count":2,"href":"https:\/\/cartagenaaldia.com\/index.php\/wp-json\/wp\/v2\/posts\/12420\/revisions"}],"predecessor-version":[{"id":12423,"href":"https:\/\/cartagenaaldia.com\/index.php\/wp-json\/wp\/v2\/posts\/12420\/revisions\/12423"}],"wp:featuredmedia":[{"embeddable":true,"href":"https:\/\/cartagenaaldia.com\/index.php\/wp-json\/wp\/v2\/media\/12421"}],"wp:attachment":[{"href":"https:\/\/cartagenaaldia.com\/index.php\/wp-json\/wp\/v2\/media?parent=12420"}],"wp:term":[{"taxonomy":"category","embeddable":true,"href":"https:\/\/cartagenaaldia.com\/index.php\/wp-json\/wp\/v2\/categories?post=12420"},{"taxonomy":"post_tag","embeddable":true,"href":"https:\/\/cartagenaaldia.com\/index.php\/wp-json\/wp\/v2\/tags?post=12420"}],"curies":[{"name":"wp","href":"https:\/\/api.w.org\/{rel}","templated":true}]}}