{"id":12388,"date":"2026-01-15T17:40:21","date_gmt":"2026-01-15T22:40:21","guid":{"rendered":"https:\/\/cartagenaaldia.com\/?p=12388"},"modified":"2026-01-15T17:40:22","modified_gmt":"2026-01-15T22:40:22","slug":"la-llave-que-abre-un-mundo-de-oportunidades","status":"publish","type":"post","link":"https:\/\/cartagenaaldia.com\/index.php\/2026\/01\/15\/la-llave-que-abre-un-mundo-de-oportunidades\/","title":{"rendered":"La llave que abre un mundo de oportunidades"},"content":{"rendered":"\n<p><strong><strong>Renovaci\u00f3n oportuna de matr\u00edcula mercantil impulsa estrat\u00e9gico crecimiento empresarial y fortalece credibilidad en Cartagena y Bol\u00edvar<\/strong><\/strong><\/p>\n\n\n\n<p>Al iniciar el a\u00f1o, una de las decisiones clave para los negocios formales es dejar al d\u00eda su <em>matr\u00edcula <\/em>mercantil y dem\u00e1s registros obligatorios. La fecha l\u00edmite es el <em>31 de marzo de 2026<\/em> , y hacerlo con anticipaci\u00f3n permite a comerciantes y empresarios <em>proteger su operaci\u00f3n, fortalecer su credibilidad y activar su poder empresarial,<\/em> aprovechando la formalidad como una llave que abre oportunidades reales de crecimiento.<\/p>\n\n\n\n<p>Lejos de ser un simple pago o un requisito m\u00e1s, la renovaci\u00f3n oportuna se traduce en mayor acceso a cr\u00e9dito, participaci\u00f3n en procesos de contrataci\u00f3n, respaldo jur\u00eddico para operar y la posibilidad de vincularse a programas de fortalecimiento empresarial que impulsan la productividad y la innovaci\u00f3n en la regi\u00f3n.<\/p>\n\n\n\n<p>\u201cRenovar no es pagar un impuesto, es tomar una decisi\u00f3n estrat\u00e9gica sobre el futuro del negocio. Cuando un empresario mantiene su matr\u00edcula al d\u00eda, activa su poder empresarial: gana confianza frente a clientes, bancos y aliados, y se pone en primera fila para aprovechar oportunidades de crecimiento. La informalidad sale m\u00e1s cara que cumplir a tiempo\u201d, afirm\u00f3 <em>Andrea Pi\u00f1a G\u00f3mez<\/em> , presidenta de la C\u00e1mara de Comercio de Cartagena.<\/p>\n\n\n\n<p><strong>Fechas clave para renovar en 2026<\/strong><\/p>\n\n\n\n<p><strong>El 31 de marzo de 2026 es la fecha l\u00edmite para renovar:<\/strong><\/p>\n\n\n\n<ul class=\"wp-block-list\">\n<li>La matr\u00edcula mercantil de <em>comerciantes, establecimientos de comercio, agencias y sucursales.<\/em><\/li>\n\n\n\n<li>Los registros de <em>Entidades Sin \u00c1nimo de Lucro (ESAL).<\/em><\/li>\n\n\n\n<li>El <em>Registro Nacional de Turismo (RNT).<\/em><\/li>\n\n\n\n<li>Las organizaciones del <em>Sector Solidario.<\/em><\/li>\n<\/ul>\n\n\n\n<p>En el caso del <em>Registro \u00danico de Proponentes (RUP)<\/em> , la fecha l\u00edmite de renovaci\u00f3n corresponde al <em>quinto d\u00eda h\u00e1bil del mes de abril<\/em> , que en 2026 ser\u00e1 el <em>9 de abril.<\/em><\/p>\n\n\n\n<p>Cumplir estos plazos permite a los empresarios conservar su condici\u00f3n formal, mantener vigente su informaci\u00f3n y seguir participando en tr\u00e1mites, contratos y programas que exigen estar al d\u00eda con la C\u00e1mara de Comercio.<\/p>\n\n\n\n<p><strong>Qu\u00e9 se arriesga si no renuevas a tiempo<\/strong><\/p>\n\n\n\n<p>No renovar oportunamente la matr\u00edcula mercantil y los dem\u00e1s registros tiene consecuencias directas sobre la operaci\u00f3n del negocio:<\/p>\n\n\n\n<ul class=\"wp-block-list\">\n<li><em>Sanciones econ\u00f3micas<\/em> impuestas por la Superintendencia de Sociedades, que pueden alcanzar hasta <em>17 salarios m\u00ednimos legales mensuales vigentes.<\/em><\/li>\n\n\n\n<li><em>Cancelaci\u00f3n de la matr\u00edcula mercantil<\/em> de comerciantes y establecimientos que acumulen <em>cinco a\u00f1os consecutivos sin renovar,<\/em> lo que implica la p\u00e9rdida del registro y la necesidad de iniciar nuevamente el proceso de inscripci\u00f3n.<\/li>\n\n\n\n<li>En el caso de <em>sociedades comerciales y Entidades Sin \u00c1nimo<\/em> de Lucro con cinco a\u00f1os de mora, la posibilidad de <em>disoluci\u00f3n por mandato legal.<\/em><\/li>\n\n\n\n<li>Procesos de <em>fiscalizaci\u00f3n, investigaciones administrativas y controles adicionales<\/em> por parte de las autoridades competentes.<\/li>\n\n\n\n<li>Declaratoria de sociedades como <em>no operativas<\/em> y disoluci\u00f3n de oficio despu\u00e9s de <em>tres a\u00f1os consecutivos sin renovar.<\/em><\/li>\n<\/ul>\n\n\n\n<p><strong>Adem\u00e1s, la falta de renovaci\u00f3n limita o bloquea la participaci\u00f3n en:<\/strong><\/p>\n\n\n\n<ul class=\"wp-block-list\">\n<li>Licitaciones y procesos de contrataci\u00f3n p\u00fablica y privada.<\/li>\n\n\n\n<li>Acceso a cr\u00e9ditos y productos financieros.<\/li>\n\n\n\n<li>Apertura de cuentas bancarias empresariales.<\/li>\n\n\n\n<li>Registros sectoriales espec\u00edficos,<\/li>\n\n\n\n<li>Programas institucionales de acompa\u00f1amiento y fortalecimiento.<\/li>\n<\/ul>\n\n\n\n<p><strong>La formalidad como llave que activa el poder empresarial<\/strong><\/p>\n\n\n\n<p>Renovar la matr\u00edcula mercantil mantiene al empresario <em>visible, confiable y respaldado<\/em> en el mercado. Una informaci\u00f3n actualizada ante la C\u00e1mara de Comercio facilita la relaci\u00f3n con clientes, proveedores, entidades financieras y aliados institucionales.<\/p>\n\n\n\n<p><strong>En la pr\u00e1ctica, <em>activar tu poder empresarial significa:<\/em><\/strong><\/p>\n\n\n\n<ul class=\"wp-block-list\">\n<li>Operar con seguridad jur\u00eddica y menor riesgo de sanciones.<\/li>\n\n\n\n<li>Demostrar solidez y organizaci\u00f3n frente a terceros.<\/li>\n\n\n\n<li>Aprovechar los servicios empresariales y las redes de conexi\u00f3n que ofrece la C\u00e1mara.<\/li>\n<\/ul>\n\n\n\n<p>Y estar mejor posicionado para responder a oportunidades de negocio que exigen la formalidad como requisito m\u00ednimo.<\/p>\n\n\n\n<p><em>\u201cEn Cartagena y Bol\u00edvar hay miles de historias de negocios que despegaron cuando se tomaron en serio la formalidad. La matr\u00edcula renovada es un sello que abre puertas: permite acceder a programas de transformaci\u00f3n digital, cl\u00fasteres, redes empresariales y acompa\u00f1amiento especializado. Esa es la verdadera dimensi\u00f3n de activar el poder empresarial\u201d<\/em>, agreg\u00f3 <em>Andrea Pi\u00f1a.<\/em><\/p>\n\n\n\n<p><strong>D\u00f3nde y c\u00f3mo renovar tu matr\u00edcula<\/strong><\/p>\n\n\n\n<p>Para que m\u00e1s empresarios puedan cumplir con los plazos de forma sencilla y planificada, la C\u00e1mara de Comercio de Cartagena dispone de varios canales de atenci\u00f3n:<\/p>\n\n\n\n<p><strong>Canal virtual<\/strong><\/p>\n\n\n\n<ul class=\"wp-block-list\">\n<li>Renovaci\u00f3n en l\u00ednea a trav\u00e9s de www.cccartagena.org.co, en la opci\u00f3n Tr\u00e1mites en l\u00ednea, o mediante el sistema <em>SII de Confec\u00e1maras.<\/em><\/li>\n\n\n\n<li>Para usar este canal es necesario contar con <em>Clave Segura,<\/em> que se obtiene creando un usuario en el SII. El proceso es guiado y puede realizarse en pocos pasos.<\/li>\n<\/ul>\n\n\n\n<p><strong>Canales presenciales<\/strong><br>Atenci\u00f3n en las sedes de la C\u00e1mara de Comercio de Cartagena en:<\/p>\n\n\n\n<ul class=\"wp-block-list\">\n<li>Cartagena de Indias,<\/li>\n\n\n\n<li>Turbaco,<\/li>\n\n\n\n<li>El Carmen de Bol\u00edvar,<\/li>\n\n\n\n<li>y Calamar.<\/li>\n<\/ul>\n\n\n\n<p>Con la liquidaci\u00f3n impresa, los pagos pueden realizarse tambi\u00e9n en los bancos aliados autorizados.<\/p>\n\n\n\n<p><strong>Jornadas itinerantes<\/strong><br>La entidad ajusta el cronograma del <em>CISE M\u00f3vil,<\/em> su oficina itinerante, que recorrer\u00e1 diversos municipios del departamento con jornadas especiales de renovaci\u00f3n y oferta institucional. La programaci\u00f3n se anunciar\u00e1 en los canales oficiales de la C\u00e1mara de Comercio de Cartagena.<\/p>\n\n\n\n<p><strong>Cifras que muestran el impacto de la formalidad<\/strong><\/p>\n\n\n\n<p>Durante 2025, la C\u00e1mara de Comercio de Cartagena registr\u00f3:<\/p>\n\n\n\n<ul class=\"wp-block-list\">\n<li>La renovaci\u00f3n de m\u00e1s de <em>32.000 comerciantes.<\/em><\/li>\n\n\n\n<li>La inscripci\u00f3n de m\u00e1s de <em>9.000 nuevas matr\u00edculas,<\/em><\/li>\n\n\n\n<li>y la consolidaci\u00f3n de un universo superior a <em>41.000 comerciantes<\/em> activos al cierre del a\u00f1o.<\/li>\n<\/ul>\n\n\n\n<p>Gracias a la renovaci\u00f3n oportuna, alrededor de <em>3.000 nuevos empresarios<\/em> accedieron a servicios de fortalecimiento empresarial y a iniciativas como <em>Ruta Transformaci\u00f3n Digital Microempresas, Lidera 4.0, N\u00facleos y Cl\u00fasteres<\/em>, que impulsan la innovaci\u00f3n, la productividad y la articulaci\u00f3n entre empresas.<\/p>\n\n\n\n<p>Estas cifras muestran que la formalidad no es un mero tr\u00e1mite: es una palanca real para fortalecer el tejido productivo de <em>Cartagena y Bol\u00edvar.<\/em><\/p>\n","protected":false},"excerpt":{"rendered":"<p>La C\u00e1mara de Comercio recuerda que renovar la matr\u00edcula mercantil antes del 31 de marzo de 2026 protege negocios, evita sanciones y abre acceso a cr\u00e9dito, contratos y programas de fortalecimiento empresarial<\/p>\n","protected":false},"author":2,"featured_media":12391,"comment_status":"closed","ping_status":"closed","sticky":false,"template":"","format":"standard","meta":{"om_disable_all_campaigns":false,"_monsterinsights_skip_tracking":false,"_monsterinsights_sitenote_active":false,"_monsterinsights_sitenote_note":"","_monsterinsights_sitenote_category":0,"footnotes":""},"categories":[110,103,102],"tags":[428,120],"class_list":["post-12388","post","type-post","status-publish","format-standard","has-post-thumbnail","hentry","category-bolivar","category-economia","category-generales","tag-camara-cartagena","tag-camara-comercio-cartagena"],"_links":{"self":[{"href":"https:\/\/cartagenaaldia.com\/index.php\/wp-json\/wp\/v2\/posts\/12388","targetHints":{"allow":["GET"]}}],"collection":[{"href":"https:\/\/cartagenaaldia.com\/index.php\/wp-json\/wp\/v2\/posts"}],"about":[{"href":"https:\/\/cartagenaaldia.com\/index.php\/wp-json\/wp\/v2\/types\/post"}],"author":[{"embeddable":true,"href":"https:\/\/cartagenaaldia.com\/index.php\/wp-json\/wp\/v2\/users\/2"}],"replies":[{"embeddable":true,"href":"https:\/\/cartagenaaldia.com\/index.php\/wp-json\/wp\/v2\/comments?post=12388"}],"version-history":[{"count":2,"href":"https:\/\/cartagenaaldia.com\/index.php\/wp-json\/wp\/v2\/posts\/12388\/revisions"}],"predecessor-version":[{"id":12390,"href":"https:\/\/cartagenaaldia.com\/index.php\/wp-json\/wp\/v2\/posts\/12388\/revisions\/12390"}],"wp:featuredmedia":[{"embeddable":true,"href":"https:\/\/cartagenaaldia.com\/index.php\/wp-json\/wp\/v2\/media\/12391"}],"wp:attachment":[{"href":"https:\/\/cartagenaaldia.com\/index.php\/wp-json\/wp\/v2\/media?parent=12388"}],"wp:term":[{"taxonomy":"category","embeddable":true,"href":"https:\/\/cartagenaaldia.com\/index.php\/wp-json\/wp\/v2\/categories?post=12388"},{"taxonomy":"post_tag","embeddable":true,"href":"https:\/\/cartagenaaldia.com\/index.php\/wp-json\/wp\/v2\/tags?post=12388"}],"curies":[{"name":"wp","href":"https:\/\/api.w.org\/{rel}","templated":true}]}}