{"id":11891,"date":"2025-12-05T15:51:42","date_gmt":"2025-12-05T20:51:42","guid":{"rendered":"https:\/\/cartagenaaldia.com\/?p=11891"},"modified":"2025-12-05T15:51:43","modified_gmt":"2025-12-05T20:51:43","slug":"procluster-2025-cartagena-presenta-el-hub-caribe-competitivo","status":"publish","type":"post","link":"https:\/\/cartagenaaldia.com\/index.php\/2025\/12\/05\/procluster-2025-cartagena-presenta-el-hub-caribe-competitivo\/","title":{"rendered":"PROCL\u00daSTER 2025: Cartagena presenta el Hub Caribe Competitivo"},"content":{"rendered":"\n<h2 class=\"wp-block-heading\"><strong>La nueva plataforma que articula cl\u00fasteres, innovaci\u00f3n y territorio para liderar el futuro econ\u00f3mico del Caribe<\/strong><\/h2>\n\n\n\n<p>En el marco de sus 110 a\u00f1os tejiendo progreso en Bol\u00edvar, la C\u00e1mara de Comercio de Cartagena present\u00f3 oficialmente el Hub Caribe Competitivo, una estrategia integral que consolida capacidades productivas, log\u00edsticas, cient\u00edficas y territoriales para proyectar a Cartagena y Bol\u00edvar como el epicentro de negocios del Caribe. Este anuncio se realiz\u00f3 durante ProCl\u00faster 2025, el encuentro regional de articulaci\u00f3n empresarial que reuni\u00f3 a m\u00e1s de 250 asistentes representantes del sector productivo, la academia, el gobierno, gremios y aliados estrat\u00e9gicos de la competitividad regional.<\/p>\n\n\n\n<p>&nbsp;ProCl\u00faster 2025 marc\u00f3 un antes y un despu\u00e9s para la competitividad del Caribe. En medio de un foro de alto nivel, la regi\u00f3n present\u00f3 una apuesta que redefine su desarrollo econ\u00f3mico: el Hub Caribe Competitivo, un modelo que transforma potencial en estrategia y convierte nuestra ubicaci\u00f3n geogr\u00e1fica en una ventaja real para competir globalmente. Esta visi\u00f3n se fundamenta en la conexi\u00f3n directa con un mercado de 266 millones de habitantes, el impulso log\u00edstico del tercer puerto m\u00e1s eficiente del mundo, la presencia de sectores estrat\u00e9gicos que representan el 69 % del PIB departamental, un marco regulatorio que posiciona a Colombia en el top 5 global, y cl\u00fasteres articulados que evolucionan hacia cadenas de valor m\u00e1s competitivas y sostenibles.<\/p>\n\n\n\n<p>En el marco del evento se desarroll\u00f3 la Rueda de Negocios ProCl\u00faster 2025, un espacio dise\u00f1ado para dinamizar oportunidades comerciales entre empresas de diversos sectores del territorio. Durante la jornada, empresarios de industrias como manufactura, log\u00edstica, servicios, turismo, petroqu\u00edmico pl\u00e1stico, energ\u00eda y mantenimiento competitivo sostuvieron reuniones enfocadas en identificar proveedores, promover nuevos encadenamientos productivos y generar alianzas estrat\u00e9gicas que fortalecen el ecosistema empresarial de Cartagena y Bol\u00edvar. Este ejercicio consolid\u00f3 a ProCl\u00faster 2025 como un espacio que no solo conversa sobre competitividad, sino que la activa en tiempo real.<\/p>\n\n\n\n<p>El Hub Caribe Competitivo nace con el prop\u00f3sito de movilizar los indicadores del Plan Regional de Competitividad e Innovaci\u00f3n (PRC) y habilitar condiciones reales para atraer inversi\u00f3n, incrementar la productividad, fortalecer la sofisticaci\u00f3n empresarial y consolidar un ecosistema capaz de competir en escenarios regionales y globales. Para ello, integra las iniciativas cl\u00faster, la infraestructura log\u00edstica y productiva, la formaci\u00f3n t\u00e9cnica especializada, las capacidades de investigaci\u00f3n aplicada y la planificaci\u00f3n estrat\u00e9gica del territorio, articulando esfuerzos que potencian el crecimiento econ\u00f3mico sostenido.<\/p>\n\n\n\n<p>Durante el encuentro, la C\u00e1mara de Comercio present\u00f3 una radiograf\u00eda competitiva del Caribe, en la cual Colombia se posiciona como la segunda econom\u00eda de la regi\u00f3n en PIB, poblaci\u00f3n y extensi\u00f3n territorial, sumado a la relevancia del Puerto de Cartagena como pieza clave de la conectividad internacional. Sin embargo, el an\u00e1lisis tambi\u00e9n evidencia retos en conectividad aeroportuaria, diversificaci\u00f3n productiva, sofisticaci\u00f3n industrial e integraci\u00f3n entre ciencia, talento e infraestructura. El Hub Caribe Competitivo se configura como la respuesta articulada para cerrar estas brechas.<\/p>\n\n\n\n<p>La estrategia se estructura en cuatro ejes fundamentales:<\/p>\n\n\n\n<ul class=\"wp-block-list\">\n<li>Cl\u00fasteres para el Desarrollo y la Competitividad, orientados a fortalecer cadenas de valor, promover manufactura sofisticada e integrar proveedores mediante econom\u00edas de aglomeraci\u00f3n.<\/li>\n\n\n\n<li>Desarrollo y Planificaci\u00f3n Estrat\u00e9gica del Territorio, enfocada en consolidar infraestructura log\u00edstica moderna, parques ecoindustriales, \u00e1reas productivas especializadas y un ordenamiento territorial basado en vocaciones econ\u00f3micas reales.<\/li>\n\n\n\n<li>Red de I+D+i y Formaci\u00f3n T\u00e9cnica, que articula investigaci\u00f3n aplicada, formaci\u00f3n especializada y necesidades reales del sector productivo.<\/li>\n\n\n\n<li>Business Ready, que busca mejorar el clima de negocios de Bol\u00edvar y Cartagena mediante la identificaci\u00f3n de brechas regulatorias, simplificaci\u00f3n de tr\u00e1mites e incentivos para la inversi\u00f3n.<\/li>\n<\/ul>\n\n\n\n<p>Durante su intervenci\u00f3n, Andrea Pi\u00f1a G\u00f3mez, Presidenta Ejecutiva de la C\u00e1mara de Comercio de Cartagena, destac\u00f3 la visi\u00f3n estrat\u00e9gica que impulsa esta iniciativa: \u201cEl Caribe colombiano est\u00e1 llamado a ocupar un lugar de liderazgo en la econom\u00eda global. Con el Hub Caribe Competitivo articulamos nuestras capacidades, cerramos brechas y construimos una plataforma real para atraer inversi\u00f3n, generar empleo y proyectar a Cartagena y Bol\u00edvar como una potencia empresarial del Caribe.\u201d.<\/p>\n\n\n\n<p>ProCl\u00faster 2025 concluy\u00f3 con un llamado a fortalecer alianzas, impulsar la cooperaci\u00f3n empresarial y consolidar el Hub Caribe Competitivo como la hoja de ruta para avanzar hacia un territorio m\u00e1s articulado, m\u00e1s preparado y con mayor proyecci\u00f3n internacional. Con esta apuesta, Cartagena y Bol\u00edvar avanzan con determinaci\u00f3n hacia el liderazgo regional, reafirmando su prop\u00f3sito de convertirse en la regi\u00f3n m\u00e1s din\u00e1mica y competitiva del Caribe.<\/p>\n","protected":false},"excerpt":{"rendered":"<p>El Hub Caribe Competitivo, presentado en ProCl\u00faster 2025, articula cl\u00fasteres, log\u00edstica, talento e innovaci\u00f3n para proyectar a Cartagena y Bol\u00edvar como el principal epicentro econ\u00f3mico y empresarial del Caribe<\/p>\n","protected":false},"author":2,"featured_media":11893,"comment_status":"closed","ping_status":"closed","sticky":false,"template":"","format":"standard","meta":{"om_disable_all_campaigns":false,"_monsterinsights_skip_tracking":false,"_monsterinsights_sitenote_active":false,"_monsterinsights_sitenote_note":"","_monsterinsights_sitenote_category":0,"footnotes":""},"categories":[110,103,102],"tags":[428,120,725,230],"class_list":["post-11891","post","type-post","status-publish","format-standard","has-post-thumbnail","hentry","category-bolivar","category-economia","category-generales","tag-camara-cartagena","tag-camara-comercio-cartagena","tag-econova","tag-ecopetrol"],"_links":{"self":[{"href":"https:\/\/cartagenaaldia.com\/index.php\/wp-json\/wp\/v2\/posts\/11891","targetHints":{"allow":["GET"]}}],"collection":[{"href":"https:\/\/cartagenaaldia.com\/index.php\/wp-json\/wp\/v2\/posts"}],"about":[{"href":"https:\/\/cartagenaaldia.com\/index.php\/wp-json\/wp\/v2\/types\/post"}],"author":[{"embeddable":true,"href":"https:\/\/cartagenaaldia.com\/index.php\/wp-json\/wp\/v2\/users\/2"}],"replies":[{"embeddable":true,"href":"https:\/\/cartagenaaldia.com\/index.php\/wp-json\/wp\/v2\/comments?post=11891"}],"version-history":[{"count":1,"href":"https:\/\/cartagenaaldia.com\/index.php\/wp-json\/wp\/v2\/posts\/11891\/revisions"}],"predecessor-version":[{"id":11892,"href":"https:\/\/cartagenaaldia.com\/index.php\/wp-json\/wp\/v2\/posts\/11891\/revisions\/11892"}],"wp:featuredmedia":[{"embeddable":true,"href":"https:\/\/cartagenaaldia.com\/index.php\/wp-json\/wp\/v2\/media\/11893"}],"wp:attachment":[{"href":"https:\/\/cartagenaaldia.com\/index.php\/wp-json\/wp\/v2\/media?parent=11891"}],"wp:term":[{"taxonomy":"category","embeddable":true,"href":"https:\/\/cartagenaaldia.com\/index.php\/wp-json\/wp\/v2\/categories?post=11891"},{"taxonomy":"post_tag","embeddable":true,"href":"https:\/\/cartagenaaldia.com\/index.php\/wp-json\/wp\/v2\/tags?post=11891"}],"curies":[{"name":"wp","href":"https:\/\/api.w.org\/{rel}","templated":true}]}}