{"id":11752,"date":"2025-11-20T10:54:57","date_gmt":"2025-11-20T15:54:57","guid":{"rendered":"https:\/\/cartagenaaldia.com\/?p=11752"},"modified":"2025-11-20T10:54:57","modified_gmt":"2025-11-20T15:54:57","slug":"centro-democratico-y-mira-presentan-candidatos-a-la-camara-de-representantes-por-bolivar","status":"publish","type":"post","link":"https:\/\/cartagenaaldia.com\/index.php\/2025\/11\/20\/centro-democratico-y-mira-presentan-candidatos-a-la-camara-de-representantes-por-bolivar\/","title":{"rendered":"Centro Democrat\u00edco y MIRA present\u00e1n candidatos a la C\u00e1mara de Representantes por Bol\u00edvar"},"content":{"rendered":"\n<h2 class=\"wp-block-heading\"><strong>Alianza pol\u00edtica presenta propuesta estrat\u00e9gica para fortalecer democracia y desarrollo integral en el departamento de Bol\u00edvar<\/strong><\/h2>\n\n\n\n<hr class=\"wp-block-separator has-alpha-channel-opacity\"\/>\n\n\n\n<p>La escena pol\u00edtica del departamento de Bol\u00edvar tendr\u00e1 un momento clave este <strong>viernes 21 de noviembre de 2025<\/strong>, cuando la <strong>coalici\u00f3n entre el Centro Democr\u00e1tico y el Movimiento MIRA<\/strong> d\u00e9 a conocer la <strong>lista conjunta<\/strong> que presentar\u00e1n ante los electores para la <strong>C\u00e1mara de Representantes durante el periodo 2026-2030<\/strong>. Este anuncio, que se realizar\u00e1 en un espacio emblem\u00e1tico como el <strong>Centro Comercial La Serrezuela<\/strong>, marca un hito para ambas colectividades al consolidar una alianza que busca fortalecer la representaci\u00f3n parlamentaria del departamento.<\/p>\n\n\n\n<p>Los l\u00edderes de ambos partidos han se\u00f1alado que esta uni\u00f3n representa un compromiso genuino con el <strong>fortalecimiento democr\u00e1tico<\/strong>, la <strong>defensa de los valores ciudadanos<\/strong> y la <strong>promoci\u00f3n del desarrollo integral de Bol\u00edvar<\/strong>. La articulaci\u00f3n de estas visiones pol\u00edticas refleja la intenci\u00f3n de construir una propuesta s\u00f3lida y cercana a las necesidades actuales de la regi\u00f3n y sus habitantes.<\/p>\n\n\n\n<h2 class=\"wp-block-heading\"><strong>Alianza pol\u00edtica busca fortalecer la democracia en Bol\u00edvar<\/strong><\/h2>\n\n\n\n<p>La lista que ser\u00e1 presentada este viernes est\u00e1 dise\u00f1ada para ofrecer a los bolivarenses una alternativa que represente de manera fiel sus intereses y aspiraciones. Los l\u00edderes de la coalici\u00f3n consideran que la uni\u00f3n entre Centro Democr\u00e1tico y MIRA permitir\u00e1 obtener mejores resultados en las urnas, consolidando una base pol\u00edtica que responda con compromiso y transparencia desde el Congreso.<\/p>\n\n\n\n<p>Uno de los elementos m\u00e1s llamativos del acto de presentaci\u00f3n ser\u00e1 la participaci\u00f3n del <strong>expresidente de la Rep\u00fablica, \u00c1lvaro Uribe V\u00e9lez<\/strong>, una figura hist\u00f3rica del Centro Democr\u00e1tico cuya presencia busca fortalecer la credibilidad de la propuesta. Asimismo, el evento contar\u00e1 con la participaci\u00f3n del <strong>Honorable Senador Enrique Cabrales<\/strong>, quien ser\u00e1 una voz activa durante la presentaci\u00f3n del listado y del mensaje que la coalici\u00f3n entregar\u00e1 a la ciudadan\u00eda bolivarense.<\/p>\n\n\n\n<h2 class=\"wp-block-heading\"><strong>La Serrezuela ser\u00e1 el escenario de un anuncio decisivo<\/strong><\/h2>\n\n\n\n<p>El acto de oficializaci\u00f3n de los listados se realizar\u00e1 en el <strong>Centro Comercial La Serrezuela<\/strong>, un escenario cultural y comercial que se ha convertido en punto de encuentro para eventos de relevancia regional. All\u00ed, los asistentes podr\u00e1n conocer de primera mano los nombres que integran la lista a la C\u00e1mara de Representantes y las l\u00edneas estrat\u00e9gicas con las que trabajar\u00e1 la coalici\u00f3n para el periodo legislativo que inicia en 2026.<\/p>\n\n\n\n<p>La intenci\u00f3n de la coalici\u00f3n no solo se centra en sumar votos. Tambi\u00e9n busca transmitir un mensaje claro: la necesidad de una representaci\u00f3n <strong>comprometida, transparente y eficaz<\/strong> en el Congreso de la Rep\u00fablica. Para Centro Democr\u00e1tico y MIRA, Bol\u00edvar requiere l\u00edderes que acompa\u00f1en los procesos sociales, que impulsen el desarrollo de los municipios y que promuevan pol\u00edticas p\u00fablicas alineadas con las realidades del departamento.<\/p>\n\n\n\n<p>Adem\u00e1s, este evento no solo ser\u00e1 un acto pol\u00edtico, sino una oportunidad para que la ciudadan\u00eda conozca de forma directa a los aspirantes y sus propuestas, reforzando la importancia de la participaci\u00f3n democr\u00e1tica y el voto informado.<\/p>\n\n\n\n<h2 class=\"wp-block-heading\"><strong>Una coalici\u00f3n que apuesta por el desarrollo integral<\/strong><\/h2>\n\n\n\n<p>L\u00edderes de ambos movimientos han coincidido en que este proyecto conjunto refleja un compromiso con el futuro de Bol\u00edvar. La apuesta por un desarrollo integral implica trabajar en temas como infraestructura, seguridad ciudadana, fortalecimiento institucional y generaci\u00f3n de oportunidades para la poblaci\u00f3n. En ese sentido, la lista a la C\u00e1mara representa un plan de trabajo que busca atender las necesidades reales de los bolivarenses.<\/p>\n\n\n\n<p>El proceso electoral rumbo al periodo 2026-2030 estar\u00e1 marcado por alianzas estrat\u00e9gicas como esta, que pretenden ampliar su capacidad de incidencia y fortalecer la presencia pol\u00edtica de los movimientos que la integran. Para Centro Democr\u00e1tico y MIRA, este es un paso decisivo hacia un escenario pol\u00edtico m\u00e1s articulado, donde la uni\u00f3n de fuerzas permita enfrentar de manera efectiva los desaf\u00edos regionales.<\/p>\n\n\n\n<p>Con este anuncio, se abre un nuevo cap\u00edtulo en el panorama electoral de Bol\u00edvar. La presencia de figuras como el expresidente \u00c1lvaro Uribe V\u00e9lez y el senador Enrique Cabrales confirma la importancia del proyecto y la intenci\u00f3n de movilizar a la ciudadan\u00eda alrededor de una propuesta com\u00fan.<\/p>\n\n\n\n<p>La agenda de este viernes promete una jornada cargada de expectativas y mensajes clave para el electorado, en la que los asistentes podr\u00e1n conocer los pilares que sustentan esta alianza. Sin duda, un momento decisivo para la pol\u00edtica regional que marcar\u00e1 el comienzo de la campa\u00f1a hacia el Congreso de la Rep\u00fablica.<\/p>\n","protected":false},"excerpt":{"rendered":"<p>La coalici\u00f3n Centro Democr\u00e1tico\u2013MIRA presentar\u00e1 su lista conjunta a la C\u00e1mara de Representantes, destacando compromiso democr\u00e1tico, desarrollo regional y participaci\u00f3n de \u00c1lvaro Uribe V\u00e9lez y Enrique Cabrales en La Serrezuela<\/p>\n","protected":false},"author":2,"featured_media":11762,"comment_status":"closed","ping_status":"closed","sticky":false,"template":"","format":"standard","meta":{"om_disable_all_campaigns":false,"_monsterinsights_skip_tracking":false,"_monsterinsights_sitenote_active":false,"_monsterinsights_sitenote_note":"","_monsterinsights_sitenote_category":0,"footnotes":""},"categories":[110,102,105],"tags":[336,964],"class_list":["post-11752","post","type-post","status-publish","format-standard","has-post-thumbnail","hentry","category-bolivar","category-generales","category-politica","tag-centro-democratico","tag-mira"],"_links":{"self":[{"href":"https:\/\/cartagenaaldia.com\/index.php\/wp-json\/wp\/v2\/posts\/11752","targetHints":{"allow":["GET"]}}],"collection":[{"href":"https:\/\/cartagenaaldia.com\/index.php\/wp-json\/wp\/v2\/posts"}],"about":[{"href":"https:\/\/cartagenaaldia.com\/index.php\/wp-json\/wp\/v2\/types\/post"}],"author":[{"embeddable":true,"href":"https:\/\/cartagenaaldia.com\/index.php\/wp-json\/wp\/v2\/users\/2"}],"replies":[{"embeddable":true,"href":"https:\/\/cartagenaaldia.com\/index.php\/wp-json\/wp\/v2\/comments?post=11752"}],"version-history":[{"count":5,"href":"https:\/\/cartagenaaldia.com\/index.php\/wp-json\/wp\/v2\/posts\/11752\/revisions"}],"predecessor-version":[{"id":11761,"href":"https:\/\/cartagenaaldia.com\/index.php\/wp-json\/wp\/v2\/posts\/11752\/revisions\/11761"}],"wp:featuredmedia":[{"embeddable":true,"href":"https:\/\/cartagenaaldia.com\/index.php\/wp-json\/wp\/v2\/media\/11762"}],"wp:attachment":[{"href":"https:\/\/cartagenaaldia.com\/index.php\/wp-json\/wp\/v2\/media?parent=11752"}],"wp:term":[{"taxonomy":"category","embeddable":true,"href":"https:\/\/cartagenaaldia.com\/index.php\/wp-json\/wp\/v2\/categories?post=11752"},{"taxonomy":"post_tag","embeddable":true,"href":"https:\/\/cartagenaaldia.com\/index.php\/wp-json\/wp\/v2\/tags?post=11752"}],"curies":[{"name":"wp","href":"https:\/\/api.w.org\/{rel}","templated":true}]}}