{"id":11579,"date":"2025-11-13T10:18:10","date_gmt":"2025-11-13T15:18:10","guid":{"rendered":"https:\/\/cartagenaaldia.com\/?p=11579"},"modified":"2025-11-13T11:22:39","modified_gmt":"2025-11-13T16:22:39","slug":"fiestas-de-independecia-gran-dinamizador-de-la-economia-laura-diaz","status":"publish","type":"post","link":"https:\/\/cartagenaaldia.com\/index.php\/2025\/11\/13\/fiestas-de-independecia-gran-dinamizador-de-la-economia-laura-diaz\/","title":{"rendered":"Fiestas de Independecia gran dinamizador de la econom\u00eda: Laura Diaz"},"content":{"rendered":"\n<p><strong>La administraci\u00f3n distrital fortalece el tejido social y cultural con eventos masivos que dinamizan la econom\u00eda local<\/strong><\/p>\n\n\n\n<hr class=\"wp-block-separator has-alpha-channel-opacity\"\/>\n\n\n\n<p><strong>Los espect\u00e1culos p\u00fablicos organizados por la administraci\u00f3n distrital<\/strong> durante las <strong>fiestas del 11 de noviembre<\/strong> se han convertido en un <strong>motor clave para la econom\u00eda y el sector cultural de Cartagena.<\/strong> As\u00ed lo se\u00f1al\u00f3 la <strong>concejal Laura D\u00edaz<\/strong>, del <strong>Partido Verde<\/strong>, al reconocer los avances en materia de integraci\u00f3n ciudadana y dinamizaci\u00f3n econ\u00f3mica.<\/p>\n\n\n\n<p>\u201c<strong>Hay que reconocer que las fiestas de la Independencia, la apuesta de la administraci\u00f3n distrital, ha sido afortunada.<\/strong> Le ha dado altura a las fiestas, ha permitido que los cartageneros y cartageneras se integren desde todos los barrios y sectores, y ha brindado al sector cultural la oportunidad de mostrar todo su potencial\u201d, expres\u00f3 D\u00edaz.<\/p>\n\n\n\n<p>La cabildante destac\u00f3 que estas celebraciones no solo <strong>reviven el orgullo hist\u00f3rico y cultural de la ciudad<\/strong>, sino que tambi\u00e9n <strong>generan empleo, activan el comercio local y fortalecen el turismo.<\/strong> En su opini\u00f3n, el impacto de estos eventos <strong>va m\u00e1s all\u00e1 del entretenimiento<\/strong>, pues <strong>contribuyen directamente a la reactivaci\u00f3n econ\u00f3mica<\/strong> y a la cohesi\u00f3n social despu\u00e9s de a\u00f1os de dificultades.<\/p>\n\n\n\n<p>\u201c<strong>Vamos por muy buen camino,<\/strong>\u201d afirm\u00f3 la concejal, al tiempo que reconoci\u00f3 que a\u00fan <strong>hay aspectos que deben seguir fortaleci\u00e9ndose<\/strong> para consolidar estas fiestas como una verdadera <strong>plataforma de desarrollo econ\u00f3mico y cultural<\/strong>.<\/p>\n\n\n\n<p>Durante la entrevista, <strong>D\u00edaz tambi\u00e9n se refiri\u00f3 al avance del estudio del presupuesto distrital<\/strong> en el Concejo de Cartagena. Indic\u00f3 que la corporaci\u00f3n est\u00e1 <strong>analizando las solicitudes de la ciudadan\u00eda y los diferentes sectores<\/strong>, para que las recomendaciones sean incluidas en el proyecto presentado por la Alcald\u00eda.<\/p>\n\n\n\n<p>\u201c<strong>Estamos en estudio de presupuesto,<\/strong> de hecho, ya realizamos la audiencia p\u00fablica. Es importante que la ciudadan\u00eda sepa que este es un proyecto de iniciativa de la Alcald\u00eda, y nosotros como concejales damos las recomendaciones pertinentes para que las necesidades ciudadanas sean incorporadas\u201d, explic\u00f3.<\/p>\n\n\n\n<p>La concejal fue enf\u00e1tica al recordar que <strong>el presupuesto distrital debe equilibrar las prioridades sociales, tur\u00edsticas y econ\u00f3micas de la ciudad<\/strong>, con una mirada integral hacia la reactivaci\u00f3n.<\/p>\n\n\n\n<p>\u201cPresupuesto es como una s\u00e1bana corta\u201d, dijo, \u201cla ciudad necesita much\u00edsima inversi\u00f3n, y aunque no todos los sectores recibir\u00e1n lo esperado, estamos pensando en un presupuesto que <strong>impulse la econom\u00eda, el turismo y la inversi\u00f3n social que Cartagena necesita.<\/strong>\u201d<\/p>\n\n\n\n<p>Con estas declaraciones, <strong>Laura D\u00edaz reafirma el compromiso del Concejo con una gesti\u00f3n responsable de los recursos p\u00fablicos<\/strong>, que permita fortalecer los programas sociales sin descuidar el desarrollo econ\u00f3mico.<\/p>\n\n\n\n<p>Las <strong>fiestas del 11 de noviembre<\/strong> contin\u00faan siendo <strong>un punto de encuentro y de identidad para los cartageneros<\/strong>, adem\u00e1s de <strong>una oportunidad para consolidar la econom\u00eda creativa y cultural<\/strong> como eje de desarrollo.<br>El respaldo pol\u00edtico y ciudadano a la estrategia de la administraci\u00f3n distrital demuestra que, <strong>cuando la cultura y la econom\u00eda se unen, Cartagena crece con orgullo y esperanza.<\/strong><\/p>\n\n\n\n<hr class=\"wp-block-separator has-alpha-channel-opacity\"\/>\n\n\n\n<figure class=\"wp-block-embed is-type-video is-provider-youtube wp-block-embed-youtube wp-embed-aspect-9-16 wp-has-aspect-ratio\"><div class=\"wp-block-embed__wrapper\">\n<iframe title=\"Fiestas de Independencia impulsan la econom\u00eda y la cultura cartagenera\" width=\"422\" height=\"750\" src=\"https:\/\/www.youtube.com\/embed\/w__4y7ucqlE?feature=oembed\" frameborder=\"0\" allow=\"accelerometer; autoplay; clipboard-write; encrypted-media; gyroscope; picture-in-picture; web-share\" referrerpolicy=\"strict-origin-when-cross-origin\" allowfullscreen><\/iframe>\n<\/div><\/figure>\n\n\n\n<p><strong>Fiestas de Independencia impulsan la econom\u00eda y la cultura cartagenera<\/strong><\/p>\n\n\n\n<p><strong>La concejal Laura D\u00edaz destac\u00f3 que las fiestas del 11 de noviembre fortalecen la reactivaci\u00f3n econ\u00f3mica y cultural de Cartagena. Resalt\u00f3 el compromiso de la administraci\u00f3n distrital y el Concejo con un presupuesto equilibrado que priorice la inversi\u00f3n social, el turismo y el desarrollo de la ciudad.<\/strong><\/p>\n","protected":false},"excerpt":{"rendered":"<p>La concejal Laura D\u00edaz destac\u00f3 la apuesta emocional y acertada de la administraci\u00f3n distrital por las fiestas del 11 de noviembre, resaltando su impacto en la reactivaci\u00f3n econ\u00f3mica, la inclusi\u00f3n social y el fortalecimiento del sector cultural en Cartagena<\/p>\n","protected":false},"author":2,"featured_media":11585,"comment_status":"closed","ping_status":"closed","sticky":false,"template":"","format":"standard","meta":{"om_disable_all_campaigns":false,"_monsterinsights_skip_tracking":false,"_monsterinsights_sitenote_active":false,"_monsterinsights_sitenote_note":"","_monsterinsights_sitenote_category":0,"footnotes":""},"categories":[103,102,105],"tags":[845,160],"class_list":["post-11579","post","type-post","status-publish","format-standard","has-post-thumbnail","hentry","category-economia","category-generales","category-politica","tag-laura-diaz-casas","tag-podcast"],"_links":{"self":[{"href":"https:\/\/cartagenaaldia.com\/index.php\/wp-json\/wp\/v2\/posts\/11579","targetHints":{"allow":["GET"]}}],"collection":[{"href":"https:\/\/cartagenaaldia.com\/index.php\/wp-json\/wp\/v2\/posts"}],"about":[{"href":"https:\/\/cartagenaaldia.com\/index.php\/wp-json\/wp\/v2\/types\/post"}],"author":[{"embeddable":true,"href":"https:\/\/cartagenaaldia.com\/index.php\/wp-json\/wp\/v2\/users\/2"}],"replies":[{"embeddable":true,"href":"https:\/\/cartagenaaldia.com\/index.php\/wp-json\/wp\/v2\/comments?post=11579"}],"version-history":[{"count":2,"href":"https:\/\/cartagenaaldia.com\/index.php\/wp-json\/wp\/v2\/posts\/11579\/revisions"}],"predecessor-version":[{"id":11586,"href":"https:\/\/cartagenaaldia.com\/index.php\/wp-json\/wp\/v2\/posts\/11579\/revisions\/11586"}],"wp:featuredmedia":[{"embeddable":true,"href":"https:\/\/cartagenaaldia.com\/index.php\/wp-json\/wp\/v2\/media\/11585"}],"wp:attachment":[{"href":"https:\/\/cartagenaaldia.com\/index.php\/wp-json\/wp\/v2\/media?parent=11579"}],"wp:term":[{"taxonomy":"category","embeddable":true,"href":"https:\/\/cartagenaaldia.com\/index.php\/wp-json\/wp\/v2\/categories?post=11579"},{"taxonomy":"post_tag","embeddable":true,"href":"https:\/\/cartagenaaldia.com\/index.php\/wp-json\/wp\/v2\/tags?post=11579"}],"curies":[{"name":"wp","href":"https:\/\/api.w.org\/{rel}","templated":true}]}}