{"id":11525,"date":"2025-11-05T19:38:04","date_gmt":"2025-11-06T00:38:04","guid":{"rendered":"https:\/\/cartagenaaldia.com\/?p=11525"},"modified":"2025-11-05T19:38:05","modified_gmt":"2025-11-06T00:38:05","slug":"cataneros-agradecen-al-gobernador-yamil-arana-por-impulsar-el-progreso-turistico-de-santa-catalina","status":"publish","type":"post","link":"https:\/\/cartagenaaldia.com\/index.php\/2025\/11\/05\/cataneros-agradecen-al-gobernador-yamil-arana-por-impulsar-el-progreso-turistico-de-santa-catalina\/","title":{"rendered":"Cataneros agradecen al gobernador Yamil Arana por impulsar el progreso tur\u00edstico de Santa Catalina"},"content":{"rendered":"\n<p><strong>El nuevo Parador Sostenible de Loma de Arena transformar\u00e1 el turismo con una inversi\u00f3n cercana a 20.000 millones<\/strong><\/p>\n\n\n\n<hr class=\"wp-block-separator has-alpha-channel-opacity\"\/>\n\n\n\n<p>Con emoci\u00f3n y esperanza, los <strong>habitantes del municipio de Santa Catalina<\/strong> expresaron su gratitud hacia el <strong>gobernador Yamil Arana Padau\u00ed<\/strong>, quien lidera una apuesta decisiva por la <strong>reactivaci\u00f3n econ\u00f3mica y tur\u00edstica<\/strong> del territorio. El anuncio se dio durante la <strong>colocaci\u00f3n de la primera piedra del Parador Sostenible Gastron\u00f3mico y Cultural de Loma de Arena<\/strong>, una obra con una <strong>inversi\u00f3n aproximada de 20.000 millones de pesos<\/strong> que promete transformar la regi\u00f3n.<\/p>\n\n\n\n<p>Durante el acto protocolario, el <strong>alcalde de Santa Catalina, Arnaldo Beltr\u00e1n<\/strong>, destac\u00f3 el compromiso del mandatario departamental al <strong>incluir al municipio en la agenda de desarrollo de Bol\u00edvar<\/strong>.<\/p>\n\n\n\n<p>\u201cCon este proyecto, el pa\u00eds entero sabr\u00e1 que el municipio de Santa Catalina existe, porque ya no ser\u00e1 un lugar de paso, sino un destino tur\u00edstico para quedarse. No nos cansamos de darle gracias a Dios por ponerle Santa Catalina en el coraz\u00f3n a nuestro gobernador Yamil Arana\u201d, expres\u00f3 el alcalde ante los asistentes.<\/p>\n\n\n\n<p>El <strong>Parador Sostenible Gastron\u00f3mico y Cultural de Loma de Arena<\/strong> es una iniciativa que integra <strong>sostenibilidad ambiental, inclusi\u00f3n social y fortalecimiento econ\u00f3mico<\/strong>, consolidando al municipio como un <strong>referente del turismo sostenible en el Caribe colombiano<\/strong>. Este proyecto cuenta con el respaldo de <strong>Surtigas y su Fundaci\u00f3n Promigas, la Fundaci\u00f3n Santo Domingo y Coca-Cola FEMSA Colombia<\/strong>, entidades que suman esfuerzos para generar desarrollo territorial con enfoque humano.<\/p>\n\n\n\n<p>La infraestructura del parador contar\u00e1 con <strong>zonas verdes, terrazas, locales comerciales, senderos ecol\u00f3gicos y espacios accesibles para todos<\/strong>, enmarcados en un dise\u00f1o moderno y sostenible. Adem\u00e1s, el proyecto permitir\u00e1 <strong>fortalecer 18 emprendimientos locales<\/strong> dedicados a la <strong>gastronom\u00eda y las artesan\u00edas<\/strong>, cuyos representantes recibir\u00e1n <strong>capacitaci\u00f3n t\u00e9cnica, formaci\u00f3n empresarial y acompa\u00f1amiento para mejorar su competitividad<\/strong>.<\/p>\n\n\n\n<p><strong>L\u00edderes comunitarios<\/strong> de Santa Catalina destacaron el impacto transformador de la iniciativa, asegurando que <strong>abre oportunidades reales para las familias locales<\/strong>.<\/p>\n\n\n\n<p>\u201cDurante a\u00f1os so\u00f1amos con que nuestro municipio tuviera un proyecto de esta magnitud. Hoy vemos c\u00f3mo ese sue\u00f1o comienza a hacerse realidad gracias a la gesti\u00f3n del gobernador Yamil Arana\u201d, manifestaron emocionados.<\/p>\n\n\n\n<p>Por su parte, el <strong>gobernador Yamil Arana<\/strong> reafirm\u00f3 su compromiso con el <strong>desarrollo integral de los municipios del norte de Bol\u00edvar<\/strong>, resaltando el valor simb\u00f3lico y econ\u00f3mico de la obra:<\/p>\n\n\n\n<p>\u201cEste proyecto representa esperanza, progreso y oportunidades reales para la gente. Nuestra meta es que Santa Catalina y Loma de Arena se consoliden como motores del turismo sostenible en el Caribe colombiano\u201d.<\/p>\n\n\n\n<p>Con el <strong>Parador Sostenible Gastron\u00f3mico y Cultural<\/strong>, el gobierno departamental <strong>fortalece la identidad cultural de la regi\u00f3n<\/strong>, promueve el empleo local y fomenta el <strong>emprendimiento femenino y juvenil<\/strong>, creando nuevas alternativas de ingresos y preservando las tradiciones que hacen de este territorio un destino \u00fanico.<\/p>\n\n\n\n<p>Adem\u00e1s, el proyecto <strong>impulsa la conservaci\u00f3n ambiental<\/strong> mediante pr\u00e1cticas sostenibles en el uso del agua, manejo de residuos y aprovechamiento responsable de recursos naturales, aline\u00e1ndose con los Objetivos de Desarrollo Sostenible (ODS) y las pol\u00edticas de turismo responsable promovidas por la Gobernaci\u00f3n de Bol\u00edvar.<\/p>\n\n\n\n<p>El <strong>Parador de Loma de Arena<\/strong> se consolida as\u00ed como una <strong>obra emblem\u00e1tica del gobierno de Yamil Arana<\/strong>, que no solo dinamiza la econom\u00eda local, sino que <strong>redefine el mapa tur\u00edstico de Bol\u00edvar<\/strong>, integrando desarrollo, cultura y sostenibilidad en una misma visi\u00f3n.<\/p>\n\n\n\n<p>En definitiva, <strong>Santa Catalina deja de ser un municipio de paso<\/strong> para convertirse en un <strong>destino para disfrutar, invertir y vivir experiencias aut\u00e9nticas<\/strong>, gracias a un liderazgo comprometido con el futuro y la dignidad de su gente.<\/p>\n","protected":false},"excerpt":{"rendered":"<p>Santa Catalina celebra el compromiso del gobernador Yamil Arana con el turismo sostenible. Con una inversi\u00f3n de 20.000 millones, el Parador Gastron\u00f3mico y Cultural de Loma de Arena impulsar\u00e1 el desarrollo econ\u00f3mico, la inclusi\u00f3n social y la identidad del norte de Bol\u00edvar<\/p>\n","protected":false},"author":2,"featured_media":11529,"comment_status":"closed","ping_status":"closed","sticky":false,"template":"","format":"standard","meta":{"om_disable_all_campaigns":false,"_monsterinsights_skip_tracking":false,"_monsterinsights_sitenote_active":false,"_monsterinsights_sitenote_note":"","_monsterinsights_sitenote_category":0,"footnotes":""},"categories":[110,102,105],"tags":[658,380,264],"class_list":["post-11525","post","type-post","status-publish","format-standard","has-post-thumbnail","hentry","category-bolivar","category-generales","category-politica","tag-alcaldia-santa-catalina","tag-gobernacion-bolivar","tag-yamil-arana"],"_links":{"self":[{"href":"https:\/\/cartagenaaldia.com\/index.php\/wp-json\/wp\/v2\/posts\/11525","targetHints":{"allow":["GET"]}}],"collection":[{"href":"https:\/\/cartagenaaldia.com\/index.php\/wp-json\/wp\/v2\/posts"}],"about":[{"href":"https:\/\/cartagenaaldia.com\/index.php\/wp-json\/wp\/v2\/types\/post"}],"author":[{"embeddable":true,"href":"https:\/\/cartagenaaldia.com\/index.php\/wp-json\/wp\/v2\/users\/2"}],"replies":[{"embeddable":true,"href":"https:\/\/cartagenaaldia.com\/index.php\/wp-json\/wp\/v2\/comments?post=11525"}],"version-history":[{"count":3,"href":"https:\/\/cartagenaaldia.com\/index.php\/wp-json\/wp\/v2\/posts\/11525\/revisions"}],"predecessor-version":[{"id":11528,"href":"https:\/\/cartagenaaldia.com\/index.php\/wp-json\/wp\/v2\/posts\/11525\/revisions\/11528"}],"wp:featuredmedia":[{"embeddable":true,"href":"https:\/\/cartagenaaldia.com\/index.php\/wp-json\/wp\/v2\/media\/11529"}],"wp:attachment":[{"href":"https:\/\/cartagenaaldia.com\/index.php\/wp-json\/wp\/v2\/media?parent=11525"}],"wp:term":[{"taxonomy":"category","embeddable":true,"href":"https:\/\/cartagenaaldia.com\/index.php\/wp-json\/wp\/v2\/categories?post=11525"},{"taxonomy":"post_tag","embeddable":true,"href":"https:\/\/cartagenaaldia.com\/index.php\/wp-json\/wp\/v2\/tags?post=11525"}],"curies":[{"name":"wp","href":"https:\/\/api.w.org\/{rel}","templated":true}]}}