{"id":11277,"date":"2025-10-14T13:04:23","date_gmt":"2025-10-14T18:04:23","guid":{"rendered":"https:\/\/cartagenaaldia.com\/?p=11277"},"modified":"2025-10-14T13:04:24","modified_gmt":"2025-10-14T18:04:24","slug":"caravana-del-terror-devela-falta-de-politica-publica-juvenil-en-cartagena-concejal-laura-diaz","status":"publish","type":"post","link":"https:\/\/cartagenaaldia.com\/index.php\/2025\/10\/14\/caravana-del-terror-devela-falta-de-politica-publica-juvenil-en-cartagena-concejal-laura-diaz\/","title":{"rendered":"&#8220;Caravana del Terror&#8221; devela falta de pol\u00edtica p\u00fablica juvenil en Cartagena, Concejal Laura D\u00edaz"},"content":{"rendered":"\n<hr class=\"wp-block-separator has-alpha-channel-opacity\"\/>\n\n\n\n<p><strong>La concejala del Partido Alianza Verde advierte sobre el preocupante descuido institucional hacia j\u00f3venes y ni\u00f1os en la ciudad<\/strong><\/p>\n\n\n\n<hr class=\"wp-block-separator has-alpha-channel-opacity\"\/>\n\n\n\n<p>La <strong>concejala Laura D\u00edaz<\/strong>, del <strong>Partido Alianza Verde<\/strong>, se pronunci\u00f3 frente a la reciente pol\u00e9mica por la <strong>prohibici\u00f3n de la \u201cCaravana del Terror\u201d<\/strong>, evento de motorizados programado para el pr\u00f3ximo 31 de octubre en Cartagena y vetado por el alcalde <strong>Dumek Turbay Paz<\/strong>.<\/p>\n\n\n\n<p>D\u00edaz considera que esta situaci\u00f3n <strong>refleja el abandono, la falta de control y cuidado hacia los j\u00f3venes<\/strong> por parte de la administraci\u00f3n local durante los \u00faltimos a\u00f1os. Seg\u00fan la concejala, la ausencia de <strong>pol\u00edticas p\u00fablicas efectivas<\/strong> y la <strong>escasa inversi\u00f3n en programas dirigidos a la ni\u00f1ez y la juventud<\/strong> son factores que han contribuido al deterioro del tejido social en la ciudad.<\/p>\n\n\n\n<blockquote class=\"wp-block-quote is-layout-flow wp-block-quote-is-layout-flow\">\n<p>\u201cLa falta de pol\u00edticas p\u00fablicas efectivas y la pobre inversi\u00f3n para atender los aspectos que impactan de manera negativa a nuestra ni\u00f1ez y a nuestra juventud es algo que se debe corregir desde el gobierno distrital y tambi\u00e9n desde las instituciones del Estado\u201d, afirm\u00f3 D\u00edaz.<\/p>\n<\/blockquote>\n\n\n\n<p>La cabildante a\u00f1adi\u00f3 que el problema tambi\u00e9n se relaciona con el <strong>desd\u00e9n de los gobiernos locales y nacionales<\/strong> al no implementar mecanismos de <strong>participaci\u00f3n ciudadana<\/strong> que en el pasado permitieron planear, actuar y vigilar de manera conjunta entre administraci\u00f3n y comunidad.<\/p>\n\n\n\n<p>D\u00edaz advirti\u00f3 que la p\u00e9rdida de estos espacios ha contribuido a <strong>debilitar la gobernanza territorial<\/strong>, dejando un terreno f\u00e9rtil para el <strong>crecimiento del caos, la violencia y la desesperanza<\/strong> en algunos sectores de la ciudad.<\/p>\n\n\n\n<p>En ese sentido, hizo un llamado a la <strong>administraci\u00f3n distrital<\/strong> para actuar con firmeza y sin titubeos frente a quienes promuevan actividades ilegales o que atenten contra la seguridad p\u00fablica. \u201cTodo aquel que temerariamente le rete invitando a violar la ley y las normas debe ser <strong>judicializado y sancionado ejemplarmente<\/strong>\u201d, enfatiz\u00f3.<\/p>\n\n\n\n<p>No obstante, D\u00edaz tambi\u00e9n plante\u00f3 la necesidad de <strong>escuchar a los j\u00f3venes<\/strong> y generar <strong>alternativas de esparcimiento seguras<\/strong>, que les permitan disfrutar de sus espacios sin afectar la convivencia ciudadana. Subray\u00f3 que el gobierno local debe asumir un rol activo y cercano con esta poblaci\u00f3n, <strong>atendiendo sus peticiones y ofreciendo oportunidades reales de integraci\u00f3n y desarrollo social<\/strong>.<\/p>\n\n\n\n<p>Con este llamado, la concejala busca que el Distrito adopte una visi\u00f3n m\u00e1s integral frente a la juventud cartagenera, donde la prevenci\u00f3n, la educaci\u00f3n y la participaci\u00f3n sean las principales herramientas para construir una ciudad m\u00e1s segura y con mayor sentido de pertenencia.<\/p>\n\n\n\n<p>El pronunciamiento de <strong>Laura D\u00edaz<\/strong> invita a reflexionar sobre la necesidad de <strong>reconstruir la relaci\u00f3n entre el Estado y la ciudadan\u00eda joven<\/strong>, fortaleciendo la confianza y promoviendo la participaci\u00f3n social. En su mensaje final, insisti\u00f3 en que <strong>solo con pol\u00edticas sostenidas y di\u00e1logo genuino se podr\u00e1 recuperar la esperanza y la seguridad en Cartagena.<\/strong><\/p>\n\n\n\n<div class=\"wp-block-media-text is-stacked-on-mobile is-vertically-aligned-center\"><figure  class=\"wp-block-media-text__media\"><img fetchpriority=\"high\" decoding=\"async\" width=\"1200\" height=\"750\" alt=\"\" src=\"https:\/\/cartagenaaldia.com\/wp-content\/uploads\/2025\/10\/Concejala-Laura-Diaz-Caravana-Terror.webp\" class=\"wp-image-11281 size-full\"><\/figure><div class=\"wp-block-media-text__content\">\n<p><strong>Concejala pide apoyo juvenil urgente.<\/strong> La concejala Laura D\u00edaz, del Partido Alianza Verde, advirti\u00f3 que la prohibici\u00f3n de la \u201cCaravana del Terror\u201d refleja el abandono hist\u00f3rico de la juventud cartagenera. Pidi\u00f3 pol\u00edticas p\u00fablicas efectivas y di\u00e1logo con los j\u00f3venes para evitar que la falta de espacios derive en violencia y p\u00e9rdida de gobernanza en la ciudad.<\/p>\n<\/div><\/div>\n","protected":false},"excerpt":{"rendered":"<p>Ante la pol\u00e9mica generada por la prohibici\u00f3n de la \u201cCaravana del Terror\u201d, la concejala Laura D\u00edaz, del Partido Alianza Verde, se\u00f1al\u00f3 que el problema radica en el abandono hist\u00f3rico de la juventud cartagenera. La l\u00edder pidi\u00f3 a la administraci\u00f3n local pol\u00edticas p\u00fablicas efectivas y espacios de di\u00e1logo ciudadano<\/p>\n","protected":false},"author":2,"featured_media":11281,"comment_status":"closed","ping_status":"closed","sticky":false,"template":"","format":"standard","meta":{"om_disable_all_campaigns":false,"_monsterinsights_skip_tracking":false,"_monsterinsights_sitenote_active":false,"_monsterinsights_sitenote_note":"","_monsterinsights_sitenote_category":0,"footnotes":""},"categories":[110,102,105],"tags":[587,845],"class_list":["post-11277","post","type-post","status-publish","format-standard","has-post-thumbnail","hentry","category-bolivar","category-generales","category-politica","tag-concejo-distrital-cartagena","tag-laura-diaz-casas"],"_links":{"self":[{"href":"https:\/\/cartagenaaldia.com\/index.php\/wp-json\/wp\/v2\/posts\/11277","targetHints":{"allow":["GET"]}}],"collection":[{"href":"https:\/\/cartagenaaldia.com\/index.php\/wp-json\/wp\/v2\/posts"}],"about":[{"href":"https:\/\/cartagenaaldia.com\/index.php\/wp-json\/wp\/v2\/types\/post"}],"author":[{"embeddable":true,"href":"https:\/\/cartagenaaldia.com\/index.php\/wp-json\/wp\/v2\/users\/2"}],"replies":[{"embeddable":true,"href":"https:\/\/cartagenaaldia.com\/index.php\/wp-json\/wp\/v2\/comments?post=11277"}],"version-history":[{"count":3,"href":"https:\/\/cartagenaaldia.com\/index.php\/wp-json\/wp\/v2\/posts\/11277\/revisions"}],"predecessor-version":[{"id":11280,"href":"https:\/\/cartagenaaldia.com\/index.php\/wp-json\/wp\/v2\/posts\/11277\/revisions\/11280"}],"wp:featuredmedia":[{"embeddable":true,"href":"https:\/\/cartagenaaldia.com\/index.php\/wp-json\/wp\/v2\/media\/11281"}],"wp:attachment":[{"href":"https:\/\/cartagenaaldia.com\/index.php\/wp-json\/wp\/v2\/media?parent=11277"}],"wp:term":[{"taxonomy":"category","embeddable":true,"href":"https:\/\/cartagenaaldia.com\/index.php\/wp-json\/wp\/v2\/categories?post=11277"},{"taxonomy":"post_tag","embeddable":true,"href":"https:\/\/cartagenaaldia.com\/index.php\/wp-json\/wp\/v2\/tags?post=11277"}],"curies":[{"name":"wp","href":"https:\/\/api.w.org\/{rel}","templated":true}]}}