{"id":10719,"date":"2025-08-30T23:29:29","date_gmt":"2025-08-31T04:29:29","guid":{"rendered":"https:\/\/cartagenaaldia.com\/?p=10719"},"modified":"2025-08-30T23:29:30","modified_gmt":"2025-08-31T04:29:30","slug":"feria-de-vivienda-tu-casa-ofrece-oportunidades-unicas-para-adquirir-vivienda-en-cartagena","status":"publish","type":"post","link":"https:\/\/cartagenaaldia.com\/index.php\/2025\/08\/30\/feria-de-vivienda-tu-casa-ofrece-oportunidades-unicas-para-adquirir-vivienda-en-cartagena\/","title":{"rendered":"Feria de Vivienda Tu Casa ofrece oportunidades \u00fanicas para adquirir vivienda en Cartagena"},"content":{"rendered":"\n<p><br><strong>Un evento innovador conecta a familias cartageneras con proyectos de vivienda formal y atractivas opciones inmobiliarias.<\/strong><\/p>\n\n\n\n<p>La <strong>Feria de Vivienda Tu Casa<\/strong>, organizada por <strong>Camacol Bol\u00edvar<\/strong>, se ha consolidado como el escenario m\u00e1s importante para que las familias cartageneras hagan realidad el sue\u00f1o de adquirir una vivienda propia. En su <strong>s\u00e9ptima edici\u00f3n<\/strong>, este evento re\u00fane durante tres d\u00edas consecutivos a m\u00e1s de once proyectos habitacionales en un solo espacio, ofreciendo alternativas para todos los presupuestos y estilos de vida.<\/p>\n\n\n\n<p>El encuentro, que inici\u00f3 el <strong>29 de agosto y se extender\u00e1 hasta el 31<\/strong>, se desarrolla en el <strong>Centro Comercial Gran Manzana<\/strong>, un punto estrat\u00e9gico de Cartagena que garantiza alta visibilidad y f\u00e1cil acceso para los asistentes. Con esta ubicaci\u00f3n privilegiada, la feria facilita que un mayor n\u00famero de familias pueda acercarse y conocer las oportunidades que ofrece el sector inmobiliario local.<\/p>\n\n\n\n<figure class=\"wp-block-image size-full\"><img fetchpriority=\"high\" decoding=\"async\" width=\"640\" height=\"565\" src=\"https:\/\/cartagenaaldia.com\/wp-content\/uploads\/2025\/08\/Camacol-Feria-Hogar-Banner.webp\" alt=\"\" class=\"wp-image-10723\"\/><\/figure>\n\n\n\n<p>Durante el evento, los visitantes tienen la posibilidad de <strong>explorar de primera mano una variada oferta de proyectos residenciales<\/strong>, adem\u00e1s de recibir asesor\u00eda personalizada por parte de las principales constructoras y firmas del sector. Entre las empresas participantes se encuentran <strong>Tu Casa Proyectos, Ingenal Arquitectura &amp; Construcci\u00f3n, Sotavento, Constructora Bol\u00edvar, Vivant Constructora, Constructora JH., Enfoque Constructores, Territorio M\u00edo (Angular Inmobiliario), Mej\u00eda Villegas Constructores, Amarilo, Marval, Nodos Gerencia y Construcci\u00f3n, Ascenso y Locale<\/strong>.<\/p>\n\n\n\n<p>Adem\u00e1s, el <strong>Fondo Nacional del Ahorro (FNA)<\/strong> acompa\u00f1a la feria con informaci\u00f3n clave sobre financiamiento y subsidios, un componente fundamental para que las familias puedan dar el paso hacia la adquisici\u00f3n de vivienda formal.<\/p>\n\n\n\n<figure class=\"wp-block-image size-large\"><img decoding=\"async\" width=\"1024\" height=\"682\" src=\"https:\/\/cartagenaaldia.com\/wp-content\/uploads\/2025\/08\/Camacol-Feria-Hogar-1-1024x682.webp\" alt=\"\" class=\"wp-image-10724\"\/><\/figure>\n\n\n\n<p>Seg\u00fan destac\u00f3 <strong>Irvin P\u00e9rez, gerente regional de Camacol Bol\u00edvar<\/strong>, \u201cLa Feria de Vivienda Tu Casa se ha consolidado como el escenario para conectar a las familias con oportunidades de acceso a vivienda formal. Este espacio conecta soluciones habitacionales y genera confianza en la inversi\u00f3n inmobiliaria. Invitamos a todas las familias a aprovechar esta oportunidad de conocer en un solo lugar las principales opciones para compra de vivienda, poder comparar, asesorarse y dar el paso hacia su hogar propio\u201d.<\/p>\n\n\n\n<p>Uno de los aspectos m\u00e1s valorados por los asistentes es que la feria no solo re\u00fane a constructoras de trayectoria, sino que tambi\u00e9n permite comparar distintas propuestas en t\u00e9rminos de ubicaci\u00f3n, precios, tama\u00f1os y beneficios adicionales. Esta din\u00e1mica convierte el evento en un espacio clave para <strong>tomar decisiones informadas<\/strong> en materia de vivienda.<\/p>\n\n\n\n<p>La entrada a la feria es completamente <strong>gratuita<\/strong>, y el evento permanecer\u00e1 abierto al p\u00fablico entre las <strong>11:00 de la ma\u00f1ana y las 7:00 de la noche<\/strong>, brindando un horario amplio para que los interesados puedan recorrer los diferentes stands, resolver dudas y recibir acompa\u00f1amiento especializado.<\/p>\n\n\n\n<figure class=\"wp-block-image size-large\"><img decoding=\"async\" width=\"1024\" height=\"682\" src=\"https:\/\/cartagenaaldia.com\/wp-content\/uploads\/2025\/08\/Camacol-Feria-Hogar-2-1024x682.webp\" alt=\"\" class=\"wp-image-10725\"\/><\/figure>\n\n\n\n<p>La Feria de Vivienda Tu Casa se convierte en mucho m\u00e1s que un evento: es un espacio de confianza, informaci\u00f3n y oportunidades concretas para quienes desean asegurar un hogar propio en Cartagena. Con una amplia oferta de proyectos, respaldo financiero y asesor\u00eda directa, esta edici\u00f3n reafirma que la ciudad avanza hacia un futuro con m\u00e1s familias beneficiadas por la vivienda formal.<\/p>\n\n\n\n<p>Con la s\u00e9ptima edici\u00f3n de esta feria, <strong>Camacol Bol\u00edvar ratifica su compromiso con la promoci\u00f3n de la vivienda formal<\/strong>, fomentando encuentros que favorecen tanto a los ciudadanos como al sector constructor y financiero. Este tipo de iniciativas no solo generan beneficios directos a las familias que buscan adquirir su casa propia, sino que tambi\u00e9n impulsan la econom\u00eda local y contribuyen al <strong>desarrollo integral de la regi\u00f3n Caribe<\/strong>.<\/p>\n\n\n\n<div class=\"wp-block-media-text is-stacked-on-mobile is-vertically-aligned-center\"><figure  class=\"wp-block-media-text__media\"><img loading=\"lazy\" decoding=\"async\" width=\"1200\" height=\"750\" alt=\"\" src=\"https:\/\/cartagenaaldia.com\/wp-content\/uploads\/2025\/08\/Camacol-Feria-Vivienda-Tu-Casa.webp\" class=\"wp-image-10722 size-full\"><\/figure><div class=\"wp-block-media-text__content\">\n<p>Gran feria de vivienda accesible en Cartagena. En Cartagena se realiza la s\u00e9ptima edici\u00f3n de la Feria de Vivienda Tu Casa, organizada por Camacol Bol\u00edvar. El evento re\u00fane m\u00e1s de once proyectos habitacionales en el Centro Comercial Gran Manzana, con asesor\u00eda directa y acceso a financiamiento. La feria es gratuita y estar\u00e1 abierta hasta el 31 de agosto.<\/p>\n<\/div><\/div>\n","protected":false},"excerpt":{"rendered":"<p>Un evento innovador conecta a familias cartageneras con proyectos de vivienda formal y atractivas opciones inmobiliarias.<\/p>\n","protected":false},"author":2,"featured_media":10722,"comment_status":"closed","ping_status":"closed","sticky":false,"template":"","format":"standard","meta":{"om_disable_all_campaigns":false,"_monsterinsights_skip_tracking":false,"_monsterinsights_sitenote_active":false,"_monsterinsights_sitenote_note":"","_monsterinsights_sitenote_category":0,"footnotes":""},"categories":[110,103,102],"tags":[214],"class_list":["post-10719","post","type-post","status-publish","format-standard","has-post-thumbnail","hentry","category-bolivar","category-economia","category-generales","tag-camacol-bolivar"],"_links":{"self":[{"href":"https:\/\/cartagenaaldia.com\/index.php\/wp-json\/wp\/v2\/posts\/10719","targetHints":{"allow":["GET"]}}],"collection":[{"href":"https:\/\/cartagenaaldia.com\/index.php\/wp-json\/wp\/v2\/posts"}],"about":[{"href":"https:\/\/cartagenaaldia.com\/index.php\/wp-json\/wp\/v2\/types\/post"}],"author":[{"embeddable":true,"href":"https:\/\/cartagenaaldia.com\/index.php\/wp-json\/wp\/v2\/users\/2"}],"replies":[{"embeddable":true,"href":"https:\/\/cartagenaaldia.com\/index.php\/wp-json\/wp\/v2\/comments?post=10719"}],"version-history":[{"count":3,"href":"https:\/\/cartagenaaldia.com\/index.php\/wp-json\/wp\/v2\/posts\/10719\/revisions"}],"predecessor-version":[{"id":10726,"href":"https:\/\/cartagenaaldia.com\/index.php\/wp-json\/wp\/v2\/posts\/10719\/revisions\/10726"}],"wp:featuredmedia":[{"embeddable":true,"href":"https:\/\/cartagenaaldia.com\/index.php\/wp-json\/wp\/v2\/media\/10722"}],"wp:attachment":[{"href":"https:\/\/cartagenaaldia.com\/index.php\/wp-json\/wp\/v2\/media?parent=10719"}],"wp:term":[{"taxonomy":"category","embeddable":true,"href":"https:\/\/cartagenaaldia.com\/index.php\/wp-json\/wp\/v2\/categories?post=10719"},{"taxonomy":"post_tag","embeddable":true,"href":"https:\/\/cartagenaaldia.com\/index.php\/wp-json\/wp\/v2\/tags?post=10719"}],"curies":[{"name":"wp","href":"https:\/\/api.w.org\/{rel}","templated":true}]}}