{"id":10615,"date":"2025-08-24T16:55:48","date_gmt":"2025-08-24T21:55:48","guid":{"rendered":"https:\/\/cartagenaaldia.com\/?p=10615"},"modified":"2025-08-24T16:59:48","modified_gmt":"2025-08-24T21:59:48","slug":"cemento-pais-promueve-salud-y-comunidad-en-jornada-deportiva-gold-runners-turbaco","status":"publish","type":"post","link":"https:\/\/cartagenaaldia.com\/index.php\/2025\/08\/24\/cemento-pais-promueve-salud-y-comunidad-en-jornada-deportiva-gold-runners-turbaco\/","title":{"rendered":"Cemento Pa\u00eds promueve salud y comunidad en jornada deportiva Gold Runners Turbaco"},"content":{"rendered":"\n<h2 class=\"wp-block-heading\">La empresa fortalece su compromiso social apoyando actividades saludables que integran comunidad y bienestar colectivo<\/h2>\n\n\n\n<p>La empresa <strong>Cemento Pa\u00eds se uni\u00f3 a la jornada de activaci\u00f3n del grupo \u201cGold Runners Turbaco\u201d<\/strong>, una iniciativa que reuni\u00f3 a decenas de participantes en un espacio cargado de energ\u00eda, salud y compromiso comunitario. La actividad concluy\u00f3 en la estaci\u00f3n de servicio Terpel de Aguas Vivas, en el municipio de Arjona, donde los asistentes celebraron el \u00e9xito de la jornada.<\/p>\n\n\n\n<p>Con esta participaci\u00f3n, <strong>Cemento Pa\u00eds reafirm\u00f3 su compromiso con la responsabilidad social y el bienestar<\/strong>, consolidando su apoyo a escenarios que promueven la actividad f\u00edsica y los estilos de vida saludables. Para la compa\u00f1\u00eda, estar presente en espacios de integraci\u00f3n no solo es un aporte al fortalecimiento del tejido social, sino tambi\u00e9n un reflejo de su filosof\u00eda empresarial.<\/p>\n\n\n\n<p>El <strong>gerente Comercial de Cemento Pa\u00eds, Carlos Espinosa Osorio<\/strong>, expres\u00f3 que <em>\u201cCemento Pa\u00eds se une a eventos que promueven la integraci\u00f3n y la salud. Estamos comprometidos con facilitar espacios seguros y apoyar iniciativas que beneficien a nuestra comunidad\u201d<\/em>. Sus palabras resaltan la importancia que la empresa otorga a la cercan\u00eda con la comunidad y a la construcci\u00f3n de confianza a trav\u00e9s de acciones concretas.<\/p>\n\n\n\n<p>El respaldo a actividades deportivas como esta representa un esfuerzo por generar <strong>bienestar integral entre los empleados, las familias y la sociedad en general<\/strong>. Cemento Pa\u00eds ha demostrado que su compromiso trasciende lo corporativo, buscando impactar de manera positiva en el entorno inmediato donde desarrolla sus operaciones.<\/p>\n\n\n\n<p>Asimismo, la presencia de la compa\u00f1\u00eda en la jornada <strong>contribuy\u00f3 a fortalecer la visibilidad de Turbaco y Arjona como territorios donde se fomentan la vida activa y el trabajo en equipo<\/strong>. La iniciativa de los \u201cGold Runners Turbaco\u201d se convirti\u00f3 en un ejemplo de c\u00f3mo el deporte puede ser un puente para la integraci\u00f3n social y empresarial.<\/p>\n\n\n\n<p><strong>En definitiva, Cemento Pa\u00eds contin\u00faa consolidando su liderazgo como empresa comprometida con la comunidad. Al participar en actividades que promueven la salud, la integraci\u00f3n y el bienestar, demuestra que su visi\u00f3n empresarial va m\u00e1s all\u00e1 del cemento y la construcci\u00f3n: se trata de edificar confianza, apoyar estilos de vida saludables y aportar al desarrollo de una sociedad m\u00e1s fuerte y cohesionada.<\/strong><\/p>\n\n\n\n<div class=\"wp-block-media-text is-stacked-on-mobile is-vertically-aligned-center\"><figure  class=\"wp-block-media-text__media\"><img fetchpriority=\"high\" decoding=\"async\" width=\"1200\" height=\"750\" alt=\"\" src=\"https:\/\/cartagenaaldia.com\/wp-content\/uploads\/2025\/08\/Destacada_20250824_164622_0000.webp\" class=\"wp-image-10618 size-full\"><\/figure><div class=\"wp-block-media-text__content\">\n<p><strong>Cemento Pa\u00eds impulsa saludable integraci\u00f3n comunitaria<\/strong><\/p>\n\n\n\n<p>En Turbaco, <strong>Cemento Pa\u00eds particip\u00f3 en la jornada de activaci\u00f3n \u201cGold Runners\u201d<\/strong>, un espacio donde primaron la salud, la energ\u00eda y el compromiso social. El evento concluy\u00f3 en Arjona, reafirmando el compromiso de la empresa con la comunidad y destacando la importancia de promover estilos de vida activos y saludables.<\/p>\n<\/div><\/div>\n\n\n\n<figure class=\"wp-block-gallery has-nested-images columns-default is-cropped wp-block-gallery-2 is-layout-flex wp-block-gallery-is-layout-flex\">\n<figure class=\"wp-block-image size-large\"><img decoding=\"async\" width=\"819\" height=\"1024\" data-id=\"10619\" src=\"https:\/\/cartagenaaldia.com\/wp-content\/uploads\/2025\/08\/IMG_6181-819x1024.webp\" alt=\"\" class=\"wp-image-10619\"\/><\/figure>\n\n\n\n<figure class=\"wp-block-image size-large\"><img decoding=\"async\" width=\"819\" height=\"1024\" data-id=\"10620\" src=\"https:\/\/cartagenaaldia.com\/wp-content\/uploads\/2025\/08\/IMG_6183-819x1024.webp\" alt=\"\" class=\"wp-image-10620\"\/><\/figure>\n\n\n\n<figure class=\"wp-block-image size-large\"><img loading=\"lazy\" decoding=\"async\" width=\"819\" height=\"1024\" data-id=\"10621\" src=\"https:\/\/cartagenaaldia.com\/wp-content\/uploads\/2025\/08\/IMG_6179-819x1024.webp\" alt=\"\" class=\"wp-image-10621\"\/><\/figure>\n\n\n\n<figure class=\"wp-block-image size-large\"><img loading=\"lazy\" decoding=\"async\" width=\"819\" height=\"1024\" data-id=\"10622\" src=\"https:\/\/cartagenaaldia.com\/wp-content\/uploads\/2025\/08\/IMG_6180-819x1024.webp\" alt=\"\" class=\"wp-image-10622\"\/><\/figure>\n<\/figure>\n","protected":false},"excerpt":{"rendered":"<p>La empresa fortalece su compromiso social apoyando actividades saludables que integran comunidad y bienestar colectivo<\/p>\n","protected":false},"author":2,"featured_media":10618,"comment_status":"closed","ping_status":"closed","sticky":false,"template":"","format":"standard","meta":{"om_disable_all_campaigns":false,"_monsterinsights_skip_tracking":false,"_monsterinsights_sitenote_active":false,"_monsterinsights_sitenote_note":"","_monsterinsights_sitenote_category":0,"footnotes":""},"categories":[110,103,102],"tags":[843,353],"class_list":["post-10615","post","type-post","status-publish","format-standard","has-post-thumbnail","hentry","category-bolivar","category-economia","category-generales","tag-carlos-espinosa","tag-cemento-pais"],"_links":{"self":[{"href":"https:\/\/cartagenaaldia.com\/index.php\/wp-json\/wp\/v2\/posts\/10615","targetHints":{"allow":["GET"]}}],"collection":[{"href":"https:\/\/cartagenaaldia.com\/index.php\/wp-json\/wp\/v2\/posts"}],"about":[{"href":"https:\/\/cartagenaaldia.com\/index.php\/wp-json\/wp\/v2\/types\/post"}],"author":[{"embeddable":true,"href":"https:\/\/cartagenaaldia.com\/index.php\/wp-json\/wp\/v2\/users\/2"}],"replies":[{"embeddable":true,"href":"https:\/\/cartagenaaldia.com\/index.php\/wp-json\/wp\/v2\/comments?post=10615"}],"version-history":[{"count":3,"href":"https:\/\/cartagenaaldia.com\/index.php\/wp-json\/wp\/v2\/posts\/10615\/revisions"}],"predecessor-version":[{"id":10624,"href":"https:\/\/cartagenaaldia.com\/index.php\/wp-json\/wp\/v2\/posts\/10615\/revisions\/10624"}],"wp:featuredmedia":[{"embeddable":true,"href":"https:\/\/cartagenaaldia.com\/index.php\/wp-json\/wp\/v2\/media\/10618"}],"wp:attachment":[{"href":"https:\/\/cartagenaaldia.com\/index.php\/wp-json\/wp\/v2\/media?parent=10615"}],"wp:term":[{"taxonomy":"category","embeddable":true,"href":"https:\/\/cartagenaaldia.com\/index.php\/wp-json\/wp\/v2\/categories?post=10615"},{"taxonomy":"post_tag","embeddable":true,"href":"https:\/\/cartagenaaldia.com\/index.php\/wp-json\/wp\/v2\/tags?post=10615"}],"curies":[{"name":"wp","href":"https:\/\/api.w.org\/{rel}","templated":true}]}}