{"id":10613,"date":"2025-08-25T18:16:34","date_gmt":"2025-08-25T23:16:34","guid":{"rendered":"https:\/\/cartagenaaldia.com\/?p=10613"},"modified":"2025-08-25T18:16:34","modified_gmt":"2025-08-25T23:16:34","slug":"productos-colombianos-que-construyen-pais-impulsan-consumo-consciente-y-fortalecen-identidad-nacional","status":"publish","type":"post","link":"https:\/\/cartagenaaldia.com\/index.php\/2025\/08\/25\/productos-colombianos-que-construyen-pais-impulsan-consumo-consciente-y-fortalecen-identidad-nacional\/","title":{"rendered":"Productos colombianos que construyen pa\u00eds impulsan consumo consciente y fortalecen identidad nacional"},"content":{"rendered":"\n<p><strong>Una innovadora estrategia gremial fortalece econom\u00eda agropecuaria, fomenta consumo consciente y promueve orgullo por productos nacionales<\/strong><\/p>\n\n\n\n<p>Los principales gremios del sector agropecuario colombiano <strong>presentaron la estrategia \u201cProductos Colombianos que Construyen Pa\u00eds\u201d<\/strong>, una plataforma colectiva que busca fortalecer el consumo consciente de productos nacionales y resaltar su impacto en la <strong>econom\u00eda, el empleo y la identidad cultural del pa\u00eds<\/strong>. Esta iniciativa busca que cada colombiano reconozca el valor de lo propio y prefiera los productos que se producen en el campo.<\/p>\n\n\n\n<p>La estrategia re\u00fane a <strong>Fedepalma, Porkcolombia, Fedepapa, Fenavi, Fedearroz, Fedepanela, Asoca\u00f1a, Fedeg\u00e1n, Asoleche, Adepan y la SAC<\/strong>, gremios que representan a miles de productores que d\u00eda a d\u00eda aportan al desarrollo de Colombia. Seg\u00fan sus voceros, <strong>el valor de lo colectivo se convierte en motor de transformaci\u00f3n<\/strong>, al unir esfuerzos para visibilizar a los trabajadores y familias que sostienen la cadena agropecuaria.<\/p>\n\n\n\n<p>Durante el lanzamiento, realizado en el Auditorio de Fedecaf\u00e9, los l\u00edderes gremiales expusieron los retos comunes que enfrenta el sector. En dos paneles tem\u00e1ticos se discuti\u00f3 el <strong>aporte de cada producto al desarrollo econ\u00f3mico del pa\u00eds<\/strong>, la importancia de la seguridad alimentaria y los compromisos de sostenibilidad frente al consumidor colombiano.<\/p>\n\n\n\n<p>Uno de los ejes m\u00e1s innovadores de esta alianza es el recetario <strong>\u201cProductos Colombianos que Construyen Pa\u00eds\u201d<\/strong>, el cual re\u00fane preparaciones elaboradas exclusivamente con ingredientes nacionales. Esta herramienta busca conectar a los colombianos con sus <strong>ra\u00edces gastron\u00f3micas<\/strong> y resaltar los territorios que hacen posible cada plato, reconociendo el trabajo detr\u00e1s de cada alimento que llega a la mesa.<\/p>\n\n\n\n<p>Adem\u00e1s, la alianza desplegar\u00e1 <strong>activaciones en diferentes ciudades y regiones<\/strong>, ferias, ruedas de negocios, campa\u00f1as digitales y estrategias de co-marketing que permitir\u00e1n fortalecer el v\u00ednculo entre la industria nacional y los consumidores. La meta es que los colombianos identifiquen claramente el valor agregado de consumir lo propio y el impacto positivo que esto tiene en la generaci\u00f3n de empleo, la sostenibilidad y el crecimiento de las comunidades rurales.<\/p>\n\n\n\n<p>Los voceros fueron enf\u00e1ticos en se\u00f1alar que <strong>\u201cesta estrategia es una invitaci\u00f3n a construir pa\u00eds desde lo que somos y lo que producimos\u201d<\/strong>, resaltando que detr\u00e1s de cada producto nacional hay familias, territorios y tradiciones que representan la esencia del pa\u00eds.<\/p>\n\n\n\n<p><strong>En conclusi\u00f3n, \u201cProductos Colombianos que Construyen Pa\u00eds\u201d no solo impulsa la econom\u00eda, sino que tambi\u00e9n fortalece la identidad cultural, fomenta el orgullo nacional y crea una conexi\u00f3n m\u00e1s consciente entre consumidores y productores. Esta plataforma se consolida como un ejemplo de uni\u00f3n gremial que busca transformar la manera en que los colombianos valoran y consumen lo propio.<\/strong><\/p>\n\n\n\n<div class=\"wp-block-media-text is-stacked-on-mobile is-vertically-aligned-center\"><figure  class=\"wp-block-media-text__media\"><img fetchpriority=\"high\" decoding=\"async\" width=\"1200\" height=\"750\" alt=\"\" src=\"https:\/\/cartagenaaldia.com\/wp-content\/uploads\/2025\/08\/Productos-que-Construyen-Pais.webp\" class=\"wp-image-10639 size-full\"><\/figure><div class=\"wp-block-media-text__content\">\n<p><strong>Gremios agropecuarios lanzan innovadora estrategia<\/strong><\/p>\n\n\n\n<p>Los gremios del sector agropecuario presentaron la estrategia <strong>\u201cProductos Colombianos que Construyen Pa\u00eds\u201d<\/strong>, una plataforma colectiva que promueve el consumo consciente de lo nacional. La iniciativa busca fortalecer la econom\u00eda, generar empleo y conectar a los colombianos con sus ra\u00edces culturales a trav\u00e9s de recetas, ferias y campa\u00f1as en todo el pa\u00eds.<\/p>\n<\/div><\/div>\n\n\n\n<p><\/p>\n","protected":false},"excerpt":{"rendered":"<p>Una innovadora estrategia gremial fortalece econom\u00eda agropecuaria, fomenta consumo consciente y promueve orgullo por productos nacionales<\/p>\n","protected":false},"author":2,"featured_media":10639,"comment_status":"closed","ping_status":"closed","sticky":false,"template":"","format":"standard","meta":{"om_disable_all_campaigns":false,"_monsterinsights_skip_tracking":false,"_monsterinsights_sitenote_active":false,"_monsterinsights_sitenote_note":"","_monsterinsights_sitenote_category":0,"footnotes":""},"categories":[115,103,102],"tags":[879,877,878,452,407,126,876,874,875,873,880],"class_list":["post-10613","post","type-post","status-publish","format-standard","has-post-thumbnail","hentry","category-colombia","category-economia","category-generales","tag-adepan","tag-asocana","tag-asoleche","tag-fedearroz","tag-fedegan","tag-fedepalma","tag-fedepanela","tag-fedepapa","tag-fenavi","tag-porkcolombia","tag-sac"],"_links":{"self":[{"href":"https:\/\/cartagenaaldia.com\/index.php\/wp-json\/wp\/v2\/posts\/10613","targetHints":{"allow":["GET"]}}],"collection":[{"href":"https:\/\/cartagenaaldia.com\/index.php\/wp-json\/wp\/v2\/posts"}],"about":[{"href":"https:\/\/cartagenaaldia.com\/index.php\/wp-json\/wp\/v2\/types\/post"}],"author":[{"embeddable":true,"href":"https:\/\/cartagenaaldia.com\/index.php\/wp-json\/wp\/v2\/users\/2"}],"replies":[{"embeddable":true,"href":"https:\/\/cartagenaaldia.com\/index.php\/wp-json\/wp\/v2\/comments?post=10613"}],"version-history":[{"count":2,"href":"https:\/\/cartagenaaldia.com\/index.php\/wp-json\/wp\/v2\/posts\/10613\/revisions"}],"predecessor-version":[{"id":10638,"href":"https:\/\/cartagenaaldia.com\/index.php\/wp-json\/wp\/v2\/posts\/10613\/revisions\/10638"}],"wp:featuredmedia":[{"embeddable":true,"href":"https:\/\/cartagenaaldia.com\/index.php\/wp-json\/wp\/v2\/media\/10639"}],"wp:attachment":[{"href":"https:\/\/cartagenaaldia.com\/index.php\/wp-json\/wp\/v2\/media?parent=10613"}],"wp:term":[{"taxonomy":"category","embeddable":true,"href":"https:\/\/cartagenaaldia.com\/index.php\/wp-json\/wp\/v2\/categories?post=10613"},{"taxonomy":"post_tag","embeddable":true,"href":"https:\/\/cartagenaaldia.com\/index.php\/wp-json\/wp\/v2\/tags?post=10613"}],"curies":[{"name":"wp","href":"https:\/\/api.w.org\/{rel}","templated":true}]}}